{"id":13935,"date":"2020-11-26T12:47:20","date_gmt":"2020-11-26T11:47:20","guid":{"rendered":"https:\/\/institutfrancais.sk\/?p=13935"},"modified":"2020-11-26T12:47:35","modified_gmt":"2020-11-26T11:47:35","slug":"jour-du-professeur-de-francais-2020","status":"publish","type":"post","link":"https:\/\/institutfrancais.sk\/fr\/jour-du-professeur-de-francais-2020\/","title":{"rendered":"Le 26 novembre, c&rsquo;est le jour du professeur de fran\u00e7ais"},"content":{"rendered":"\n<h2 class=\"wp-block-heading\">Challenge \u00ab\u00a0Mon mot pr\u00e9f\u00e9r\u00e9\u00a0\u00bb<\/h2>\n\n\n<div class=\"space sm\"><\/div>\n\n\n<figure class=\"wp-block-gallery columns-3 is-cropped wp-block-gallery-1 is-layout-flex wp-block-gallery-is-layout-flex\"><ul class=\"blocks-gallery-grid\"><li class=\"blocks-gallery-item\"><figure><img loading=\"lazy\" decoding=\"async\" width=\"1024\" height=\"1024\" src=\"https:\/\/institutfrancais.sk\/wp-content\/uploads\/2020\/11\/Visuals-Jour-du-Prof_4-1024x1024.jpg\" alt=\"\" data-id=\"13938\" data-full-url=\"https:\/\/institutfrancais.sk\/wp-content\/uploads\/2020\/11\/Visuals-Jour-du-Prof_4.jpg\" data-link=\"https:\/\/institutfrancais.sk\/fr\/?attachment_id=13938\" class=\"wp-image-13938\" srcset=\"https:\/\/institutfrancais.sk\/wp-content\/uploads\/2020\/11\/Visuals-Jour-du-Prof_4-1024x1024.jpg 1024w, https:\/\/institutfrancais.sk\/wp-content\/uploads\/2020\/11\/Visuals-Jour-du-Prof_4-300x300.jpg 300w, https:\/\/institutfrancais.sk\/wp-content\/uploads\/2020\/11\/Visuals-Jour-du-Prof_4-150x150.jpg 150w, https:\/\/institutfrancais.sk\/wp-content\/uploads\/2020\/11\/Visuals-Jour-du-Prof_4-768x768.jpg 768w, https:\/\/institutfrancais.sk\/wp-content\/uploads\/2020\/11\/Visuals-Jour-du-Prof_4-1000x1000.jpg 1000w, https:\/\/institutfrancais.sk\/wp-content\/uploads\/2020\/11\/Visuals-Jour-du-Prof_4.jpg 1080w\" sizes=\"(max-width: 1024px) 100vw, 1024px\" \/><\/figure><\/li><li class=\"blocks-gallery-item\"><figure><img loading=\"lazy\" decoding=\"async\" width=\"1024\" height=\"1024\" src=\"https:\/\/institutfrancais.sk\/wp-content\/uploads\/2020\/11\/Visuals-Jour-du-Prof_5-1024x1024.jpg\" alt=\"\" data-id=\"13940\" data-full-url=\"https:\/\/institutfrancais.sk\/wp-content\/uploads\/2020\/11\/Visuals-Jour-du-Prof_5.jpg\" data-link=\"https:\/\/institutfrancais.sk\/fr\/?attachment_id=13940\" class=\"wp-image-13940\" srcset=\"https:\/\/institutfrancais.sk\/wp-content\/uploads\/2020\/11\/Visuals-Jour-du-Prof_5-1024x1024.jpg 1024w, https:\/\/institutfrancais.sk\/wp-content\/uploads\/2020\/11\/Visuals-Jour-du-Prof_5-300x300.jpg 300w, https:\/\/institutfrancais.sk\/wp-content\/uploads\/2020\/11\/Visuals-Jour-du-Prof_5-150x150.jpg 150w, https:\/\/institutfrancais.sk\/wp-content\/uploads\/2020\/11\/Visuals-Jour-du-Prof_5-768x768.jpg 768w, https:\/\/institutfrancais.sk\/wp-content\/uploads\/2020\/11\/Visuals-Jour-du-Prof_5-1000x1000.jpg 1000w, https:\/\/institutfrancais.sk\/wp-content\/uploads\/2020\/11\/Visuals-Jour-du-Prof_5.jpg 1080w\" sizes=\"(max-width: 1024px) 100vw, 1024px\" \/><\/figure><\/li><li class=\"blocks-gallery-item\"><figure><img loading=\"lazy\" decoding=\"async\" width=\"1024\" height=\"1024\" src=\"https:\/\/institutfrancais.sk\/wp-content\/uploads\/2020\/11\/Visuals-Jour-du-Prof_7-1024x1024.jpg\" alt=\"\" data-id=\"13944\" data-full-url=\"https:\/\/institutfrancais.sk\/wp-content\/uploads\/2020\/11\/Visuals-Jour-du-Prof_7.jpg\" data-link=\"https:\/\/institutfrancais.sk\/fr\/?attachment_id=13944\" class=\"wp-image-13944\" srcset=\"https:\/\/institutfrancais.sk\/wp-content\/uploads\/2020\/11\/Visuals-Jour-du-Prof_7-1024x1024.jpg 1024w, https:\/\/institutfrancais.sk\/wp-content\/uploads\/2020\/11\/Visuals-Jour-du-Prof_7-300x300.jpg 300w, https:\/\/institutfrancais.sk\/wp-content\/uploads\/2020\/11\/Visuals-Jour-du-Prof_7-150x150.jpg 150w, https:\/\/institutfrancais.sk\/wp-content\/uploads\/2020\/11\/Visuals-Jour-du-Prof_7-768x768.jpg 768w, https:\/\/institutfrancais.sk\/wp-content\/uploads\/2020\/11\/Visuals-Jour-du-Prof_7-1000x1000.jpg 1000w, https:\/\/institutfrancais.sk\/wp-content\/uploads\/2020\/11\/Visuals-Jour-du-Prof_7.jpg 1080w\" sizes=\"(max-width: 1024px) 100vw, 1024px\" \/><\/figure><\/li><li class=\"blocks-gallery-item\"><figure><img loading=\"lazy\" decoding=\"async\" width=\"1024\" height=\"1024\" src=\"https:\/\/institutfrancais.sk\/wp-content\/uploads\/2020\/11\/Visuals-Jour-du-Prof_6-1024x1024.jpg\" alt=\"\" data-id=\"13942\" data-full-url=\"https:\/\/institutfrancais.sk\/wp-content\/uploads\/2020\/11\/Visuals-Jour-du-Prof_6.jpg\" data-link=\"https:\/\/institutfrancais.sk\/fr\/?attachment_id=13942\" class=\"wp-image-13942\" srcset=\"https:\/\/institutfrancais.sk\/wp-content\/uploads\/2020\/11\/Visuals-Jour-du-Prof_6-1024x1024.jpg 1024w, https:\/\/institutfrancais.sk\/wp-content\/uploads\/2020\/11\/Visuals-Jour-du-Prof_6-300x300.jpg 300w, https:\/\/institutfrancais.sk\/wp-content\/uploads\/2020\/11\/Visuals-Jour-du-Prof_6-150x150.jpg 150w, https:\/\/institutfrancais.sk\/wp-content\/uploads\/2020\/11\/Visuals-Jour-du-Prof_6-768x768.jpg 768w, https:\/\/institutfrancais.sk\/wp-content\/uploads\/2020\/11\/Visuals-Jour-du-Prof_6-1000x1000.jpg 1000w, https:\/\/institutfrancais.sk\/wp-content\/uploads\/2020\/11\/Visuals-Jour-du-Prof_6.jpg 1080w\" sizes=\"(max-width: 1024px) 100vw, 1024px\" \/><\/figure><\/li><li class=\"blocks-gallery-item\"><figure><img loading=\"lazy\" decoding=\"async\" width=\"1024\" height=\"1024\" src=\"https:\/\/institutfrancais.sk\/wp-content\/uploads\/2020\/11\/Visuals-Jour-du-Prof_8-1024x1024.jpg\" alt=\"\" data-id=\"13946\" data-full-url=\"https:\/\/institutfrancais.sk\/wp-content\/uploads\/2020\/11\/Visuals-Jour-du-Prof_8.jpg\" data-link=\"https:\/\/institutfrancais.sk\/fr\/?attachment_id=13946\" class=\"wp-image-13946\" srcset=\"https:\/\/institutfrancais.sk\/wp-content\/uploads\/2020\/11\/Visuals-Jour-du-Prof_8-1024x1024.jpg 1024w, https:\/\/institutfrancais.sk\/wp-content\/uploads\/2020\/11\/Visuals-Jour-du-Prof_8-300x300.jpg 300w, https:\/\/institutfrancais.sk\/wp-content\/uploads\/2020\/11\/Visuals-Jour-du-Prof_8-150x150.jpg 150w, https:\/\/institutfrancais.sk\/wp-content\/uploads\/2020\/11\/Visuals-Jour-du-Prof_8-768x768.jpg 768w, https:\/\/institutfrancais.sk\/wp-content\/uploads\/2020\/11\/Visuals-Jour-du-Prof_8-1000x1000.jpg 1000w, https:\/\/institutfrancais.sk\/wp-content\/uploads\/2020\/11\/Visuals-Jour-du-Prof_8.jpg 1080w\" sizes=\"(max-width: 1024px) 100vw, 1024px\" \/><\/figure><\/li><li class=\"blocks-gallery-item\"><figure><img loading=\"lazy\" decoding=\"async\" width=\"1024\" height=\"1024\" src=\"https:\/\/institutfrancais.sk\/wp-content\/uploads\/2020\/11\/Visuals-Jour-du-Prof_9-1024x1024.jpg\" alt=\"\" data-id=\"13948\" data-full-url=\"https:\/\/institutfrancais.sk\/wp-content\/uploads\/2020\/11\/Visuals-Jour-du-Prof_9.jpg\" data-link=\"https:\/\/institutfrancais.sk\/fr\/?attachment_id=13948\" class=\"wp-image-13948\" srcset=\"https:\/\/institutfrancais.sk\/wp-content\/uploads\/2020\/11\/Visuals-Jour-du-Prof_9-1024x1024.jpg 1024w, https:\/\/institutfrancais.sk\/wp-content\/uploads\/2020\/11\/Visuals-Jour-du-Prof_9-300x300.jpg 300w, https:\/\/institutfrancais.sk\/wp-content\/uploads\/2020\/11\/Visuals-Jour-du-Prof_9-150x150.jpg 150w, https:\/\/institutfrancais.sk\/wp-content\/uploads\/2020\/11\/Visuals-Jour-du-Prof_9-768x768.jpg 768w, https:\/\/institutfrancais.sk\/wp-content\/uploads\/2020\/11\/Visuals-Jour-du-Prof_9-1000x1000.jpg 1000w, https:\/\/institutfrancais.sk\/wp-content\/uploads\/2020\/11\/Visuals-Jour-du-Prof_9.jpg 1080w\" sizes=\"(max-width: 1024px) 100vw, 1024px\" \/><\/figure><\/li><\/ul><\/figure>\n\n\n<div class=\"space sm\"><\/div>\n\n<div class=\"text-center\"><a href=\"https:\/\/www.facebook.com\/media\/set\/?set=a.3489863557766404&#038;type=3 \" class=\"btn btn-white-invert\" target=\"blank\" rel=\"noreferrer noopener\">Album Facebook<\/a><\/div>\n\n<div class=\"space sm\"><\/div>\n\n\n<h2 class=\"wp-block-heading\">T\u00e9moignages : Ce que m\u2019a apport\u00e9 un.e professeur.e de fran\u00e7ais<\/h2>\n\n\n\n<figure class=\"wp-block-embed-youtube wp-block-embed is-type-video is-provider-youtube wp-embed-aspect-16-9 wp-has-aspect-ratio\"><div class=\"wp-block-embed__wrapper\">\n<iframe loading=\"lazy\" title=\"Jour du prof de fran\u00e7ais 2020 [t\u00e9moignages #1]\" width=\"500\" height=\"281\" src=\"https:\/\/www.youtube.com\/embed\/3MOdXPu5o0Y?start=1&#038;feature=oembed\" frameborder=\"0\" allow=\"accelerometer; autoplay; clipboard-write; encrypted-media; gyroscope; picture-in-picture; web-share\" referrerpolicy=\"strict-origin-when-cross-origin\" allowfullscreen><\/iframe>\n<\/div><\/figure>\n\n\n\n<figure class=\"wp-block-embed-youtube wp-block-embed is-type-video is-provider-youtube wp-embed-aspect-16-9 wp-has-aspect-ratio\"><div class=\"wp-block-embed__wrapper\">\n<iframe loading=\"lazy\" title=\"Jour du prof de fran\u00e7ais 2020 [t\u00e9moignages #2]\" width=\"500\" height=\"281\" src=\"https:\/\/www.youtube.com\/embed\/E7Ite0jRfi8?start=3&#038;feature=oembed\" frameborder=\"0\" allow=\"accelerometer; autoplay; clipboard-write; encrypted-media; gyroscope; picture-in-picture; web-share\" referrerpolicy=\"strict-origin-when-cross-origin\" allowfullscreen><\/iframe>\n<\/div><\/figure>\n\n\n\n<figure class=\"wp-block-embed-youtube wp-block-embed is-type-video is-provider-youtube wp-embed-aspect-16-9 wp-has-aspect-ratio\"><div class=\"wp-block-embed__wrapper\">\n<iframe loading=\"lazy\" title=\"Jour du prof de fran\u00e7ais 2020 [t\u00e9moignages #3]\" width=\"500\" height=\"281\" src=\"https:\/\/www.youtube.com\/embed\/2ZpNqg2wEpY?feature=oembed\" frameborder=\"0\" allow=\"accelerometer; autoplay; clipboard-write; encrypted-media; gyroscope; picture-in-picture; web-share\" referrerpolicy=\"strict-origin-when-cross-origin\" allowfullscreen><\/iframe>\n<\/div><\/figure>\n\n\n<div class=\"space sm\"><\/div>\n\n\n<h2 class=\"wp-block-heading\">Suivez le hashtag #jourduprof<\/h2>\n\n\n<div class=\"space sm\"><\/div>\n\n\n<h2 class=\"wp-block-heading\">Partenaires<\/h2>\n\n\n\n<div class=\"wp-block-image\"><figure class=\"alignleft size-large is-resized\"><img loading=\"lazy\" decoding=\"async\" src=\"https:\/\/institutfrancais.sk\/wp-content\/uploads\/2020\/10\/LaFIPFReduit_0-1024x542.jpeg\" alt=\"\" class=\"wp-image-13489\" width=\"256\" height=\"136\" srcset=\"https:\/\/institutfrancais.sk\/wp-content\/uploads\/2020\/10\/LaFIPFReduit_0-1024x542.jpeg 1024w, https:\/\/institutfrancais.sk\/wp-content\/uploads\/2020\/10\/LaFIPFReduit_0-300x159.jpeg 300w, https:\/\/institutfrancais.sk\/wp-content\/uploads\/2020\/10\/LaFIPFReduit_0-768x407.jpeg 768w, https:\/\/institutfrancais.sk\/wp-content\/uploads\/2020\/10\/LaFIPFReduit_0.jpeg 1178w\" sizes=\"(max-width: 256px) 100vw, 256px\" \/><\/figure><\/div>\n","protected":false},"excerpt":{"rendered":"<p>Challenge \u00ab\u00a0Mon mot pr\u00e9f\u00e9r\u00e9\u00a0\u00bb T\u00e9moignages : Ce que m\u2019a apport\u00e9 un.e professeur.e de fran\u00e7ais Suivez le hashtag #jourduprof Partenaires<\/p>\n","protected":false},"author":14,"featured_media":13936,"comment_status":"closed","ping_status":"closed","sticky":false,"template":"","format":"standard","meta":{"_acf_changed":false,"footnotes":""},"categories":[83,85],"tags":[],"acf":[],"yoast_head":"<!-- This site is optimized with the Yoast SEO plugin v24.5 - https:\/\/yoast.com\/wordpress\/plugins\/seo\/ -->\n<title>Le 26 novembre, c&#039;est le jour du professeur de fran\u00e7ais - Franc\u00fazsky in\u0161tit\u00fat na Slovensku<\/title>\n<meta name=\"robots\" content=\"index, follow, max-snippet:-1, max-image-preview:large, max-video-preview:-1\" \/>\n<link rel=\"canonical\" href=\"https:\/\/institutfrancais.sk\/fr\/jour-du-professeur-de-francais-2020\/\" \/>\n<meta property=\"og:locale\" content=\"fr_FR\" \/>\n<meta property=\"og:type\" content=\"article\" \/>\n<meta property=\"og:title\" content=\"Le 26 novembre, c&#039;est le jour du professeur de fran\u00e7ais - Franc\u00fazsky in\u0161tit\u00fat na Slovensku\" \/>\n<meta property=\"og:description\" content=\"Challenge \u00ab\u00a0Mon mot pr\u00e9f\u00e9r\u00e9\u00a0\u00bb T\u00e9moignages : Ce que m\u2019a apport\u00e9 un.e professeur.e de fran\u00e7ais Suivez le hashtag #jourduprof Partenaires\" \/>\n<meta property=\"og:url\" content=\"https:\/\/institutfrancais.sk\/fr\/jour-du-professeur-de-francais-2020\/\" \/>\n<meta property=\"og:site_name\" content=\"Franc\u00fazsky in\u0161tit\u00fat na Slovensku\" \/>\n<meta property=\"article:published_time\" content=\"2020-11-26T11:47:20+00:00\" \/>\n<meta property=\"article:modified_time\" content=\"2020-11-26T11:47:35+00:00\" \/>\n<meta property=\"og:image\" content=\"https:\/\/institutfrancais.sk\/wp-content\/uploads\/2020\/11\/velka-mozaika-scaled.jpg\" \/>\n\t<meta property=\"og:image:width\" content=\"2560\" \/>\n\t<meta property=\"og:image:height\" content=\"1440\" \/>\n\t<meta property=\"og:image:type\" content=\"image\/jpeg\" \/>\n<meta name=\"author\" content=\"Silvia Litva Polak\" \/>\n<meta name=\"twitter:card\" content=\"summary_large_image\" \/>\n<meta name=\"twitter:label1\" content=\"\u00c9crit par\" \/>\n\t<meta name=\"twitter:data1\" content=\"Silvia Litva Polak\" \/>\n<script type=\"application\/ld+json\" class=\"yoast-schema-graph\">{\"@context\":\"https:\/\/schema.org\",\"@graph\":[{\"@type\":\"WebPage\",\"@id\":\"https:\/\/institutfrancais.sk\/fr\/jour-du-professeur-de-francais-2020\/\",\"url\":\"https:\/\/institutfrancais.sk\/fr\/jour-du-professeur-de-francais-2020\/\",\"name\":\"Le 26 novembre, c'est le jour du professeur de fran\u00e7ais - Franc\u00fazsky in\u0161tit\u00fat na Slovensku\",\"isPartOf\":{\"@id\":\"https:\/\/institutfrancais.sk\/fr\/#website\"},\"primaryImageOfPage\":{\"@id\":\"https:\/\/institutfrancais.sk\/fr\/jour-du-professeur-de-francais-2020\/#primaryimage\"},\"image\":{\"@id\":\"https:\/\/institutfrancais.sk\/fr\/jour-du-professeur-de-francais-2020\/#primaryimage\"},\"thumbnailUrl\":\"https:\/\/institutfrancais.sk\/wp-content\/uploads\/2020\/11\/velka-mozaika-scaled.jpg\",\"datePublished\":\"2020-11-26T11:47:20+00:00\",\"dateModified\":\"2020-11-26T11:47:35+00:00\",\"author\":{\"@id\":\"https:\/\/institutfrancais.sk\/fr\/#\/schema\/person\/38abf1b8c029535fe5735e69e3aa8ad8\"},\"breadcrumb\":{\"@id\":\"https:\/\/institutfrancais.sk\/fr\/jour-du-professeur-de-francais-2020\/#breadcrumb\"},\"inLanguage\":\"fr-FR\",\"potentialAction\":[{\"@type\":\"ReadAction\",\"target\":[\"https:\/\/institutfrancais.sk\/fr\/jour-du-professeur-de-francais-2020\/\"]}]},{\"@type\":\"ImageObject\",\"inLanguage\":\"fr-FR\",\"@id\":\"https:\/\/institutfrancais.sk\/fr\/jour-du-professeur-de-francais-2020\/#primaryimage\",\"url\":\"https:\/\/institutfrancais.sk\/wp-content\/uploads\/2020\/11\/velka-mozaika-scaled.jpg\",\"contentUrl\":\"https:\/\/institutfrancais.sk\/wp-content\/uploads\/2020\/11\/velka-mozaika-scaled.jpg\",\"width\":2560,\"height\":1440},{\"@type\":\"BreadcrumbList\",\"@id\":\"https:\/\/institutfrancais.sk\/fr\/jour-du-professeur-de-francais-2020\/#breadcrumb\",\"itemListElement\":[{\"@type\":\"ListItem\",\"position\":1,\"name\":\"Home\",\"item\":\"https:\/\/institutfrancais.sk\/fr\/\"},{\"@type\":\"ListItem\",\"position\":2,\"name\":\"Le 26 novembre, c&rsquo;est le jour du professeur de fran\u00e7ais\"}]},{\"@type\":\"WebSite\",\"@id\":\"https:\/\/institutfrancais.sk\/fr\/#website\",\"url\":\"https:\/\/institutfrancais.sk\/fr\/\",\"name\":\"Franc\u00fazsky in\u0161tit\u00fat na Slovensku\",\"description\":\"Franc\u00fazsky in\u0161tit\u00fat na Slovensku\",\"potentialAction\":[{\"@type\":\"SearchAction\",\"target\":{\"@type\":\"EntryPoint\",\"urlTemplate\":\"https:\/\/institutfrancais.sk\/fr\/?s={search_term_string}\"},\"query-input\":{\"@type\":\"PropertyValueSpecification\",\"valueRequired\":true,\"valueName\":\"search_term_string\"}}],\"inLanguage\":\"fr-FR\"},{\"@type\":\"Person\",\"@id\":\"https:\/\/institutfrancais.sk\/fr\/#\/schema\/person\/38abf1b8c029535fe5735e69e3aa8ad8\",\"name\":\"Silvia Litva Polak\",\"sameAs\":[\"http:\/\/www.institutfrancais.sk\"],\"url\":\"https:\/\/institutfrancais.sk\/fr\/author\/silvia\/\"}]}<\/script>\n<!-- \/ Yoast SEO plugin. -->","yoast_head_json":{"title":"Le 26 novembre, c'est le jour du professeur de fran\u00e7ais - Franc\u00fazsky in\u0161tit\u00fat na Slovensku","robots":{"index":"index","follow":"follow","max-snippet":"max-snippet:-1","max-image-preview":"max-image-preview:large","max-video-preview":"max-video-preview:-1"},"canonical":"https:\/\/institutfrancais.sk\/fr\/jour-du-professeur-de-francais-2020\/","og_locale":"fr_FR","og_type":"article","og_title":"Le 26 novembre, c'est le jour du professeur de fran\u00e7ais - Franc\u00fazsky in\u0161tit\u00fat na Slovensku","og_description":"Challenge \u00ab\u00a0Mon mot pr\u00e9f\u00e9r\u00e9\u00a0\u00bb T\u00e9moignages : Ce que m\u2019a apport\u00e9 un.e professeur.e de fran\u00e7ais Suivez le hashtag #jourduprof Partenaires","og_url":"https:\/\/institutfrancais.sk\/fr\/jour-du-professeur-de-francais-2020\/","og_site_name":"Franc\u00fazsky in\u0161tit\u00fat na Slovensku","article_published_time":"2020-11-26T11:47:20+00:00","article_modified_time":"2020-11-26T11:47:35+00:00","og_image":[{"width":2560,"height":1440,"url":"https:\/\/institutfrancais.sk\/wp-content\/uploads\/2020\/11\/velka-mozaika-scaled.jpg","type":"image\/jpeg"}],"author":"Silvia Litva Polak","twitter_card":"summary_large_image","twitter_misc":{"\u00c9crit par":"Silvia Litva Polak"},"schema":{"@context":"https:\/\/schema.org","@graph":[{"@type":"WebPage","@id":"https:\/\/institutfrancais.sk\/fr\/jour-du-professeur-de-francais-2020\/","url":"https:\/\/institutfrancais.sk\/fr\/jour-du-professeur-de-francais-2020\/","name":"Le 26 novembre, c'est le jour du professeur de fran\u00e7ais - Franc\u00fazsky in\u0161tit\u00fat na Slovensku","isPartOf":{"@id":"https:\/\/institutfrancais.sk\/fr\/#website"},"primaryImageOfPage":{"@id":"https:\/\/institutfrancais.sk\/fr\/jour-du-professeur-de-francais-2020\/#primaryimage"},"image":{"@id":"https:\/\/institutfrancais.sk\/fr\/jour-du-professeur-de-francais-2020\/#primaryimage"},"thumbnailUrl":"https:\/\/institutfrancais.sk\/wp-content\/uploads\/2020\/11\/velka-mozaika-scaled.jpg","datePublished":"2020-11-26T11:47:20+00:00","dateModified":"2020-11-26T11:47:35+00:00","author":{"@id":"https:\/\/institutfrancais.sk\/fr\/#\/schema\/person\/38abf1b8c029535fe5735e69e3aa8ad8"},"breadcrumb":{"@id":"https:\/\/institutfrancais.sk\/fr\/jour-du-professeur-de-francais-2020\/#breadcrumb"},"inLanguage":"fr-FR","potentialAction":[{"@type":"ReadAction","target":["https:\/\/institutfrancais.sk\/fr\/jour-du-professeur-de-francais-2020\/"]}]},{"@type":"ImageObject","inLanguage":"fr-FR","@id":"https:\/\/institutfrancais.sk\/fr\/jour-du-professeur-de-francais-2020\/#primaryimage","url":"https:\/\/institutfrancais.sk\/wp-content\/uploads\/2020\/11\/velka-mozaika-scaled.jpg","contentUrl":"https:\/\/institutfrancais.sk\/wp-content\/uploads\/2020\/11\/velka-mozaika-scaled.jpg","width":2560,"height":1440},{"@type":"BreadcrumbList","@id":"https:\/\/institutfrancais.sk\/fr\/jour-du-professeur-de-francais-2020\/#breadcrumb","itemListElement":[{"@type":"ListItem","position":1,"name":"Home","item":"https:\/\/institutfrancais.sk\/fr\/"},{"@type":"ListItem","position":2,"name":"Le 26 novembre, c&rsquo;est le jour du professeur de fran\u00e7ais"}]},{"@type":"WebSite","@id":"https:\/\/institutfrancais.sk\/fr\/#website","url":"https:\/\/institutfrancais.sk\/fr\/","name":"Franc\u00fazsky in\u0161tit\u00fat na Slovensku","description":"Franc\u00fazsky in\u0161tit\u00fat na Slovensku","potentialAction":[{"@type":"SearchAction","target":{"@type":"EntryPoint","urlTemplate":"https:\/\/institutfrancais.sk\/fr\/?s={search_term_string}"},"query-input":{"@type":"PropertyValueSpecification","valueRequired":true,"valueName":"search_term_string"}}],"inLanguage":"fr-FR"},{"@type":"Person","@id":"https:\/\/institutfrancais.sk\/fr\/#\/schema\/person\/38abf1b8c029535fe5735e69e3aa8ad8","name":"Silvia Litva Polak","sameAs":["http:\/\/www.institutfrancais.sk"],"url":"https:\/\/institutfrancais.sk\/fr\/author\/silvia\/"}]}},"_links":{"self":[{"href":"https:\/\/institutfrancais.sk\/fr\/wp-json\/wp\/v2\/posts\/13935"}],"collection":[{"href":"https:\/\/institutfrancais.sk\/fr\/wp-json\/wp\/v2\/posts"}],"about":[{"href":"https:\/\/institutfrancais.sk\/fr\/wp-json\/wp\/v2\/types\/post"}],"author":[{"embeddable":true,"href":"https:\/\/institutfrancais.sk\/fr\/wp-json\/wp\/v2\/users\/14"}],"replies":[{"embeddable":true,"href":"https:\/\/institutfrancais.sk\/fr\/wp-json\/wp\/v2\/comments?post=13935"}],"version-history":[{"count":0,"href":"https:\/\/institutfrancais.sk\/fr\/wp-json\/wp\/v2\/posts\/13935\/revisions"}],"wp:featuredmedia":[{"embeddable":true,"href":"https:\/\/institutfrancais.sk\/fr\/wp-json\/wp\/v2\/media\/13936"}],"wp:attachment":[{"href":"https:\/\/institutfrancais.sk\/fr\/wp-json\/wp\/v2\/media?parent=13935"}],"wp:term":[{"taxonomy":"category","embeddable":true,"href":"https:\/\/institutfrancais.sk\/fr\/wp-json\/wp\/v2\/categories?post=13935"},{"taxonomy":"post_tag","embeddable":true,"href":"https:\/\/institutfrancais.sk\/fr\/wp-json\/wp\/v2\/tags?post=13935"}],"curies":[{"name":"wp","href":"https:\/\/api.w.org\/{rel}","templated":true}]}}