{"id":16724,"date":"2021-03-25T15:28:47","date_gmt":"2021-03-25T14:28:47","guid":{"rendered":"https:\/\/institutfrancais.sk\/?p=16724"},"modified":"2021-03-25T18:53:09","modified_gmt":"2021-03-25T17:53:09","slug":"cours-de-francais-session-de-printemps-2021","status":"publish","type":"post","link":"https:\/\/institutfrancais.sk\/fr\/cours-de-francais-session-de-printemps-2021\/","title":{"rendered":"Cours de fran\u00e7ais : session de printemps 2021"},"content":{"rendered":"\n<figure class=\"wp-block-table\"><table><thead><tr><th class=\"has-text-align-center\" data-align=\"center\">Inscriptions<\/th><th class=\"has-text-align-center\" data-align=\"center\">D\u00e9but du trimestre<\/th><\/tr><\/thead><tbody><tr><td class=\"has-text-align-center\" data-align=\"center\">\u00e0 partir du 31 mars 2021<\/td><td class=\"has-text-align-center\" data-align=\"center\">\u00e0 partir du 10 avril 2021<\/td><\/tr><\/tbody><\/table><\/figure>\n\n\n<div class=\"space md\"><\/div>\n\n\n<p>\u2022 Dur\u00e9e du trimestre: 11 semaines<br>\u2022 1 fois, 2 fois ou 5 fois par semaine&nbsp;&nbsp;<br>\u2022 22 \/ 44 unit\u00e9s d&rsquo;enseignement de 45 min<br>\u2022 5 \u2013 12 participants dans un groupe<\/p>\n\n\n<div class=\"space md\"><\/div>\n\n\n<h2 class=\"wp-block-heading\">Epanouissez-vous ce printemps gr\u00e2ce \u00e0 nos cours de fran\u00e7ais ! <\/h2>\n\n\n\n<p>Le fran\u00e7ais est l\u2019une des langues les plus importantes qui vous ouvrira les portes de nombreuses possibilit\u00e9s, que ce soit sur le plan professionnel ou personnel. Ainsi, \u00e0 l\u2019Institut fran\u00e7ais de Slovaquie, nous vous offrons la possibilit\u00e9 d\u2019\u00e9tudier la langue fran\u00e7aise \u00e0 travers des&nbsp;<strong>cours de fran\u00e7ais de qualit\u00e9 en pr\u00e9sentiel ou en ligne&nbsp;<\/strong>avec des professeurs qualifi\u00e9s de FLE (fran\u00e7ais langue \u00e9trang\u00e8re). Nos professeurs comprennent vos besoins, quel que soit votre niveau de fran\u00e7ais. Venez avec nous vivre l\u2019aventure <em>\u00e0 la fran\u00e7aise<\/em>. Dans nos&nbsp;cours de fran\u00e7ais, l\u2019apprentissage rime avec joie et plaisir ! &nbsp;<\/p>\n\n\n<\/div><div class=\"more-info five-items\" style=\"background-image:url(https:\/\/institutfrancais.sk\/wp-content\/uploads\/2021\/03\/pexels-yulia-3805975-scaled.jpg)\"><div class=\"wrap\"><h2>Prix et planning<\/h2><div class=\"container\"><div class=\"row\"><div class=\"item item-1\"><a href=\"https:\/\/institutfrancais.sk\/fr\/typ-kurzov\/enfants-ados\/\"><span>Cours pour enfants et ados<\/span><\/a><\/div><div class=\"item item-2\"><a href=\"https:\/\/institutfrancais.sk\/fr\/typ-kurzov\/adultes\/\"><span>Cours pour adultes<\/span><\/a><\/div><div class=\"item item-3\"><a href=\"https:\/\/institutfrancais.sk\/fr\/typ-kurzov\/professionnels\/\"><span>Cours pour professionnels <\/span><\/a><\/div><div class=\"item item-4\"><a href=\"https:\/\/institutfrancais.sk\/fr\/cours\/cours-sur-mesure\/\"><span>Cours individuels<\/span><\/a><\/div><div class=\"item item-5\"><a href=\"https:\/\/institutfrancais.sk\/fr\/kurz\/slovaque-pour-debutants\/\"><span>Slovaque pour d\u00e9butants <\/span><\/a><\/div><\/div><\/div><\/div><\/div><div class=\"wrap narrow-wrap\">\n\n<div class=\"space md\"><\/div>\n\n<\/div><div class=\"gray-bg\"><div class=\"cta-box\"><div class=\"wrap narrow-wrap\"><div class=\"content dark-blue\"><div class=\"cta-box-content\"><div class=\"left-side\"><div class=\"left-content\"><h2>Classes de d\u00e9monstration en ligne le 6 avril \u00e0 18h00 (gratuit)<\/h2>\n<ul>\n<li>Fran\u00e7ais pour d\u00e9butants complets<\/li>\n<li>Atelier de phon\u00e9tique fran\u00e7aise<\/li>\n<li>Slovaque pour d\u00e9butants<\/li>\n<\/ul>\n<\/div><a class=\"btn btn-white\" href=\"https:\/\/docs.google.com\/forms\/d\/e\/1FAIpQLScWdC08v7r9z_LIs4GStk5uABzC3XqiuBoGvpmKiPU5QMgQPQ\/viewform\">Inscrivez-vous<\/a><\/div><div class=\"right-side\"><div class=\"right-content\"><p><img loading=\"lazy\" decoding=\"async\" class=\"size-medium wp-image-14177 alignright\" src=\"https:\/\/institutfrancais.sk\/wp-content\/uploads\/2020\/12\/pexels-andrea-piacquadio-3783512-300x200.jpg\" alt=\"\" width=\"300\" height=\"200\" srcset=\"https:\/\/institutfrancais.sk\/wp-content\/uploads\/2020\/12\/pexels-andrea-piacquadio-3783512-300x200.jpg 300w, https:\/\/institutfrancais.sk\/wp-content\/uploads\/2020\/12\/pexels-andrea-piacquadio-3783512-1024x683.jpg 1024w, https:\/\/institutfrancais.sk\/wp-content\/uploads\/2020\/12\/pexels-andrea-piacquadio-3783512-768x512.jpg 768w, https:\/\/institutfrancais.sk\/wp-content\/uploads\/2020\/12\/pexels-andrea-piacquadio-3783512-1536x1024.jpg 1536w, https:\/\/institutfrancais.sk\/wp-content\/uploads\/2020\/12\/pexels-andrea-piacquadio-3783512-2048x1365.jpg 2048w, https:\/\/institutfrancais.sk\/wp-content\/uploads\/2020\/12\/pexels-andrea-piacquadio-3783512-1190x793.jpg 1190w, https:\/\/institutfrancais.sk\/wp-content\/uploads\/2020\/12\/pexels-andrea-piacquadio-3783512-1500x1000.jpg 1500w\" sizes=\"(max-width: 300px) 100vw, 300px\" \/><\/p>\n<\/div><\/div><\/div><\/div><\/div><\/div><\/div><div class=\"wrap narrow-wrap\">\n\n<div class=\"space md\"><\/div>\n\n\n<h2 class=\"wp-block-heading\">Inscription au cours de fran\u00e7ais<\/h2>\n\n\n<div class=\"space xxs\"><\/div>\n\n\n<p>Vous pouvez vous inscrire au cours de votre choix : <\/p>\n\n\n\n<ul><li><strong>en ligne<\/strong>, via le formulaire d\u2019inscription en ligne qui se trouve dans chaque cours. <\/li><li><strong>par mail <\/strong>: vous devez envoyer la <strong>fiche d\u2019inscription<\/strong> d\u00fbment remplie et sign\u00e9e \u00e0 l\u2019adresse <strong><a href=\"mailto:cours@institutfrancais.sk\">cours@institutfrancais.sk<\/a><\/strong> ainsi que le scan de votre carte ISIC si vous souhaitez b\u00e9n\u00e9ficier de la r\u00e9duction de 10&nbsp;%. <\/li><\/ul>\n\n\n<div class=\"space sm\"><\/div>\n\n<div class=\"text-center\"><a href=\"https:\/\/institutfrancais.sk\/wp-content\/uploads\/2021\/03\/PRIHLASKA_kurzy_JAR-2021.doc\" class=\"btn btn-blue-invert\" target=\"blank\" rel=\"noreferrer noopener\">Fiche d&rsquo;inscription<\/a><\/div>\n\n<div class=\"space sm\"><\/div>\n\n\n<h2 class=\"wp-block-heading\">Frais administratifs <\/h2>\n\n\n\n<div class=\"wp-block-image\"><figure class=\"alignleft size-large is-resized\"><img loading=\"lazy\" decoding=\"async\" src=\"https:\/\/institutfrancais.sk\/wp-content\/uploads\/2020\/01\/main.png\" alt=\"\" class=\"wp-image-1240\" width=\"297\" height=\"182\" srcset=\"https:\/\/institutfrancais.sk\/wp-content\/uploads\/2020\/01\/main.png 593w, https:\/\/institutfrancais.sk\/wp-content\/uploads\/2020\/01\/main-300x184.png 300w\" sizes=\"(max-width: 297px) 100vw, 297px\" \/><\/figure><\/div>\n\n\n<div class=\"space xs\"><\/div>\n\n\n<p>Les frais administratifs \u00e0 hauteur de <strong>6 euros<\/strong> couvrent les d\u00e9marches administratives lors de l&rsquo;inscription et sont pay\u00e9s une fois par an. &nbsp;Tous les \u00e9tudiants de l&rsquo;Institut fran\u00e7ais re\u00e7oivent une carte de membre, <strong><a rel=\"noreferrer noopener\" aria-label=\"l'IF Pass (otvor\u00ed sa v novej karte)\" class=\"ready\" onclick=\"return false;\" href=\"#\" target=\"_blank\">l&rsquo;IF Pass<\/a><\/strong>, qui est annuelle et vous offre de nombreux avantages: un acc\u00e8s illimit\u00e9 \u00e0 la m\u00e9diath\u00e8que et la biblioth\u00e8que num\u00e9rique Cultureth\u00e8que, ainsi que des r\u00e9ductions chez nos partenaires. <\/p>\n\n\n<div class=\"space sm\"><\/div>\n\n\n<h2 class=\"wp-block-heading\">Test de positionnement <\/h2>\n\n\n\n<p>Vous devez passer le test de positionnement pendant la p\u00e9riode d&rsquo;inscription, si vous avez d\u00e9j\u00e0 une certaine connaissance de la langue fran\u00e7aise. Si vous avez d\u00e9j\u00e0 suivi nos cours de fran\u00e7ais par le pass\u00e9 et apr\u00e8s une longue pause vous souhaitez reprendre l&rsquo;apprentissage du fran\u00e7ais, le test nous aidera \u00e0 d\u00e9terminer votre niveau actuel. Si vous \u00eates un d\u00e9butant complet, les tests ne sont pas n\u00e9cessaires. Par le biais du test de positionnement, nous \u00e9valuerons vos comp\u00e9tences linguistiques en fran\u00e7ais : <strong>l&rsquo;expression \u00e9crite et orale<\/strong>, <strong>la<\/strong> <strong>compr\u00e9hension \u00e9crite et orale<\/strong>. Nous d\u00e9terminerons votre niveau de langue actuel afin de pouvoir vous placer dans des groupes homog\u00e8nes et vous conseiller ainsi un cours adapt\u00e9 \u00e0 votre niveau. Vous pouvez passer le test de positionnemet pendant la p\u00e9riode d&rsquo;inscription <strong>en ligne<\/strong>. Vous recevrez les codes d&rsquo;acc\u00e8s au test en ligne par mail. <\/p>\n\n\n\n<p>Pour plus d\u2019informations, nous vous prions de contacter SVP&nbsp;le Service des cours.<\/p>\n\n\n<div class=\"space xs\"><\/div>\n\n<\/div><div class=\"gray-bg\"><div class=\"cta-box\"><div class=\"wrap narrow-wrap\"><div class=\"content dark-blue\"><div class=\"cta-box-content\"><div class=\"left-side\"><div class=\"left-content\"><h3>Important<\/h3>\n<p>Le cours en pr\u00e9sentiel aura lieu \u00e0 condition que les mesures sanitaires en application au moment de son lancement le permettent. L\u2019Institut fran\u00e7ais se r\u00e9serve le droit d\u2019annuler le cours en pr\u00e9sentiel pour respecter les d\u00e9cisions des autorit\u00e9s locales et le d\u00e9placer en ligne.<\/p>\n<\/div><\/div><\/div><\/div><\/div><\/div><\/div><div class=\"wrap narrow-wrap\">\n\n<div class=\"space xs\"><\/div>\n\n\n<h2 class=\"wp-block-heading\">Depuis 30 ans nous vous apportons la langue et la culture fran\u00e7aise. Rejoignez-nous dans cette aventure ! <\/h2>\n\n\n<div class=\"space xs\"><\/div>\n\n<div class=\"benefits row text-center\"><div class=\"col-6 col-sm-3\"><img decoding=\"async\" src=\"https:\/\/institutfrancais.sk\/wp-content\/uploads\/2020\/01\/student_1.png\"><div class=\"line-after-title\"><\/div><spa class=\"benefits-description\">Enseignants qualifi\u00e9s<\/span><\/div><div class=\"col-6 col-sm-3\"><img decoding=\"async\" src=\"https:\/\/institutfrancais.sk\/wp-content\/uploads\/2020\/01\/dp-b-4.png\"><div class=\"line-after-title\"><\/div><spa class=\"benefits-description\">Label qualit\u00e9<\/span><\/div><div class=\"col-6 col-sm-3\"><img decoding=\"async\" src=\"https:\/\/institutfrancais.sk\/wp-content\/uploads\/2020\/01\/dp-b-2.png\"><div class=\"line-after-title\"><\/div><spa class=\"benefits-description\">Pr\u00e9paration aux examens DELF DALF<\/span><\/div><div class=\"col-6 col-sm-3\"><img decoding=\"async\" src=\"https:\/\/institutfrancais.sk\/wp-content\/uploads\/2019\/12\/au1.png\"><div class=\"line-after-title\"><\/div><spa class=\"benefits-description\">M\u00e9diath\u00e8que gratuite<\/span><\/div><\/div>\n\n<div class=\"space md\"><\/div>\n\n\n<h2 class=\"wp-block-heading\">Vous avez des questions ? Nous serons heureux de vous aider ! <\/h2>\n\n\n<div class=\"space xs\"><\/div>\n\n\n<p><strong><a href=\"mailto:cours@institutfrancais.sk\">cours@institutfrancais.sk<\/a><\/strong> \/ 02&nbsp;59&nbsp;34&nbsp;77&nbsp;62<\/p>\n\n\n<div class=\"space sm\"><\/div>\n\n<\/div><div class=\"articles articles-events\"><div class=\"gray-bg\"><div class=\"lines-bg lines-bg-boldright-c\"><div class=\"wrap\"><div class=\"white-boxes\"><h2>A d\u00e9couvrir<\/h2><div class=\"row posts-list\"><a class=\"articles-redirection\" href=\"https:\/\/institutfrancais.sk\/fr\/fr\/informacie\/\"><svg xmlns=\"http:\/\/www.w3.org\/2000\/svg\" viewBox=\"0 0 320 512\" width=\"20\"><path fill=\"#000\" d=\"M285.476 272.971L91.132 467.314c-9.373 9.373-24.569 9.373-33.941 0l-22.667-22.667c-9.357-9.357-9.375-24.522-.04-33.901L188.505 256 34.484 101.255c-9.335-9.379-9.317-24.544.04-33.901l22.667-22.667c9.373-9.373 24.569-9.373 33.941 0L285.475 239.03c9.373 9.372 9.373 24.568.001 33.941z\"><\/path><\/svg> <\/a><div class=\"col-lg-4 col-md-6 col-sm-6\">\n<section>\n<div class=\"post\">\n<div class=\"post-container\">\n<a href=\"https:\/\/institutfrancais.sk\/fr\/spievam-po-francuzsky-2026-2\/\"><div class=\"post-img\">\n<img decoding=\"async\" src=\"https:\/\/institutfrancais.sk\/wp-content\/uploads\/2025\/11\/SPF-2026-J1-537x235.png\" alt=\"Spievam po\u00a0franc\u00fazsky 2026 &#8211;&nbsp;le concours de la chanson francophone\" class=\"post-thumbnail\" width=\"100%\">\n<\/div><\/a>\n<div class=\"card-content\">\n<div class=\"post-meta\">\n<a href=\"https:\/\/institutfrancais.sk\/fr\/category\/non-classifiee\/\">Musique<\/a> \/<\/div>\n<a href=\"https:\/\/institutfrancais.sk\/fr\/spievam-po-francuzsky-2026-2\/\">\n<h1>Spievam po\u00a0franc\u00fazsky 2026 &#8211;&nbsp;le concours de la chanson francophone<\/h1>\n<\/a>\n<div class=\"line-after-title\"><\/div>\n<article>\n<p>Le concours de la chanson francophone&nbsp;&nbsp;Je chante en fran\u00e7ais &nbsp;est de retour en 2026 ! Vous \u00eates amateurs de chansons francophones ? Votre langue maternelle n&rsquo;est pas le fran\u00e7ais ? Vous r\u00e9sidez en Slovaquie ? Vous \u00eates \u00e0 la bonne adresse ! Inscrivez-vous jusqu\u2019au 15 mars 2026 ! Comment faire&#8230;<\/p>\n<\/article>\n<\/div>\n<\/div>\n<\/div>\n<\/section>\n<\/div>\n<div class=\"col-lg-4 col-md-6 col-sm-6\">\n<section>\n<div class=\"post\">\n<div class=\"post-container\">\n<a href=\"https:\/\/institutfrancais.sk\/fr\/pourquoi-apprendre-le-francais\/\"><div class=\"post-img\">\n<img decoding=\"async\" src=\"https:\/\/institutfrancais.sk\/wp-content\/uploads\/2025\/08\/Design-sans-titre-pdf-537x302.jpg\" alt=\"Pourquoi apprendre le fran\u00e7ais ?\" class=\"post-thumbnail\" width=\"100%\">\n<\/div><\/a>\n<div class=\"card-content\">\n<div class=\"post-meta\">\n<a href=\"https:\/\/institutfrancais.sk\/fr\/category\/education\/\">Education<\/a> \/<\/div>\n<a href=\"https:\/\/institutfrancais.sk\/fr\/pourquoi-apprendre-le-francais\/\">\n<h1>Pourquoi apprendre le fran\u00e7ais ?<\/h1>\n<\/a>\n<div class=\"line-after-title\"><\/div>\n<article>\n<p>Apprendre le fran\u00e7ais c\u2019est rejoindre la Francophonie. La Francophonie, qu\u2019est-ce que c\u2019est ? Ce sont tout d\u2019abord des femmes et des hommes qui partagent une langue commune : le fran\u00e7ais. Environ 300 millions de locuteurs, r\u00e9partis sur les cinq continents dans 88 \u00c9tats et gouvernements.\n<\/p>\n<\/article>\n<\/div>\n<\/div>\n<\/div>\n<\/section>\n<\/div>\n<div class=\"col-lg-4 col-md-6 col-sm-6\">\n<section>\n<div class=\"post\">\n<div class=\"post-container\">\n<a href=\"https:\/\/institutfrancais.sk\/fr\/spievam-po-francuzsky-2022-inscriptions-ouvertes\/\"><div class=\"post-img\">\n<img decoding=\"async\" src=\"https:\/\/institutfrancais.sk\/wp-content\/uploads\/2020\/11\/pexels-pixabay-33779-1024x683.jpg\" alt=\"Spievam po&nbsp;franc\u00fazsky 2022 : inscriptions ouvertes\" class=\"post-thumbnail\" width=\"100%\">\n<\/div><\/a>\n<div class=\"card-content\">\n<div class=\"post-meta\">\n<a href=\"https:\/\/institutfrancais.sk\/fr\/category\/appel\/\">Appel<\/a> \/<\/div>\n<a href=\"https:\/\/institutfrancais.sk\/fr\/spievam-po-francuzsky-2022-inscriptions-ouvertes\/\">\n<h1>Spievam po&nbsp;franc\u00fazsky 2022 : inscriptions ouvertes<\/h1>\n<\/a>\n<div class=\"line-after-title\"><\/div>\n<article>\n<p>Vous \u00eates amateurs de chansons francophones ? Votre langue maternelle n&rsquo;est pas le fran\u00e7ais ? Vous r\u00e9sidez en Slovaquie ? Vous \u00eates \u00e0 la bonne adresse !\n<\/p>\n<\/article>\n<\/div>\n<\/div>\n<\/div>\n<\/section>\n<\/div>\n<\/div><\/div><div class=\"btn-articles-redirection\"><a class=\"btn btn-black\" href=\"https:\/\/institutfrancais.sk\/fr\/informacie\/\">Plus d&rsquo;infos<\/a><\/div><\/div><\/div><\/div><\/div><div class=\"wrap narrow-wrap\">","protected":false},"excerpt":{"rendered":"<p>Inscriptions D\u00e9but du trimestre \u00e0 partir du 31 mars 2021 \u00e0 partir du 10 avril 2021 \u2022 Dur\u00e9e du trimestre: 11 semaines\u2022 1 fois, 2 fois ou 5 fois par semaine&nbsp;&nbsp;\u2022 22 \/ 44 unit\u00e9s d&rsquo;enseignement de 45 min\u2022 5 \u2013 12 participants dans un groupe Epanouissez-vous ce printemps gr\u00e2ce \u00e0 nos cours de fran\u00e7ais [&hellip;]<\/p>\n","protected":false},"author":14,"featured_media":16717,"comment_status":"closed","ping_status":"closed","sticky":false,"template":"","format":"standard","meta":{"_acf_changed":false,"footnotes":""},"categories":[128,205],"tags":[],"acf":[],"yoast_head":"<!-- This site is optimized with the Yoast SEO plugin v24.5 - https:\/\/yoast.com\/wordpress\/plugins\/seo\/ -->\n<title>Cours de fran\u00e7ais : session de printemps 2021 - Franc\u00fazsky in\u0161tit\u00fat na Slovensku<\/title>\n<meta name=\"description\" content=\"Kurzy franc\u00faz\u0161tiny: Chcete sa venova\u0165 franc\u00faz\u0161tine, ale nem\u00e1te to\u013eko \u010dasu, ko\u013eko by ste potrebovali? Vysk\u00fa\u0161ajte na\u0161e kr\u00e1tke form\u00e1ty.\" \/>\n<meta name=\"robots\" content=\"index, follow, max-snippet:-1, max-image-preview:large, max-video-preview:-1\" \/>\n<link rel=\"canonical\" href=\"https:\/\/institutfrancais.sk\/fr\/cours-de-francais-session-de-printemps-2021\/\" \/>\n<meta property=\"og:locale\" content=\"fr_FR\" \/>\n<meta property=\"og:type\" content=\"article\" \/>\n<meta property=\"og:title\" content=\"Cours de fran\u00e7ais : session de printemps 2021 - Franc\u00fazsky in\u0161tit\u00fat na Slovensku\" \/>\n<meta property=\"og:description\" content=\"Kurzy franc\u00faz\u0161tiny: Chcete sa venova\u0165 franc\u00faz\u0161tine, ale nem\u00e1te to\u013eko \u010dasu, ko\u013eko by ste potrebovali? Vysk\u00fa\u0161ajte na\u0161e kr\u00e1tke form\u00e1ty.\" \/>\n<meta property=\"og:url\" content=\"https:\/\/institutfrancais.sk\/fr\/cours-de-francais-session-de-printemps-2021\/\" \/>\n<meta property=\"og:site_name\" content=\"Franc\u00fazsky in\u0161tit\u00fat na Slovensku\" \/>\n<meta property=\"article:published_time\" content=\"2021-03-25T14:28:47+00:00\" \/>\n<meta property=\"article:modified_time\" content=\"2021-03-25T17:53:09+00:00\" \/>\n<meta property=\"og:image\" content=\"https:\/\/institutfrancais.sk\/wp-content\/uploads\/2021\/03\/Facebook-Event-Cover.jpg\" \/>\n\t<meta property=\"og:image:width\" content=\"1920\" \/>\n\t<meta property=\"og:image:height\" content=\"1080\" \/>\n\t<meta property=\"og:image:type\" content=\"image\/jpeg\" \/>\n<meta name=\"author\" content=\"Silvia Litva Polak\" \/>\n<meta name=\"twitter:card\" content=\"summary_large_image\" \/>\n<meta name=\"twitter:label1\" content=\"\u00c9crit par\" \/>\n\t<meta name=\"twitter:data1\" content=\"Silvia Litva Polak\" \/>\n\t<meta name=\"twitter:label2\" content=\"Dur\u00e9e de lecture estim\u00e9e\" \/>\n\t<meta name=\"twitter:data2\" content=\"3 minutes\" \/>\n<script type=\"application\/ld+json\" class=\"yoast-schema-graph\">{\"@context\":\"https:\/\/schema.org\",\"@graph\":[{\"@type\":\"WebPage\",\"@id\":\"https:\/\/institutfrancais.sk\/fr\/cours-de-francais-session-de-printemps-2021\/\",\"url\":\"https:\/\/institutfrancais.sk\/fr\/cours-de-francais-session-de-printemps-2021\/\",\"name\":\"Cours de fran\u00e7ais : session de printemps 2021 - Franc\u00fazsky in\u0161tit\u00fat na Slovensku\",\"isPartOf\":{\"@id\":\"https:\/\/institutfrancais.sk\/fr\/#website\"},\"primaryImageOfPage\":{\"@id\":\"https:\/\/institutfrancais.sk\/fr\/cours-de-francais-session-de-printemps-2021\/#primaryimage\"},\"image\":{\"@id\":\"https:\/\/institutfrancais.sk\/fr\/cours-de-francais-session-de-printemps-2021\/#primaryimage\"},\"thumbnailUrl\":\"https:\/\/institutfrancais.sk\/wp-content\/uploads\/2021\/03\/Facebook-Event-Cover.jpg\",\"datePublished\":\"2021-03-25T14:28:47+00:00\",\"dateModified\":\"2021-03-25T17:53:09+00:00\",\"author\":{\"@id\":\"https:\/\/institutfrancais.sk\/fr\/#\/schema\/person\/38abf1b8c029535fe5735e69e3aa8ad8\"},\"description\":\"Kurzy franc\u00faz\u0161tiny: Chcete sa venova\u0165 franc\u00faz\u0161tine, ale nem\u00e1te to\u013eko \u010dasu, ko\u013eko by ste potrebovali? Vysk\u00fa\u0161ajte na\u0161e kr\u00e1tke form\u00e1ty.\",\"breadcrumb\":{\"@id\":\"https:\/\/institutfrancais.sk\/fr\/cours-de-francais-session-de-printemps-2021\/#breadcrumb\"},\"inLanguage\":\"fr-FR\",\"potentialAction\":[{\"@type\":\"ReadAction\",\"target\":[\"https:\/\/institutfrancais.sk\/fr\/cours-de-francais-session-de-printemps-2021\/\"]}]},{\"@type\":\"ImageObject\",\"inLanguage\":\"fr-FR\",\"@id\":\"https:\/\/institutfrancais.sk\/fr\/cours-de-francais-session-de-printemps-2021\/#primaryimage\",\"url\":\"https:\/\/institutfrancais.sk\/wp-content\/uploads\/2021\/03\/Facebook-Event-Cover.jpg\",\"contentUrl\":\"https:\/\/institutfrancais.sk\/wp-content\/uploads\/2021\/03\/Facebook-Event-Cover.jpg\",\"width\":1920,\"height\":1080},{\"@type\":\"BreadcrumbList\",\"@id\":\"https:\/\/institutfrancais.sk\/fr\/cours-de-francais-session-de-printemps-2021\/#breadcrumb\",\"itemListElement\":[{\"@type\":\"ListItem\",\"position\":1,\"name\":\"Home\",\"item\":\"https:\/\/institutfrancais.sk\/fr\/\"},{\"@type\":\"ListItem\",\"position\":2,\"name\":\"Cours de fran\u00e7ais : session de printemps 2021\"}]},{\"@type\":\"WebSite\",\"@id\":\"https:\/\/institutfrancais.sk\/fr\/#website\",\"url\":\"https:\/\/institutfrancais.sk\/fr\/\",\"name\":\"Franc\u00fazsky in\u0161tit\u00fat na Slovensku\",\"description\":\"Franc\u00fazsky in\u0161tit\u00fat na Slovensku\",\"potentialAction\":[{\"@type\":\"SearchAction\",\"target\":{\"@type\":\"EntryPoint\",\"urlTemplate\":\"https:\/\/institutfrancais.sk\/fr\/?s={search_term_string}\"},\"query-input\":{\"@type\":\"PropertyValueSpecification\",\"valueRequired\":true,\"valueName\":\"search_term_string\"}}],\"inLanguage\":\"fr-FR\"},{\"@type\":\"Person\",\"@id\":\"https:\/\/institutfrancais.sk\/fr\/#\/schema\/person\/38abf1b8c029535fe5735e69e3aa8ad8\",\"name\":\"Silvia Litva Polak\",\"sameAs\":[\"http:\/\/www.institutfrancais.sk\"],\"url\":\"https:\/\/institutfrancais.sk\/fr\/author\/silvia\/\"}]}<\/script>\n<!-- \/ Yoast SEO plugin. -->","yoast_head_json":{"title":"Cours de fran\u00e7ais : session de printemps 2021 - Franc\u00fazsky in\u0161tit\u00fat na Slovensku","description":"Kurzy franc\u00faz\u0161tiny: Chcete sa venova\u0165 franc\u00faz\u0161tine, ale nem\u00e1te to\u013eko \u010dasu, ko\u013eko by ste potrebovali? Vysk\u00fa\u0161ajte na\u0161e kr\u00e1tke form\u00e1ty.","robots":{"index":"index","follow":"follow","max-snippet":"max-snippet:-1","max-image-preview":"max-image-preview:large","max-video-preview":"max-video-preview:-1"},"canonical":"https:\/\/institutfrancais.sk\/fr\/cours-de-francais-session-de-printemps-2021\/","og_locale":"fr_FR","og_type":"article","og_title":"Cours de fran\u00e7ais : session de printemps 2021 - Franc\u00fazsky in\u0161tit\u00fat na Slovensku","og_description":"Kurzy franc\u00faz\u0161tiny: Chcete sa venova\u0165 franc\u00faz\u0161tine, ale nem\u00e1te to\u013eko \u010dasu, ko\u013eko by ste potrebovali? Vysk\u00fa\u0161ajte na\u0161e kr\u00e1tke form\u00e1ty.","og_url":"https:\/\/institutfrancais.sk\/fr\/cours-de-francais-session-de-printemps-2021\/","og_site_name":"Franc\u00fazsky in\u0161tit\u00fat na Slovensku","article_published_time":"2021-03-25T14:28:47+00:00","article_modified_time":"2021-03-25T17:53:09+00:00","og_image":[{"width":1920,"height":1080,"url":"https:\/\/institutfrancais.sk\/wp-content\/uploads\/2021\/03\/Facebook-Event-Cover.jpg","type":"image\/jpeg"}],"author":"Silvia Litva Polak","twitter_card":"summary_large_image","twitter_misc":{"\u00c9crit par":"Silvia Litva Polak","Dur\u00e9e de lecture estim\u00e9e":"3 minutes"},"schema":{"@context":"https:\/\/schema.org","@graph":[{"@type":"WebPage","@id":"https:\/\/institutfrancais.sk\/fr\/cours-de-francais-session-de-printemps-2021\/","url":"https:\/\/institutfrancais.sk\/fr\/cours-de-francais-session-de-printemps-2021\/","name":"Cours de fran\u00e7ais : session de printemps 2021 - Franc\u00fazsky in\u0161tit\u00fat na Slovensku","isPartOf":{"@id":"https:\/\/institutfrancais.sk\/fr\/#website"},"primaryImageOfPage":{"@id":"https:\/\/institutfrancais.sk\/fr\/cours-de-francais-session-de-printemps-2021\/#primaryimage"},"image":{"@id":"https:\/\/institutfrancais.sk\/fr\/cours-de-francais-session-de-printemps-2021\/#primaryimage"},"thumbnailUrl":"https:\/\/institutfrancais.sk\/wp-content\/uploads\/2021\/03\/Facebook-Event-Cover.jpg","datePublished":"2021-03-25T14:28:47+00:00","dateModified":"2021-03-25T17:53:09+00:00","author":{"@id":"https:\/\/institutfrancais.sk\/fr\/#\/schema\/person\/38abf1b8c029535fe5735e69e3aa8ad8"},"description":"Kurzy franc\u00faz\u0161tiny: Chcete sa venova\u0165 franc\u00faz\u0161tine, ale nem\u00e1te to\u013eko \u010dasu, ko\u013eko by ste potrebovali? Vysk\u00fa\u0161ajte na\u0161e kr\u00e1tke form\u00e1ty.","breadcrumb":{"@id":"https:\/\/institutfrancais.sk\/fr\/cours-de-francais-session-de-printemps-2021\/#breadcrumb"},"inLanguage":"fr-FR","potentialAction":[{"@type":"ReadAction","target":["https:\/\/institutfrancais.sk\/fr\/cours-de-francais-session-de-printemps-2021\/"]}]},{"@type":"ImageObject","inLanguage":"fr-FR","@id":"https:\/\/institutfrancais.sk\/fr\/cours-de-francais-session-de-printemps-2021\/#primaryimage","url":"https:\/\/institutfrancais.sk\/wp-content\/uploads\/2021\/03\/Facebook-Event-Cover.jpg","contentUrl":"https:\/\/institutfrancais.sk\/wp-content\/uploads\/2021\/03\/Facebook-Event-Cover.jpg","width":1920,"height":1080},{"@type":"BreadcrumbList","@id":"https:\/\/institutfrancais.sk\/fr\/cours-de-francais-session-de-printemps-2021\/#breadcrumb","itemListElement":[{"@type":"ListItem","position":1,"name":"Home","item":"https:\/\/institutfrancais.sk\/fr\/"},{"@type":"ListItem","position":2,"name":"Cours de fran\u00e7ais : session de printemps 2021"}]},{"@type":"WebSite","@id":"https:\/\/institutfrancais.sk\/fr\/#website","url":"https:\/\/institutfrancais.sk\/fr\/","name":"Franc\u00fazsky in\u0161tit\u00fat na Slovensku","description":"Franc\u00fazsky in\u0161tit\u00fat na Slovensku","potentialAction":[{"@type":"SearchAction","target":{"@type":"EntryPoint","urlTemplate":"https:\/\/institutfrancais.sk\/fr\/?s={search_term_string}"},"query-input":{"@type":"PropertyValueSpecification","valueRequired":true,"valueName":"search_term_string"}}],"inLanguage":"fr-FR"},{"@type":"Person","@id":"https:\/\/institutfrancais.sk\/fr\/#\/schema\/person\/38abf1b8c029535fe5735e69e3aa8ad8","name":"Silvia Litva Polak","sameAs":["http:\/\/www.institutfrancais.sk"],"url":"https:\/\/institutfrancais.sk\/fr\/author\/silvia\/"}]}},"_links":{"self":[{"href":"https:\/\/institutfrancais.sk\/fr\/wp-json\/wp\/v2\/posts\/16724"}],"collection":[{"href":"https:\/\/institutfrancais.sk\/fr\/wp-json\/wp\/v2\/posts"}],"about":[{"href":"https:\/\/institutfrancais.sk\/fr\/wp-json\/wp\/v2\/types\/post"}],"author":[{"embeddable":true,"href":"https:\/\/institutfrancais.sk\/fr\/wp-json\/wp\/v2\/users\/14"}],"replies":[{"embeddable":true,"href":"https:\/\/institutfrancais.sk\/fr\/wp-json\/wp\/v2\/comments?post=16724"}],"version-history":[{"count":0,"href":"https:\/\/institutfrancais.sk\/fr\/wp-json\/wp\/v2\/posts\/16724\/revisions"}],"wp:featuredmedia":[{"embeddable":true,"href":"https:\/\/institutfrancais.sk\/fr\/wp-json\/wp\/v2\/media\/16717"}],"wp:attachment":[{"href":"https:\/\/institutfrancais.sk\/fr\/wp-json\/wp\/v2\/media?parent=16724"}],"wp:term":[{"taxonomy":"category","embeddable":true,"href":"https:\/\/institutfrancais.sk\/fr\/wp-json\/wp\/v2\/categories?post=16724"},{"taxonomy":"post_tag","embeddable":true,"href":"https:\/\/institutfrancais.sk\/fr\/wp-json\/wp\/v2\/tags?post=16724"}],"curies":[{"name":"wp","href":"https:\/\/api.w.org\/{rel}","templated":true}]}}