{"id":18503,"date":"2021-07-23T16:03:15","date_gmt":"2021-07-23T14:03:15","guid":{"rendered":"https:\/\/institutfrancais.sk\/?p=18503"},"modified":"2021-07-23T16:03:32","modified_gmt":"2021-07-23T14:03:32","slug":"fermeture-estivale-institut-francais","status":"publish","type":"post","link":"https:\/\/institutfrancais.sk\/fr\/fermeture-estivale-institut-francais\/","title":{"rendered":"Fermeture estivale (31\/07-29\/08)"},"content":{"rendered":"\n<p>Toute l&rsquo;\u00e9quipe de l&rsquo;Institut fran\u00e7ais vous souhaite de passer un bel \u00e9t\u00e9 et vous dit \u00e0 bient\u00f4t fin ao\u00fbt pour un rendez-vous \u00e0 la m\u00e9diath\u00e8que, cours de fran\u00e7ais ou \u00e9v\u00e8nements culturels. <\/p>\n\n\n<div class=\"space\"><\/div>\n\n<\/div><div class=\"contact-form\"><div class=\"space\"><\/div><form method=\"post\" action=\"\/send.php\"><div class=\"row\"><div class=\"col-md-4\"><label class=\"for-select\"><span class=\"arrow\"><\/span><select class=\"select-recipient\" name=\"Service\" required><option value=\"\" selected disabled>Choisir le service<\/option><option data-recipient=\"lubomir.varga@institutfrancais.sk\r\">Direction\r<\/option><option data-recipient=\"tamara.novomeska@institutfrancais.sk\r\">Administration et ressources humaines\r<\/option><option data-recipient=\"daniela.zelenakova@institutfrancais.sk\r\">Communication\r<\/option><option data-recipient=\"dagmar.hamarova@institutfrancais.sk\r\">Coop\u00e9ration \u00e9ducative et linguistique &nbsp;\r<\/option><option data-recipient=\"cours@institutfrancais.sk\r\">Service des cours \r<\/option><option data-recipient=\"martina.saganova@diplomatie.gouv.sk\r\">Coop\u00e9ration scientifique et universitaire \r<\/option><option data-recipient=\"milos.stankoviansky@institutfrancais.sk\r\">Coop\u00e9ration culturelle \r<\/option><option data-recipient=\"biblio@institutfrancais.sk\">M\u00e9diath\u00e8que<\/option><\/select><\/label><\/div><div class=\"col-md-4\"><label><input type=\"text\" name=\"your-name\" placeholder=\"Votre nom\" required><\/label><\/div><div class=\"col-md-4\"><label><input type=\"email\" name=\"your-email\" placeholder=\"Votre e-mail\" required><\/label><\/div><div class=\"col-md-12\"><label><textarea name=\"your-message\" placeholder=\"Votre message\" required><\/textarea><\/label><\/div><\/div><div class=\"space small\"><\/div><div class=\"row\"><div class=\"col-md-6\"><label class=\"for-checkbox\"><input type=\"checkbox\" name=\"gdpr\" value=\"1\" required><span><\/span>J&rsquo;accepte le traitement de mes donn\u00e9es personnelles par l&rsquo;Institut fran\u00e7ais de Slovaquie conform\u00e9ment \u00e0 la loi n. 18\/2018 du Recueil de lois sur la protection des donn\u00e9es personnelles.<\/label><\/div><div class=\"contact-flex-container\"><div class=\"col-md-3\"><div class=\"g-recaptcha\" data-sitekey=\"6LeaMMgUAAAAAPbVs6ExPcl-MWgGGLMugiocMgtV\"><\/div><\/div><div class=\"col-md-3 text-right\"><button type=\"submit\" class=\"btn btn-white\">Envoyer le message<\/button><input type=\"hidden\" name=\"primary-recipient\" value=\"institutfrancais@institutfrancais.sk\"><\/div><\/div><\/div><\/form><\/div><div class=\"wrap narrow-wrap\">\n\n<div class=\"space sm\"><\/div>\n\n\n<p class=\"has-text-align-right\"><em>Source de l&rsquo;image: Pexels<\/em><\/p>\n","protected":false},"excerpt":{"rendered":"<p>Toute l&rsquo;\u00e9quipe de l&rsquo;Institut fran\u00e7ais vous souhaite de passer un bel \u00e9t\u00e9 et vous dit \u00e0 bient\u00f4t fin ao\u00fbt pour un rendez-vous \u00e0 la m\u00e9diath\u00e8que, cours de fran\u00e7ais ou \u00e9v\u00e8nements culturels. Source de l&rsquo;image: Pexels<\/p>\n","protected":false},"author":14,"featured_media":18505,"comment_status":"closed","ping_status":"closed","sticky":false,"template":"","format":"standard","meta":{"_acf_changed":false,"footnotes":""},"categories":[102,162],"tags":[],"acf":[],"yoast_head":"<!-- This site is optimized with the Yoast SEO plugin v24.5 - https:\/\/yoast.com\/wordpress\/plugins\/seo\/ -->\n<title>Fermeture estivale (31\/07-29\/08) - Franc\u00fazsky in\u0161tit\u00fat na Slovensku<\/title>\n<meta name=\"robots\" content=\"index, follow, max-snippet:-1, max-image-preview:large, max-video-preview:-1\" \/>\n<link rel=\"canonical\" href=\"https:\/\/institutfrancais.sk\/fr\/fermeture-estivale-institut-francais\/\" \/>\n<meta property=\"og:locale\" content=\"fr_FR\" \/>\n<meta property=\"og:type\" content=\"article\" \/>\n<meta property=\"og:title\" content=\"Fermeture estivale (31\/07-29\/08) - Franc\u00fazsky in\u0161tit\u00fat na Slovensku\" \/>\n<meta property=\"og:description\" content=\"Toute l&rsquo;\u00e9quipe de l&rsquo;Institut fran\u00e7ais vous souhaite de passer un bel \u00e9t\u00e9 et vous dit \u00e0 bient\u00f4t fin ao\u00fbt pour un rendez-vous \u00e0 la m\u00e9diath\u00e8que, cours de fran\u00e7ais ou \u00e9v\u00e8nements culturels. Source de l&rsquo;image: Pexels\" \/>\n<meta property=\"og:url\" content=\"https:\/\/institutfrancais.sk\/fr\/fermeture-estivale-institut-francais\/\" \/>\n<meta property=\"og:site_name\" content=\"Franc\u00fazsky in\u0161tit\u00fat na Slovensku\" \/>\n<meta property=\"article:published_time\" content=\"2021-07-23T14:03:15+00:00\" \/>\n<meta property=\"article:modified_time\" content=\"2021-07-23T14:03:32+00:00\" \/>\n<meta property=\"og:image\" content=\"https:\/\/institutfrancais.sk\/wp-content\/uploads\/2021\/07\/pexels-min-an-13539381-scaled.jpg\" \/>\n\t<meta property=\"og:image:width\" content=\"2560\" \/>\n\t<meta property=\"og:image:height\" content=\"1530\" \/>\n\t<meta property=\"og:image:type\" content=\"image\/jpeg\" \/>\n<meta name=\"author\" content=\"Silvia Litva Polak\" \/>\n<meta name=\"twitter:card\" content=\"summary_large_image\" \/>\n<meta name=\"twitter:label1\" content=\"\u00c9crit par\" \/>\n\t<meta name=\"twitter:data1\" content=\"Silvia Litva Polak\" \/>\n\t<meta name=\"twitter:label2\" content=\"Dur\u00e9e de lecture estim\u00e9e\" \/>\n\t<meta name=\"twitter:data2\" content=\"1 minute\" \/>\n<script type=\"application\/ld+json\" class=\"yoast-schema-graph\">{\"@context\":\"https:\/\/schema.org\",\"@graph\":[{\"@type\":\"WebPage\",\"@id\":\"https:\/\/institutfrancais.sk\/fr\/fermeture-estivale-institut-francais\/\",\"url\":\"https:\/\/institutfrancais.sk\/fr\/fermeture-estivale-institut-francais\/\",\"name\":\"Fermeture estivale (31\/07-29\/08) - Franc\u00fazsky in\u0161tit\u00fat na Slovensku\",\"isPartOf\":{\"@id\":\"https:\/\/institutfrancais.sk\/fr\/#website\"},\"primaryImageOfPage\":{\"@id\":\"https:\/\/institutfrancais.sk\/fr\/fermeture-estivale-institut-francais\/#primaryimage\"},\"image\":{\"@id\":\"https:\/\/institutfrancais.sk\/fr\/fermeture-estivale-institut-francais\/#primaryimage\"},\"thumbnailUrl\":\"https:\/\/institutfrancais.sk\/wp-content\/uploads\/2021\/07\/pexels-min-an-13539381-scaled.jpg\",\"datePublished\":\"2021-07-23T14:03:15+00:00\",\"dateModified\":\"2021-07-23T14:03:32+00:00\",\"author\":{\"@id\":\"https:\/\/institutfrancais.sk\/fr\/#\/schema\/person\/38abf1b8c029535fe5735e69e3aa8ad8\"},\"breadcrumb\":{\"@id\":\"https:\/\/institutfrancais.sk\/fr\/fermeture-estivale-institut-francais\/#breadcrumb\"},\"inLanguage\":\"fr-FR\",\"potentialAction\":[{\"@type\":\"ReadAction\",\"target\":[\"https:\/\/institutfrancais.sk\/fr\/fermeture-estivale-institut-francais\/\"]}]},{\"@type\":\"ImageObject\",\"inLanguage\":\"fr-FR\",\"@id\":\"https:\/\/institutfrancais.sk\/fr\/fermeture-estivale-institut-francais\/#primaryimage\",\"url\":\"https:\/\/institutfrancais.sk\/wp-content\/uploads\/2021\/07\/pexels-min-an-13539381-scaled.jpg\",\"contentUrl\":\"https:\/\/institutfrancais.sk\/wp-content\/uploads\/2021\/07\/pexels-min-an-13539381-scaled.jpg\",\"width\":2560,\"height\":1530},{\"@type\":\"BreadcrumbList\",\"@id\":\"https:\/\/institutfrancais.sk\/fr\/fermeture-estivale-institut-francais\/#breadcrumb\",\"itemListElement\":[{\"@type\":\"ListItem\",\"position\":1,\"name\":\"Home\",\"item\":\"https:\/\/institutfrancais.sk\/fr\/\"},{\"@type\":\"ListItem\",\"position\":2,\"name\":\"Fermeture estivale (31\/07-29\/08)\"}]},{\"@type\":\"WebSite\",\"@id\":\"https:\/\/institutfrancais.sk\/fr\/#website\",\"url\":\"https:\/\/institutfrancais.sk\/fr\/\",\"name\":\"Franc\u00fazsky in\u0161tit\u00fat na Slovensku\",\"description\":\"Franc\u00fazsky in\u0161tit\u00fat na Slovensku\",\"potentialAction\":[{\"@type\":\"SearchAction\",\"target\":{\"@type\":\"EntryPoint\",\"urlTemplate\":\"https:\/\/institutfrancais.sk\/fr\/?s={search_term_string}\"},\"query-input\":{\"@type\":\"PropertyValueSpecification\",\"valueRequired\":true,\"valueName\":\"search_term_string\"}}],\"inLanguage\":\"fr-FR\"},{\"@type\":\"Person\",\"@id\":\"https:\/\/institutfrancais.sk\/fr\/#\/schema\/person\/38abf1b8c029535fe5735e69e3aa8ad8\",\"name\":\"Silvia Litva Polak\",\"sameAs\":[\"http:\/\/www.institutfrancais.sk\"],\"url\":\"https:\/\/institutfrancais.sk\/fr\/author\/silvia\/\"}]}<\/script>\n<!-- \/ Yoast SEO plugin. -->","yoast_head_json":{"title":"Fermeture estivale (31\/07-29\/08) - Franc\u00fazsky in\u0161tit\u00fat na Slovensku","robots":{"index":"index","follow":"follow","max-snippet":"max-snippet:-1","max-image-preview":"max-image-preview:large","max-video-preview":"max-video-preview:-1"},"canonical":"https:\/\/institutfrancais.sk\/fr\/fermeture-estivale-institut-francais\/","og_locale":"fr_FR","og_type":"article","og_title":"Fermeture estivale (31\/07-29\/08) - Franc\u00fazsky in\u0161tit\u00fat na Slovensku","og_description":"Toute l&rsquo;\u00e9quipe de l&rsquo;Institut fran\u00e7ais vous souhaite de passer un bel \u00e9t\u00e9 et vous dit \u00e0 bient\u00f4t fin ao\u00fbt pour un rendez-vous \u00e0 la m\u00e9diath\u00e8que, cours de fran\u00e7ais ou \u00e9v\u00e8nements culturels. Source de l&rsquo;image: Pexels","og_url":"https:\/\/institutfrancais.sk\/fr\/fermeture-estivale-institut-francais\/","og_site_name":"Franc\u00fazsky in\u0161tit\u00fat na Slovensku","article_published_time":"2021-07-23T14:03:15+00:00","article_modified_time":"2021-07-23T14:03:32+00:00","og_image":[{"width":2560,"height":1530,"url":"https:\/\/institutfrancais.sk\/wp-content\/uploads\/2021\/07\/pexels-min-an-13539381-scaled.jpg","type":"image\/jpeg"}],"author":"Silvia Litva Polak","twitter_card":"summary_large_image","twitter_misc":{"\u00c9crit par":"Silvia Litva Polak","Dur\u00e9e de lecture estim\u00e9e":"1 minute"},"schema":{"@context":"https:\/\/schema.org","@graph":[{"@type":"WebPage","@id":"https:\/\/institutfrancais.sk\/fr\/fermeture-estivale-institut-francais\/","url":"https:\/\/institutfrancais.sk\/fr\/fermeture-estivale-institut-francais\/","name":"Fermeture estivale (31\/07-29\/08) - Franc\u00fazsky in\u0161tit\u00fat na Slovensku","isPartOf":{"@id":"https:\/\/institutfrancais.sk\/fr\/#website"},"primaryImageOfPage":{"@id":"https:\/\/institutfrancais.sk\/fr\/fermeture-estivale-institut-francais\/#primaryimage"},"image":{"@id":"https:\/\/institutfrancais.sk\/fr\/fermeture-estivale-institut-francais\/#primaryimage"},"thumbnailUrl":"https:\/\/institutfrancais.sk\/wp-content\/uploads\/2021\/07\/pexels-min-an-13539381-scaled.jpg","datePublished":"2021-07-23T14:03:15+00:00","dateModified":"2021-07-23T14:03:32+00:00","author":{"@id":"https:\/\/institutfrancais.sk\/fr\/#\/schema\/person\/38abf1b8c029535fe5735e69e3aa8ad8"},"breadcrumb":{"@id":"https:\/\/institutfrancais.sk\/fr\/fermeture-estivale-institut-francais\/#breadcrumb"},"inLanguage":"fr-FR","potentialAction":[{"@type":"ReadAction","target":["https:\/\/institutfrancais.sk\/fr\/fermeture-estivale-institut-francais\/"]}]},{"@type":"ImageObject","inLanguage":"fr-FR","@id":"https:\/\/institutfrancais.sk\/fr\/fermeture-estivale-institut-francais\/#primaryimage","url":"https:\/\/institutfrancais.sk\/wp-content\/uploads\/2021\/07\/pexels-min-an-13539381-scaled.jpg","contentUrl":"https:\/\/institutfrancais.sk\/wp-content\/uploads\/2021\/07\/pexels-min-an-13539381-scaled.jpg","width":2560,"height":1530},{"@type":"BreadcrumbList","@id":"https:\/\/institutfrancais.sk\/fr\/fermeture-estivale-institut-francais\/#breadcrumb","itemListElement":[{"@type":"ListItem","position":1,"name":"Home","item":"https:\/\/institutfrancais.sk\/fr\/"},{"@type":"ListItem","position":2,"name":"Fermeture estivale (31\/07-29\/08)"}]},{"@type":"WebSite","@id":"https:\/\/institutfrancais.sk\/fr\/#website","url":"https:\/\/institutfrancais.sk\/fr\/","name":"Franc\u00fazsky in\u0161tit\u00fat na Slovensku","description":"Franc\u00fazsky in\u0161tit\u00fat na Slovensku","potentialAction":[{"@type":"SearchAction","target":{"@type":"EntryPoint","urlTemplate":"https:\/\/institutfrancais.sk\/fr\/?s={search_term_string}"},"query-input":{"@type":"PropertyValueSpecification","valueRequired":true,"valueName":"search_term_string"}}],"inLanguage":"fr-FR"},{"@type":"Person","@id":"https:\/\/institutfrancais.sk\/fr\/#\/schema\/person\/38abf1b8c029535fe5735e69e3aa8ad8","name":"Silvia Litva Polak","sameAs":["http:\/\/www.institutfrancais.sk"],"url":"https:\/\/institutfrancais.sk\/fr\/author\/silvia\/"}]}},"_links":{"self":[{"href":"https:\/\/institutfrancais.sk\/fr\/wp-json\/wp\/v2\/posts\/18503"}],"collection":[{"href":"https:\/\/institutfrancais.sk\/fr\/wp-json\/wp\/v2\/posts"}],"about":[{"href":"https:\/\/institutfrancais.sk\/fr\/wp-json\/wp\/v2\/types\/post"}],"author":[{"embeddable":true,"href":"https:\/\/institutfrancais.sk\/fr\/wp-json\/wp\/v2\/users\/14"}],"replies":[{"embeddable":true,"href":"https:\/\/institutfrancais.sk\/fr\/wp-json\/wp\/v2\/comments?post=18503"}],"version-history":[{"count":0,"href":"https:\/\/institutfrancais.sk\/fr\/wp-json\/wp\/v2\/posts\/18503\/revisions"}],"wp:featuredmedia":[{"embeddable":true,"href":"https:\/\/institutfrancais.sk\/fr\/wp-json\/wp\/v2\/media\/18505"}],"wp:attachment":[{"href":"https:\/\/institutfrancais.sk\/fr\/wp-json\/wp\/v2\/media?parent=18503"}],"wp:term":[{"taxonomy":"category","embeddable":true,"href":"https:\/\/institutfrancais.sk\/fr\/wp-json\/wp\/v2\/categories?post=18503"},{"taxonomy":"post_tag","embeddable":true,"href":"https:\/\/institutfrancais.sk\/fr\/wp-json\/wp\/v2\/tags?post=18503"}],"curies":[{"name":"wp","href":"https:\/\/api.w.org\/{rel}","templated":true}]}}