{"id":18653,"date":"2021-07-23T15:52:55","date_gmt":"2021-07-23T13:52:55","guid":{"rendered":"https:\/\/institutfrancais.sk\/spolocne-vyhlasenie-o-pravach-lgbt\/"},"modified":"2021-07-23T18:13:19","modified_gmt":"2021-07-23T16:13:19","slug":"spolocne-vyhlasenie-o-pravach-lgbt","status":"publish","type":"post","link":"https:\/\/institutfrancais.sk\/fr\/spolocne-vyhlasenie-o-pravach-lgbt\/","title":{"rendered":"D\u00e9claration conjointe sur les droits des LGBTI+"},"content":{"rendered":"\n<p><em>En tant qu&rsquo;amis et partenaires internationaux de la Slovaquie, nous sommes unis pour r\u00e9affirmer que toutes les personnes, quelle que soit leur orientation sexuelle ou leur identit\u00e9 de genre, doivent pouvoir jouir pleinement de leurs droits de l&rsquo;homme et de leurs libert\u00e9s fondamentales.\u00a0 Ensemble, nous c\u00e9l\u00e9brons la Bratislava Pride le 24 juillet et la Kosice Pride le 21 ao\u00fbt, ainsi que d&rsquo;autres \u00e9v\u00e9nements li\u00e9s \u00e0 la fiert\u00e9.\u00a0 La Pride est un rappel important de la contribution pr\u00e9cieuse des personnes LGBTQI+ dans toutes nos soci\u00e9t\u00e9s ainsi que de la n\u00e9cessit\u00e9 d&rsquo;une plus grande tol\u00e9rance.\u00a0<\/em><\/p>\n\n\n\n<p><em>La D\u00e9claration universelle des droits de l&rsquo;homme stipule que chacun peut se pr\u00e9valoir des droits de l&rsquo;homme et des libert\u00e9s fondamentales.\u00a0 Nous d\u00e9fendons l&rsquo;universalit\u00e9 des droits de l&rsquo;homme et soulignons ensemble la valeur commune selon laquelle chacun m\u00e9rite de vivre dans la dignit\u00e9.\u00a0 Nous respectons \u00e9galement les principes de la Charte des droits fondamentaux de l&rsquo;Union europ\u00e9enne, qui consacre le principe de l&rsquo;\u00e9galit\u00e9 de traitement de tous, y compris des personnes LGBTQI+.\u00a0 L&rsquo;inclusion, la dignit\u00e9 humaine et l&rsquo;\u00e9galit\u00e9 sont des valeurs fondamentales sur lesquelles nous ne devons pas transiger.<\/em><\/p>\n\n\n\n<p><em>La pand\u00e9mie a&nbsp;clairement montr\u00e9 que nous sommes tous interconnect\u00e9s et que nous devons rester solidaires.\u00a0 Nos succ\u00e8s futurs d\u00e9pendent de la capacit\u00e9 de chacun \u00e0 r\u00e9aliser pleinement son potentiel.\u00a0 Cela ne peut se faire que dans des soci\u00e9t\u00e9s ouvertes \u00e0 tous, fond\u00e9es sur des valeurs communes d&rsquo;\u00e9galit\u00e9, de respect et de libert\u00e9, ainsi que sur le soutien aux principes d\u00e9mocratiques, aux droits de l&rsquo;homme et \u00e0 l&rsquo;\u00c9tat de droit.\u00a0 Nous saluons les efforts visant \u00e0 garantir les droits de l&rsquo;homme de tous en R\u00e9publique slovaque, y compris des personnes LGBTQI+, et nous encourageons la tol\u00e9rance et le respect de tous dans la soci\u00e9t\u00e9 slovaque.\u00a0 Chacun m\u00e9rite un environnement s\u00fbr, exempt de peur, de violence et de harc\u00e8lement.\u00a0 Personne ne devrait \u00eatre priv\u00e9 de son v\u00e9ritable potentiel en raison de qui il est ou de qui il aime.<\/em><\/p>\n\n\n\n<p><strong>Signataires :<\/strong><br><em>Embassy of Albania<br>Embassy of Argentina<br>Embassy of Australia<br>Embassy of Austria<br>Embassy of Belgium<br>Embassy of Bulgaria<br>Embassy of Canada<br>Embassy of the Republic of Cyprus<br>Embassy of the Czech Republic<br>Embassy of Denmark<br>Representation of the European Commission<br>Embassy of Ecuador<br>Embassy of Finland<br>Embassy of France<br>Embassy of Germany<br>Embassy of Greece<br>Embassy of Iceland<br>Embassy of Ireland<br>Embassy of Israel<br>Embassy of Italy<br>Embassy of Latvia<br>Embassy of Lithuania<br>Embassy of Luxembourg<br>Embassy of Malta<br>Embassy of Mexico<br>Embassy of the Netherlands<br>Embassy of New Zealand<br>Embassy of Norway<br>Embassy of Portugal<br>Embassy of Romania<br>Embassy of Slovenia<br>Embassy of Spain<br>Embassy of Sweden<br>Embassy of Switzerland<br>Embassy of the United Kingdom of Great Britain and Northern Ireland<br>Embassy of the United States of America<br>Embassy of Uruguay<\/em><\/p>\n\n\n\n<p><em><strong>Cette d\u00e9claration est \u00e9galement sign\u00e9e par : <\/strong><br>The Mayor of Bratislava, Mr.&nbsp;Matus Vallo<br>The President of Bratislava Self-governing Region, Mr.&nbsp;Juraj Droba<\/em><\/p>\n","protected":false},"excerpt":{"rendered":"<p>En tant qu&rsquo;amis et partenaires internationaux de la Slovaquie, nous sommes unis pour r\u00e9affirmer que toutes les personnes, quelle que soit leur orientation sexuelle ou leur identit\u00e9 de genre, doivent pouvoir jouir pleinement de leurs droits de l&rsquo;homme et de leurs libert\u00e9s fondamentales.\u00a0 Ensemble, nous c\u00e9l\u00e9brons la Bratislava Pride le 24 juillet et la Kosice [&hellip;]<\/p>\n","protected":false},"author":14,"featured_media":18649,"comment_status":"closed","ping_status":"closed","sticky":false,"template":"","format":"standard","meta":{"_acf_changed":false,"footnotes":""},"categories":[245,253],"tags":[],"acf":[],"yoast_head":"<!-- This site is optimized with the Yoast SEO plugin v24.5 - https:\/\/yoast.com\/wordpress\/plugins\/seo\/ -->\n<title>D\u00e9claration conjointe sur les droits des LGBTI+ - Franc\u00fazsky in\u0161tit\u00fat na Slovensku<\/title>\n<meta name=\"robots\" content=\"index, follow, max-snippet:-1, max-image-preview:large, max-video-preview:-1\" \/>\n<link rel=\"canonical\" href=\"https:\/\/institutfrancais.sk\/fr\/spolocne-vyhlasenie-o-pravach-lgbt\/\" \/>\n<meta property=\"og:locale\" content=\"fr_FR\" \/>\n<meta property=\"og:type\" content=\"article\" \/>\n<meta property=\"og:title\" content=\"D\u00e9claration conjointe sur les droits des LGBTI+ - Franc\u00fazsky in\u0161tit\u00fat na Slovensku\" \/>\n<meta property=\"og:description\" content=\"En tant qu&rsquo;amis et partenaires internationaux de la Slovaquie, nous sommes unis pour r\u00e9affirmer que toutes les personnes, quelle que soit leur orientation sexuelle ou leur identit\u00e9 de genre, doivent pouvoir jouir pleinement de leurs droits de l&rsquo;homme et de leurs libert\u00e9s fondamentales.\u00a0 Ensemble, nous c\u00e9l\u00e9brons la Bratislava Pride le 24 juillet et la Kosice [&hellip;]\" \/>\n<meta property=\"og:url\" content=\"https:\/\/institutfrancais.sk\/fr\/spolocne-vyhlasenie-o-pravach-lgbt\/\" \/>\n<meta property=\"og:site_name\" content=\"Franc\u00fazsky in\u0161tit\u00fat na Slovensku\" \/>\n<meta property=\"article:published_time\" content=\"2021-07-23T13:52:55+00:00\" \/>\n<meta property=\"article:modified_time\" content=\"2021-07-23T16:13:19+00:00\" \/>\n<meta property=\"og:image\" content=\"https:\/\/institutfrancais.sk\/wp-content\/uploads\/2021\/07\/LGBTI-flag-scaled.jpg\" \/>\n\t<meta property=\"og:image:width\" content=\"2560\" \/>\n\t<meta property=\"og:image:height\" content=\"1902\" \/>\n\t<meta property=\"og:image:type\" content=\"image\/jpeg\" \/>\n<meta name=\"author\" content=\"Silvia Litva Polak\" \/>\n<meta name=\"twitter:card\" content=\"summary_large_image\" \/>\n<meta name=\"twitter:label1\" content=\"\u00c9crit par\" \/>\n\t<meta name=\"twitter:data1\" content=\"Silvia Litva Polak\" \/>\n\t<meta name=\"twitter:label2\" content=\"Dur\u00e9e de lecture estim\u00e9e\" \/>\n\t<meta name=\"twitter:data2\" content=\"3 minutes\" \/>\n<script type=\"application\/ld+json\" class=\"yoast-schema-graph\">{\"@context\":\"https:\/\/schema.org\",\"@graph\":[{\"@type\":\"WebPage\",\"@id\":\"https:\/\/institutfrancais.sk\/fr\/spolocne-vyhlasenie-o-pravach-lgbt\/\",\"url\":\"https:\/\/institutfrancais.sk\/fr\/spolocne-vyhlasenie-o-pravach-lgbt\/\",\"name\":\"D\u00e9claration conjointe sur les droits des LGBTI+ - Franc\u00fazsky in\u0161tit\u00fat na Slovensku\",\"isPartOf\":{\"@id\":\"https:\/\/institutfrancais.sk\/fr\/#website\"},\"primaryImageOfPage\":{\"@id\":\"https:\/\/institutfrancais.sk\/fr\/spolocne-vyhlasenie-o-pravach-lgbt\/#primaryimage\"},\"image\":{\"@id\":\"https:\/\/institutfrancais.sk\/fr\/spolocne-vyhlasenie-o-pravach-lgbt\/#primaryimage\"},\"thumbnailUrl\":\"https:\/\/institutfrancais.sk\/wp-content\/uploads\/2021\/07\/LGBTI-flag-scaled.jpg\",\"datePublished\":\"2021-07-23T13:52:55+00:00\",\"dateModified\":\"2021-07-23T16:13:19+00:00\",\"author\":{\"@id\":\"https:\/\/institutfrancais.sk\/fr\/#\/schema\/person\/38abf1b8c029535fe5735e69e3aa8ad8\"},\"breadcrumb\":{\"@id\":\"https:\/\/institutfrancais.sk\/fr\/spolocne-vyhlasenie-o-pravach-lgbt\/#breadcrumb\"},\"inLanguage\":\"fr-FR\",\"potentialAction\":[{\"@type\":\"ReadAction\",\"target\":[\"https:\/\/institutfrancais.sk\/fr\/spolocne-vyhlasenie-o-pravach-lgbt\/\"]}]},{\"@type\":\"ImageObject\",\"inLanguage\":\"fr-FR\",\"@id\":\"https:\/\/institutfrancais.sk\/fr\/spolocne-vyhlasenie-o-pravach-lgbt\/#primaryimage\",\"url\":\"https:\/\/institutfrancais.sk\/wp-content\/uploads\/2021\/07\/LGBTI-flag-scaled.jpg\",\"contentUrl\":\"https:\/\/institutfrancais.sk\/wp-content\/uploads\/2021\/07\/LGBTI-flag-scaled.jpg\",\"width\":2560,\"height\":1902},{\"@type\":\"BreadcrumbList\",\"@id\":\"https:\/\/institutfrancais.sk\/fr\/spolocne-vyhlasenie-o-pravach-lgbt\/#breadcrumb\",\"itemListElement\":[{\"@type\":\"ListItem\",\"position\":1,\"name\":\"Home\",\"item\":\"https:\/\/institutfrancais.sk\/fr\/\"},{\"@type\":\"ListItem\",\"position\":2,\"name\":\"D\u00e9claration conjointe sur les droits des LGBTI+\"}]},{\"@type\":\"WebSite\",\"@id\":\"https:\/\/institutfrancais.sk\/fr\/#website\",\"url\":\"https:\/\/institutfrancais.sk\/fr\/\",\"name\":\"Franc\u00fazsky in\u0161tit\u00fat na Slovensku\",\"description\":\"Franc\u00fazsky in\u0161tit\u00fat na Slovensku\",\"potentialAction\":[{\"@type\":\"SearchAction\",\"target\":{\"@type\":\"EntryPoint\",\"urlTemplate\":\"https:\/\/institutfrancais.sk\/fr\/?s={search_term_string}\"},\"query-input\":{\"@type\":\"PropertyValueSpecification\",\"valueRequired\":true,\"valueName\":\"search_term_string\"}}],\"inLanguage\":\"fr-FR\"},{\"@type\":\"Person\",\"@id\":\"https:\/\/institutfrancais.sk\/fr\/#\/schema\/person\/38abf1b8c029535fe5735e69e3aa8ad8\",\"name\":\"Silvia Litva Polak\",\"sameAs\":[\"http:\/\/www.institutfrancais.sk\"],\"url\":\"https:\/\/institutfrancais.sk\/fr\/author\/silvia\/\"}]}<\/script>\n<!-- \/ Yoast SEO plugin. -->","yoast_head_json":{"title":"D\u00e9claration conjointe sur les droits des LGBTI+ - Franc\u00fazsky in\u0161tit\u00fat na Slovensku","robots":{"index":"index","follow":"follow","max-snippet":"max-snippet:-1","max-image-preview":"max-image-preview:large","max-video-preview":"max-video-preview:-1"},"canonical":"https:\/\/institutfrancais.sk\/fr\/spolocne-vyhlasenie-o-pravach-lgbt\/","og_locale":"fr_FR","og_type":"article","og_title":"D\u00e9claration conjointe sur les droits des LGBTI+ - Franc\u00fazsky in\u0161tit\u00fat na Slovensku","og_description":"En tant qu&rsquo;amis et partenaires internationaux de la Slovaquie, nous sommes unis pour r\u00e9affirmer que toutes les personnes, quelle que soit leur orientation sexuelle ou leur identit\u00e9 de genre, doivent pouvoir jouir pleinement de leurs droits de l&rsquo;homme et de leurs libert\u00e9s fondamentales.\u00a0 Ensemble, nous c\u00e9l\u00e9brons la Bratislava Pride le 24 juillet et la Kosice [&hellip;]","og_url":"https:\/\/institutfrancais.sk\/fr\/spolocne-vyhlasenie-o-pravach-lgbt\/","og_site_name":"Franc\u00fazsky in\u0161tit\u00fat na Slovensku","article_published_time":"2021-07-23T13:52:55+00:00","article_modified_time":"2021-07-23T16:13:19+00:00","og_image":[{"width":2560,"height":1902,"url":"https:\/\/institutfrancais.sk\/wp-content\/uploads\/2021\/07\/LGBTI-flag-scaled.jpg","type":"image\/jpeg"}],"author":"Silvia Litva Polak","twitter_card":"summary_large_image","twitter_misc":{"\u00c9crit par":"Silvia Litva Polak","Dur\u00e9e de lecture estim\u00e9e":"3 minutes"},"schema":{"@context":"https:\/\/schema.org","@graph":[{"@type":"WebPage","@id":"https:\/\/institutfrancais.sk\/fr\/spolocne-vyhlasenie-o-pravach-lgbt\/","url":"https:\/\/institutfrancais.sk\/fr\/spolocne-vyhlasenie-o-pravach-lgbt\/","name":"D\u00e9claration conjointe sur les droits des LGBTI+ - Franc\u00fazsky in\u0161tit\u00fat na Slovensku","isPartOf":{"@id":"https:\/\/institutfrancais.sk\/fr\/#website"},"primaryImageOfPage":{"@id":"https:\/\/institutfrancais.sk\/fr\/spolocne-vyhlasenie-o-pravach-lgbt\/#primaryimage"},"image":{"@id":"https:\/\/institutfrancais.sk\/fr\/spolocne-vyhlasenie-o-pravach-lgbt\/#primaryimage"},"thumbnailUrl":"https:\/\/institutfrancais.sk\/wp-content\/uploads\/2021\/07\/LGBTI-flag-scaled.jpg","datePublished":"2021-07-23T13:52:55+00:00","dateModified":"2021-07-23T16:13:19+00:00","author":{"@id":"https:\/\/institutfrancais.sk\/fr\/#\/schema\/person\/38abf1b8c029535fe5735e69e3aa8ad8"},"breadcrumb":{"@id":"https:\/\/institutfrancais.sk\/fr\/spolocne-vyhlasenie-o-pravach-lgbt\/#breadcrumb"},"inLanguage":"fr-FR","potentialAction":[{"@type":"ReadAction","target":["https:\/\/institutfrancais.sk\/fr\/spolocne-vyhlasenie-o-pravach-lgbt\/"]}]},{"@type":"ImageObject","inLanguage":"fr-FR","@id":"https:\/\/institutfrancais.sk\/fr\/spolocne-vyhlasenie-o-pravach-lgbt\/#primaryimage","url":"https:\/\/institutfrancais.sk\/wp-content\/uploads\/2021\/07\/LGBTI-flag-scaled.jpg","contentUrl":"https:\/\/institutfrancais.sk\/wp-content\/uploads\/2021\/07\/LGBTI-flag-scaled.jpg","width":2560,"height":1902},{"@type":"BreadcrumbList","@id":"https:\/\/institutfrancais.sk\/fr\/spolocne-vyhlasenie-o-pravach-lgbt\/#breadcrumb","itemListElement":[{"@type":"ListItem","position":1,"name":"Home","item":"https:\/\/institutfrancais.sk\/fr\/"},{"@type":"ListItem","position":2,"name":"D\u00e9claration conjointe sur les droits des LGBTI+"}]},{"@type":"WebSite","@id":"https:\/\/institutfrancais.sk\/fr\/#website","url":"https:\/\/institutfrancais.sk\/fr\/","name":"Franc\u00fazsky in\u0161tit\u00fat na Slovensku","description":"Franc\u00fazsky in\u0161tit\u00fat na Slovensku","potentialAction":[{"@type":"SearchAction","target":{"@type":"EntryPoint","urlTemplate":"https:\/\/institutfrancais.sk\/fr\/?s={search_term_string}"},"query-input":{"@type":"PropertyValueSpecification","valueRequired":true,"valueName":"search_term_string"}}],"inLanguage":"fr-FR"},{"@type":"Person","@id":"https:\/\/institutfrancais.sk\/fr\/#\/schema\/person\/38abf1b8c029535fe5735e69e3aa8ad8","name":"Silvia Litva Polak","sameAs":["http:\/\/www.institutfrancais.sk"],"url":"https:\/\/institutfrancais.sk\/fr\/author\/silvia\/"}]}},"_links":{"self":[{"href":"https:\/\/institutfrancais.sk\/fr\/wp-json\/wp\/v2\/posts\/18653"}],"collection":[{"href":"https:\/\/institutfrancais.sk\/fr\/wp-json\/wp\/v2\/posts"}],"about":[{"href":"https:\/\/institutfrancais.sk\/fr\/wp-json\/wp\/v2\/types\/post"}],"author":[{"embeddable":true,"href":"https:\/\/institutfrancais.sk\/fr\/wp-json\/wp\/v2\/users\/14"}],"replies":[{"embeddable":true,"href":"https:\/\/institutfrancais.sk\/fr\/wp-json\/wp\/v2\/comments?post=18653"}],"version-history":[{"count":0,"href":"https:\/\/institutfrancais.sk\/fr\/wp-json\/wp\/v2\/posts\/18653\/revisions"}],"wp:featuredmedia":[{"embeddable":true,"href":"https:\/\/institutfrancais.sk\/fr\/wp-json\/wp\/v2\/media\/18649"}],"wp:attachment":[{"href":"https:\/\/institutfrancais.sk\/fr\/wp-json\/wp\/v2\/media?parent=18653"}],"wp:term":[{"taxonomy":"category","embeddable":true,"href":"https:\/\/institutfrancais.sk\/fr\/wp-json\/wp\/v2\/categories?post=18653"},{"taxonomy":"post_tag","embeddable":true,"href":"https:\/\/institutfrancais.sk\/fr\/wp-json\/wp\/v2\/tags?post=18653"}],"curies":[{"name":"wp","href":"https:\/\/api.w.org\/{rel}","templated":true}]}}