{"id":21788,"date":"2022-03-11T15:00:37","date_gmt":"2022-03-11T14:00:37","guid":{"rendered":"https:\/\/institutfrancais.sk\/svetoznamy-skolitel-adrien-payet-zavital-na-slovensko\/"},"modified":"2022-03-15T15:11:37","modified_gmt":"2022-03-15T14:11:37","slug":"adrien-payet-formateur-fle-vedette-en-slovaquie","status":"publish","type":"post","link":"https:\/\/institutfrancais.sk\/fr\/adrien-payet-formateur-fle-vedette-en-slovaquie\/","title":{"rendered":"Adrien Payet, formateur de FLE vedette, en Slovaquie !"},"content":{"rendered":"\n<p><strong>Adrien Payet <\/strong>est sp\u00e9cialiste du th\u00e9\u00e2tre comme outil p\u00e9dagogique et auteur d&rsquo;un grand nombre d&rsquo;ouvrages didactiques et m\u00e9thodologiques. C&rsquo;est dans le cadre du programme du Mois de la Francophonie qu&rsquo;il s&rsquo;est rendu en Slovaquie pour proposer deux formations destin\u00e9es aux enseignants et professeurs de fran\u00e7ais langue \u00e9trang\u00e8re, qui se sont d\u00e9roul\u00e9es le jeudi 10 mars 2022 \u00e0 l&rsquo;Alliance Fran\u00e7aise de Ko\u0161ice et le vendredi 11 mars 2022 \u00e0 l&rsquo;Institut fran\u00e7ais \u00e0 Bratislava.<\/p>\n\n\n\n<p>Un grand succ\u00e8s pour ces deux jours de formations, puisque pas moins de <strong>40 professeurs<\/strong> ont \u00e9t\u00e9 form\u00e9s aux nouvelles techniques didactiques \u00e0 utiliser avec un public adolescent\u00a0!<\/p>\n\n\n\n<p>Jeux de th\u00e9\u00e2tre pour apprendre la grammaire, utiliser TikTok pour se pr\u00e9senter, cr\u00e9er des avatars pour la description physique ou encore rapper pour exprimer ses go\u00fbts \u2026 Les professeurs sont repartis avec des dizaines d\u2019id\u00e9es \u00e0 mettre en pratique d\u00e8s aujourd\u2019hui.<\/p>\n\n\n<div class=\"space\"><\/div>\n\n\n<figure class=\"wp-block-gallery columns-3 is-cropped wp-block-gallery-1 is-layout-flex wp-block-gallery-is-layout-flex\"><ul class=\"blocks-gallery-grid\"><li class=\"blocks-gallery-item\"><figure><img loading=\"lazy\" decoding=\"async\" width=\"1024\" height=\"768\" src=\"https:\/\/institutfrancais.sk\/wp-content\/uploads\/2022\/03\/Formation-PROFS-Kosice-1-1024x768.jpg\" alt=\"\" data-id=\"21774\" data-full-url=\"https:\/\/institutfrancais.sk\/wp-content\/uploads\/2022\/03\/Formation-PROFS-Kosice-1-scaled.jpg\" data-link=\"https:\/\/institutfrancais.sk\/?attachment_id=21774\" class=\"wp-image-21774\" srcset=\"https:\/\/institutfrancais.sk\/wp-content\/uploads\/2022\/03\/Formation-PROFS-Kosice-1-1024x768.jpg 1024w, https:\/\/institutfrancais.sk\/wp-content\/uploads\/2022\/03\/Formation-PROFS-Kosice-1-300x225.jpg 300w, https:\/\/institutfrancais.sk\/wp-content\/uploads\/2022\/03\/Formation-PROFS-Kosice-1-768x576.jpg 768w, https:\/\/institutfrancais.sk\/wp-content\/uploads\/2022\/03\/Formation-PROFS-Kosice-1-1536x1152.jpg 1536w, https:\/\/institutfrancais.sk\/wp-content\/uploads\/2022\/03\/Formation-PROFS-Kosice-1-2048x1536.jpg 2048w, https:\/\/institutfrancais.sk\/wp-content\/uploads\/2022\/03\/Formation-PROFS-Kosice-1-1190x893.jpg 1190w, https:\/\/institutfrancais.sk\/wp-content\/uploads\/2022\/03\/Formation-PROFS-Kosice-1-1333x1000.jpg 1333w\" sizes=\"(max-width: 1024px) 100vw, 1024px\" \/><\/figure><\/li><li class=\"blocks-gallery-item\"><figure><img loading=\"lazy\" decoding=\"async\" width=\"1024\" height=\"768\" src=\"https:\/\/institutfrancais.sk\/wp-content\/uploads\/2022\/03\/Formation-PROFS-Kosice-5-1024x768.jpg\" alt=\"\" data-id=\"21776\" data-full-url=\"https:\/\/institutfrancais.sk\/wp-content\/uploads\/2022\/03\/Formation-PROFS-Kosice-5-scaled.jpg\" data-link=\"https:\/\/institutfrancais.sk\/?attachment_id=21776\" class=\"wp-image-21776\" srcset=\"https:\/\/institutfrancais.sk\/wp-content\/uploads\/2022\/03\/Formation-PROFS-Kosice-5-1024x768.jpg 1024w, https:\/\/institutfrancais.sk\/wp-content\/uploads\/2022\/03\/Formation-PROFS-Kosice-5-300x225.jpg 300w, https:\/\/institutfrancais.sk\/wp-content\/uploads\/2022\/03\/Formation-PROFS-Kosice-5-768x576.jpg 768w, https:\/\/institutfrancais.sk\/wp-content\/uploads\/2022\/03\/Formation-PROFS-Kosice-5-1536x1152.jpg 1536w, https:\/\/institutfrancais.sk\/wp-content\/uploads\/2022\/03\/Formation-PROFS-Kosice-5-2048x1536.jpg 2048w, https:\/\/institutfrancais.sk\/wp-content\/uploads\/2022\/03\/Formation-PROFS-Kosice-5-1190x893.jpg 1190w, https:\/\/institutfrancais.sk\/wp-content\/uploads\/2022\/03\/Formation-PROFS-Kosice-5-1333x1000.jpg 1333w\" sizes=\"(max-width: 1024px) 100vw, 1024px\" \/><\/figure><\/li><li class=\"blocks-gallery-item\"><figure><img loading=\"lazy\" decoding=\"async\" width=\"1024\" height=\"766\" src=\"https:\/\/institutfrancais.sk\/wp-content\/uploads\/2022\/03\/IMG_20220311_103425-1024x766.jpg\" alt=\"\" data-id=\"21778\" data-full-url=\"https:\/\/institutfrancais.sk\/wp-content\/uploads\/2022\/03\/IMG_20220311_103425-scaled.jpg\" data-link=\"https:\/\/institutfrancais.sk\/?attachment_id=21778\" class=\"wp-image-21778\" srcset=\"https:\/\/institutfrancais.sk\/wp-content\/uploads\/2022\/03\/IMG_20220311_103425-1024x766.jpg 1024w, https:\/\/institutfrancais.sk\/wp-content\/uploads\/2022\/03\/IMG_20220311_103425-300x224.jpg 300w, https:\/\/institutfrancais.sk\/wp-content\/uploads\/2022\/03\/IMG_20220311_103425-768x575.jpg 768w, https:\/\/institutfrancais.sk\/wp-content\/uploads\/2022\/03\/IMG_20220311_103425-1536x1149.jpg 1536w, https:\/\/institutfrancais.sk\/wp-content\/uploads\/2022\/03\/IMG_20220311_103425-2048x1532.jpg 2048w, https:\/\/institutfrancais.sk\/wp-content\/uploads\/2022\/03\/IMG_20220311_103425-1190x890.jpg 1190w, https:\/\/institutfrancais.sk\/wp-content\/uploads\/2022\/03\/IMG_20220311_103425-1336x1000.jpg 1336w\" sizes=\"(max-width: 1024px) 100vw, 1024px\" \/><\/figure><\/li><li class=\"blocks-gallery-item\"><figure><img loading=\"lazy\" decoding=\"async\" width=\"1024\" height=\"766\" src=\"https:\/\/institutfrancais.sk\/wp-content\/uploads\/2022\/03\/IMG_20220311_120707-1024x766.jpg\" alt=\"\" data-id=\"21780\" data-full-url=\"https:\/\/institutfrancais.sk\/wp-content\/uploads\/2022\/03\/IMG_20220311_120707-scaled.jpg\" data-link=\"https:\/\/institutfrancais.sk\/?attachment_id=21780\" class=\"wp-image-21780\" srcset=\"https:\/\/institutfrancais.sk\/wp-content\/uploads\/2022\/03\/IMG_20220311_120707-1024x766.jpg 1024w, https:\/\/institutfrancais.sk\/wp-content\/uploads\/2022\/03\/IMG_20220311_120707-300x224.jpg 300w, https:\/\/institutfrancais.sk\/wp-content\/uploads\/2022\/03\/IMG_20220311_120707-768x575.jpg 768w, https:\/\/institutfrancais.sk\/wp-content\/uploads\/2022\/03\/IMG_20220311_120707-1536x1149.jpg 1536w, https:\/\/institutfrancais.sk\/wp-content\/uploads\/2022\/03\/IMG_20220311_120707-2048x1532.jpg 2048w, https:\/\/institutfrancais.sk\/wp-content\/uploads\/2022\/03\/IMG_20220311_120707-1190x890.jpg 1190w, https:\/\/institutfrancais.sk\/wp-content\/uploads\/2022\/03\/IMG_20220311_120707-1336x1000.jpg 1336w\" sizes=\"(max-width: 1024px) 100vw, 1024px\" \/><\/figure><\/li><li class=\"blocks-gallery-item\"><figure><img loading=\"lazy\" decoding=\"async\" width=\"1024\" height=\"766\" src=\"https:\/\/institutfrancais.sk\/wp-content\/uploads\/2022\/03\/IMG_20220311_134958-1024x766.jpg\" alt=\"\" data-id=\"21782\" data-full-url=\"https:\/\/institutfrancais.sk\/wp-content\/uploads\/2022\/03\/IMG_20220311_134958-scaled.jpg\" data-link=\"https:\/\/institutfrancais.sk\/?attachment_id=21782\" class=\"wp-image-21782\" srcset=\"https:\/\/institutfrancais.sk\/wp-content\/uploads\/2022\/03\/IMG_20220311_134958-1024x766.jpg 1024w, https:\/\/institutfrancais.sk\/wp-content\/uploads\/2022\/03\/IMG_20220311_134958-300x224.jpg 300w, https:\/\/institutfrancais.sk\/wp-content\/uploads\/2022\/03\/IMG_20220311_134958-768x575.jpg 768w, https:\/\/institutfrancais.sk\/wp-content\/uploads\/2022\/03\/IMG_20220311_134958-1536x1149.jpg 1536w, https:\/\/institutfrancais.sk\/wp-content\/uploads\/2022\/03\/IMG_20220311_134958-2048x1532.jpg 2048w, https:\/\/institutfrancais.sk\/wp-content\/uploads\/2022\/03\/IMG_20220311_134958-1190x890.jpg 1190w, https:\/\/institutfrancais.sk\/wp-content\/uploads\/2022\/03\/IMG_20220311_134958-1336x1000.jpg 1336w\" sizes=\"(max-width: 1024px) 100vw, 1024px\" \/><\/figure><\/li><\/ul><\/figure>\n\n\n<div class=\"space\"><\/div>\n\n<\/div><div class=\"cta-box full-width\"><div class=\"content dark-blue\"><div class=\"cta-box-content\"><div class=\"left-side\"><div class=\"left-content\"><h2>Cours de fran\u00e7ais &#8211;&nbsp;session de printemps<\/h2>\n<p>Nouvelle offre de cours pour enfants, adultes et seniors. Venez f\u00eater l&rsquo;arriv\u00e9e du printemps en fran\u00e7ais !<\/p>\n<\/div><a class=\"btn btn-white\" href=\"https:\/\/institutfrancais.sk\/fr\/cours-de-francais-session-de-printemps-2022\/\">Plus d&rsquo;infos<\/a><\/div><div class=\"right-side\"><div class=\"right-content\"><p><img loading=\"lazy\" decoding=\"async\" class=\"wp-image-21707 alignright\" src=\"https:\/\/institutfrancais.sk\/wp-content\/uploads\/2022\/03\/Cours-FB-event-vide-300x169.png\" alt=\"\" width=\"375\" height=\"211\" srcset=\"https:\/\/institutfrancais.sk\/wp-content\/uploads\/2022\/03\/Cours-FB-event-vide-300x169.png 300w, https:\/\/institutfrancais.sk\/wp-content\/uploads\/2022\/03\/Cours-FB-event-vide-1024x576.png 1024w, https:\/\/institutfrancais.sk\/wp-content\/uploads\/2022\/03\/Cours-FB-event-vide-768x432.png 768w, https:\/\/institutfrancais.sk\/wp-content\/uploads\/2022\/03\/Cours-FB-event-vide-1536x864.png 1536w, https:\/\/institutfrancais.sk\/wp-content\/uploads\/2022\/03\/Cours-FB-event-vide-1190x669.png 1190w, https:\/\/institutfrancais.sk\/wp-content\/uploads\/2022\/03\/Cours-FB-event-vide-1690x951.png 1690w, https:\/\/institutfrancais.sk\/wp-content\/uploads\/2022\/03\/Cours-FB-event-vide.png 1920w\" sizes=\"(max-width: 375px) 100vw, 375px\" \/><\/p>\n<\/div><\/div><\/div><\/div><\/div><div class=\"wrap narrow-wrap\">","protected":false},"excerpt":{"rendered":"<p>Adrien Payet est sp\u00e9cialiste du th\u00e9\u00e2tre comme outil p\u00e9dagogique et auteur d&rsquo;un grand nombre d&rsquo;ouvrages didactiques et m\u00e9thodologiques. C&rsquo;est dans le cadre du programme du Mois de la Francophonie qu&rsquo;il s&rsquo;est rendu en Slovaquie pour proposer deux formations destin\u00e9es aux enseignants et professeurs de fran\u00e7ais langue \u00e9trang\u00e8re, qui se sont d\u00e9roul\u00e9es le jeudi 10 mars [&hellip;]<\/p>\n","protected":false},"author":14,"featured_media":21773,"comment_status":"closed","ping_status":"closed","sticky":false,"template":"","format":"standard","meta":{"_acf_changed":false,"footnotes":""},"categories":[167,85],"tags":[],"acf":[],"yoast_head":"<!-- This site is optimized with the Yoast SEO plugin v24.5 - https:\/\/yoast.com\/wordpress\/plugins\/seo\/ -->\n<title>Adrien Payet, formateur de FLE vedette, en Slovaquie ! - Franc\u00fazsky in\u0161tit\u00fat na Slovensku<\/title>\n<meta name=\"description\" content=\"V r\u00e1mci Mesiaca Frankof\u00f3nie sme mali mo\u017enos\u0165 priv\u00edta\u0165 na Slovensku hviezdneho \u0161kolite\u013ea v oblasti franc\u00faz\u0161tiny ako cudzieho jazyka - Adrien Payet!\" \/>\n<meta name=\"robots\" content=\"index, follow, max-snippet:-1, max-image-preview:large, max-video-preview:-1\" \/>\n<link rel=\"canonical\" href=\"https:\/\/institutfrancais.sk\/fr\/adrien-payet-formateur-fle-vedette-en-slovaquie\/\" \/>\n<meta property=\"og:locale\" content=\"fr_FR\" \/>\n<meta property=\"og:type\" content=\"article\" \/>\n<meta property=\"og:title\" content=\"Adrien Payet, formateur de FLE vedette, en Slovaquie ! - Franc\u00fazsky in\u0161tit\u00fat na Slovensku\" \/>\n<meta property=\"og:description\" content=\"V r\u00e1mci Mesiaca Frankof\u00f3nie sme mali mo\u017enos\u0165 priv\u00edta\u0165 na Slovensku hviezdneho \u0161kolite\u013ea v oblasti franc\u00faz\u0161tiny ako cudzieho jazyka - Adrien Payet!\" \/>\n<meta property=\"og:url\" content=\"https:\/\/institutfrancais.sk\/fr\/adrien-payet-formateur-fle-vedette-en-slovaquie\/\" \/>\n<meta property=\"og:site_name\" content=\"Franc\u00fazsky in\u0161tit\u00fat na Slovensku\" \/>\n<meta property=\"article:published_time\" content=\"2022-03-11T14:00:37+00:00\" \/>\n<meta property=\"article:modified_time\" content=\"2022-03-15T14:11:37+00:00\" \/>\n<meta property=\"og:image\" content=\"https:\/\/institutfrancais.sk\/wp-content\/uploads\/2022\/03\/IMG_20220311_102221-scaled.jpg\" \/>\n\t<meta property=\"og:image:width\" content=\"2560\" \/>\n\t<meta property=\"og:image:height\" content=\"1916\" \/>\n\t<meta property=\"og:image:type\" content=\"image\/jpeg\" \/>\n<meta name=\"author\" content=\"Silvia Litva Polak\" \/>\n<meta name=\"twitter:card\" content=\"summary_large_image\" \/>\n<meta name=\"twitter:label1\" content=\"\u00c9crit par\" \/>\n\t<meta name=\"twitter:data1\" content=\"Silvia Litva Polak\" \/>\n\t<meta name=\"twitter:label2\" content=\"Dur\u00e9e de lecture estim\u00e9e\" \/>\n\t<meta name=\"twitter:data2\" content=\"2 minutes\" \/>\n<script type=\"application\/ld+json\" class=\"yoast-schema-graph\">{\"@context\":\"https:\/\/schema.org\",\"@graph\":[{\"@type\":\"WebPage\",\"@id\":\"https:\/\/institutfrancais.sk\/fr\/adrien-payet-formateur-fle-vedette-en-slovaquie\/\",\"url\":\"https:\/\/institutfrancais.sk\/fr\/adrien-payet-formateur-fle-vedette-en-slovaquie\/\",\"name\":\"Adrien Payet, formateur de FLE vedette, en Slovaquie ! - Franc\u00fazsky in\u0161tit\u00fat na Slovensku\",\"isPartOf\":{\"@id\":\"https:\/\/institutfrancais.sk\/fr\/#website\"},\"primaryImageOfPage\":{\"@id\":\"https:\/\/institutfrancais.sk\/fr\/adrien-payet-formateur-fle-vedette-en-slovaquie\/#primaryimage\"},\"image\":{\"@id\":\"https:\/\/institutfrancais.sk\/fr\/adrien-payet-formateur-fle-vedette-en-slovaquie\/#primaryimage\"},\"thumbnailUrl\":\"https:\/\/institutfrancais.sk\/wp-content\/uploads\/2022\/03\/IMG_20220311_102221-scaled.jpg\",\"datePublished\":\"2022-03-11T14:00:37+00:00\",\"dateModified\":\"2022-03-15T14:11:37+00:00\",\"author\":{\"@id\":\"https:\/\/institutfrancais.sk\/fr\/#\/schema\/person\/38abf1b8c029535fe5735e69e3aa8ad8\"},\"description\":\"V r\u00e1mci Mesiaca Frankof\u00f3nie sme mali mo\u017enos\u0165 priv\u00edta\u0165 na Slovensku hviezdneho \u0161kolite\u013ea v oblasti franc\u00faz\u0161tiny ako cudzieho jazyka - Adrien Payet!\",\"breadcrumb\":{\"@id\":\"https:\/\/institutfrancais.sk\/fr\/adrien-payet-formateur-fle-vedette-en-slovaquie\/#breadcrumb\"},\"inLanguage\":\"fr-FR\",\"potentialAction\":[{\"@type\":\"ReadAction\",\"target\":[\"https:\/\/institutfrancais.sk\/fr\/adrien-payet-formateur-fle-vedette-en-slovaquie\/\"]}]},{\"@type\":\"ImageObject\",\"inLanguage\":\"fr-FR\",\"@id\":\"https:\/\/institutfrancais.sk\/fr\/adrien-payet-formateur-fle-vedette-en-slovaquie\/#primaryimage\",\"url\":\"https:\/\/institutfrancais.sk\/wp-content\/uploads\/2022\/03\/IMG_20220311_102221-scaled.jpg\",\"contentUrl\":\"https:\/\/institutfrancais.sk\/wp-content\/uploads\/2022\/03\/IMG_20220311_102221-scaled.jpg\",\"width\":2560,\"height\":1916},{\"@type\":\"BreadcrumbList\",\"@id\":\"https:\/\/institutfrancais.sk\/fr\/adrien-payet-formateur-fle-vedette-en-slovaquie\/#breadcrumb\",\"itemListElement\":[{\"@type\":\"ListItem\",\"position\":1,\"name\":\"Home\",\"item\":\"https:\/\/institutfrancais.sk\/fr\/\"},{\"@type\":\"ListItem\",\"position\":2,\"name\":\"Adrien Payet, formateur de FLE vedette, en Slovaquie !\"}]},{\"@type\":\"WebSite\",\"@id\":\"https:\/\/institutfrancais.sk\/fr\/#website\",\"url\":\"https:\/\/institutfrancais.sk\/fr\/\",\"name\":\"Franc\u00fazsky in\u0161tit\u00fat na Slovensku\",\"description\":\"Franc\u00fazsky in\u0161tit\u00fat na Slovensku\",\"potentialAction\":[{\"@type\":\"SearchAction\",\"target\":{\"@type\":\"EntryPoint\",\"urlTemplate\":\"https:\/\/institutfrancais.sk\/fr\/?s={search_term_string}\"},\"query-input\":{\"@type\":\"PropertyValueSpecification\",\"valueRequired\":true,\"valueName\":\"search_term_string\"}}],\"inLanguage\":\"fr-FR\"},{\"@type\":\"Person\",\"@id\":\"https:\/\/institutfrancais.sk\/fr\/#\/schema\/person\/38abf1b8c029535fe5735e69e3aa8ad8\",\"name\":\"Silvia Litva Polak\",\"sameAs\":[\"http:\/\/www.institutfrancais.sk\"],\"url\":\"https:\/\/institutfrancais.sk\/fr\/author\/silvia\/\"}]}<\/script>\n<!-- \/ Yoast SEO plugin. -->","yoast_head_json":{"title":"Adrien Payet, formateur de FLE vedette, en Slovaquie ! - Franc\u00fazsky in\u0161tit\u00fat na Slovensku","description":"V r\u00e1mci Mesiaca Frankof\u00f3nie sme mali mo\u017enos\u0165 priv\u00edta\u0165 na Slovensku hviezdneho \u0161kolite\u013ea v oblasti franc\u00faz\u0161tiny ako cudzieho jazyka - Adrien Payet!","robots":{"index":"index","follow":"follow","max-snippet":"max-snippet:-1","max-image-preview":"max-image-preview:large","max-video-preview":"max-video-preview:-1"},"canonical":"https:\/\/institutfrancais.sk\/fr\/adrien-payet-formateur-fle-vedette-en-slovaquie\/","og_locale":"fr_FR","og_type":"article","og_title":"Adrien Payet, formateur de FLE vedette, en Slovaquie ! - Franc\u00fazsky in\u0161tit\u00fat na Slovensku","og_description":"V r\u00e1mci Mesiaca Frankof\u00f3nie sme mali mo\u017enos\u0165 priv\u00edta\u0165 na Slovensku hviezdneho \u0161kolite\u013ea v oblasti franc\u00faz\u0161tiny ako cudzieho jazyka - Adrien Payet!","og_url":"https:\/\/institutfrancais.sk\/fr\/adrien-payet-formateur-fle-vedette-en-slovaquie\/","og_site_name":"Franc\u00fazsky in\u0161tit\u00fat na Slovensku","article_published_time":"2022-03-11T14:00:37+00:00","article_modified_time":"2022-03-15T14:11:37+00:00","og_image":[{"width":2560,"height":1916,"url":"https:\/\/institutfrancais.sk\/wp-content\/uploads\/2022\/03\/IMG_20220311_102221-scaled.jpg","type":"image\/jpeg"}],"author":"Silvia Litva Polak","twitter_card":"summary_large_image","twitter_misc":{"\u00c9crit par":"Silvia Litva Polak","Dur\u00e9e de lecture estim\u00e9e":"2 minutes"},"schema":{"@context":"https:\/\/schema.org","@graph":[{"@type":"WebPage","@id":"https:\/\/institutfrancais.sk\/fr\/adrien-payet-formateur-fle-vedette-en-slovaquie\/","url":"https:\/\/institutfrancais.sk\/fr\/adrien-payet-formateur-fle-vedette-en-slovaquie\/","name":"Adrien Payet, formateur de FLE vedette, en Slovaquie ! - Franc\u00fazsky in\u0161tit\u00fat na Slovensku","isPartOf":{"@id":"https:\/\/institutfrancais.sk\/fr\/#website"},"primaryImageOfPage":{"@id":"https:\/\/institutfrancais.sk\/fr\/adrien-payet-formateur-fle-vedette-en-slovaquie\/#primaryimage"},"image":{"@id":"https:\/\/institutfrancais.sk\/fr\/adrien-payet-formateur-fle-vedette-en-slovaquie\/#primaryimage"},"thumbnailUrl":"https:\/\/institutfrancais.sk\/wp-content\/uploads\/2022\/03\/IMG_20220311_102221-scaled.jpg","datePublished":"2022-03-11T14:00:37+00:00","dateModified":"2022-03-15T14:11:37+00:00","author":{"@id":"https:\/\/institutfrancais.sk\/fr\/#\/schema\/person\/38abf1b8c029535fe5735e69e3aa8ad8"},"description":"V r\u00e1mci Mesiaca Frankof\u00f3nie sme mali mo\u017enos\u0165 priv\u00edta\u0165 na Slovensku hviezdneho \u0161kolite\u013ea v oblasti franc\u00faz\u0161tiny ako cudzieho jazyka - Adrien Payet!","breadcrumb":{"@id":"https:\/\/institutfrancais.sk\/fr\/adrien-payet-formateur-fle-vedette-en-slovaquie\/#breadcrumb"},"inLanguage":"fr-FR","potentialAction":[{"@type":"ReadAction","target":["https:\/\/institutfrancais.sk\/fr\/adrien-payet-formateur-fle-vedette-en-slovaquie\/"]}]},{"@type":"ImageObject","inLanguage":"fr-FR","@id":"https:\/\/institutfrancais.sk\/fr\/adrien-payet-formateur-fle-vedette-en-slovaquie\/#primaryimage","url":"https:\/\/institutfrancais.sk\/wp-content\/uploads\/2022\/03\/IMG_20220311_102221-scaled.jpg","contentUrl":"https:\/\/institutfrancais.sk\/wp-content\/uploads\/2022\/03\/IMG_20220311_102221-scaled.jpg","width":2560,"height":1916},{"@type":"BreadcrumbList","@id":"https:\/\/institutfrancais.sk\/fr\/adrien-payet-formateur-fle-vedette-en-slovaquie\/#breadcrumb","itemListElement":[{"@type":"ListItem","position":1,"name":"Home","item":"https:\/\/institutfrancais.sk\/fr\/"},{"@type":"ListItem","position":2,"name":"Adrien Payet, formateur de FLE vedette, en Slovaquie !"}]},{"@type":"WebSite","@id":"https:\/\/institutfrancais.sk\/fr\/#website","url":"https:\/\/institutfrancais.sk\/fr\/","name":"Franc\u00fazsky in\u0161tit\u00fat na Slovensku","description":"Franc\u00fazsky in\u0161tit\u00fat na Slovensku","potentialAction":[{"@type":"SearchAction","target":{"@type":"EntryPoint","urlTemplate":"https:\/\/institutfrancais.sk\/fr\/?s={search_term_string}"},"query-input":{"@type":"PropertyValueSpecification","valueRequired":true,"valueName":"search_term_string"}}],"inLanguage":"fr-FR"},{"@type":"Person","@id":"https:\/\/institutfrancais.sk\/fr\/#\/schema\/person\/38abf1b8c029535fe5735e69e3aa8ad8","name":"Silvia Litva Polak","sameAs":["http:\/\/www.institutfrancais.sk"],"url":"https:\/\/institutfrancais.sk\/fr\/author\/silvia\/"}]}},"_links":{"self":[{"href":"https:\/\/institutfrancais.sk\/fr\/wp-json\/wp\/v2\/posts\/21788"}],"collection":[{"href":"https:\/\/institutfrancais.sk\/fr\/wp-json\/wp\/v2\/posts"}],"about":[{"href":"https:\/\/institutfrancais.sk\/fr\/wp-json\/wp\/v2\/types\/post"}],"author":[{"embeddable":true,"href":"https:\/\/institutfrancais.sk\/fr\/wp-json\/wp\/v2\/users\/14"}],"replies":[{"embeddable":true,"href":"https:\/\/institutfrancais.sk\/fr\/wp-json\/wp\/v2\/comments?post=21788"}],"version-history":[{"count":0,"href":"https:\/\/institutfrancais.sk\/fr\/wp-json\/wp\/v2\/posts\/21788\/revisions"}],"wp:featuredmedia":[{"embeddable":true,"href":"https:\/\/institutfrancais.sk\/fr\/wp-json\/wp\/v2\/media\/21773"}],"wp:attachment":[{"href":"https:\/\/institutfrancais.sk\/fr\/wp-json\/wp\/v2\/media?parent=21788"}],"wp:term":[{"taxonomy":"category","embeddable":true,"href":"https:\/\/institutfrancais.sk\/fr\/wp-json\/wp\/v2\/categories?post=21788"},{"taxonomy":"post_tag","embeddable":true,"href":"https:\/\/institutfrancais.sk\/fr\/wp-json\/wp\/v2\/tags?post=21788"}],"curies":[{"name":"wp","href":"https:\/\/api.w.org\/{rel}","templated":true}]}}