{"id":23090,"date":"2022-06-21T18:09:48","date_gmt":"2022-06-21T16:09:48","guid":{"rendered":"https:\/\/institutfrancais.sk\/?p=23090"},"modified":"2022-06-22T17:38:06","modified_gmt":"2022-06-22T15:38:06","slug":"les-10-destinations-dete-a-ne-pas-manquer-en-france","status":"publish","type":"post","link":"https:\/\/institutfrancais.sk\/fr\/les-10-destinations-dete-a-ne-pas-manquer-en-france\/","title":{"rendered":"Les 10 destinations d&rsquo;\u00e9t\u00e9 \u00e0 ne pas manquer en France"},"content":{"rendered":"\n<h1 class=\"wp-block-heading\">Annecy et sa r\u00e9gion<\/h1>\n\n\n\n<p>Surnomm\u00e9e la Venise des Alpes, Annecy est la destination parfaite de l\u2019\u00e9t\u00e9. Le charme de ses rues pav\u00e9es, de ses maisons color\u00e9es sillonn\u00e9es par ses canaux en fait une ville chaleureuse. Les passionn\u00e9s de culture appr\u00e9cieront la visite du ch\u00e2teau m\u00e9di\u00e9val. Le lac et les montagnes avoisinantes offrent une multitude d\u2019activit\u00e9s vari\u00e9es pour les amoureux de plein air&nbsp;: baignade, randonn\u00e9e, aviron, via ferrate, parapente, etc, chacun y trouvera son bonheur&nbsp;!<\/p>\n\n\n\n<figure class=\"wp-block-image size-full\"><img loading=\"lazy\" decoding=\"async\" width=\"1024\" height=\"768\" src=\"https:\/\/institutfrancais.sk\/wp-content\/uploads\/2022\/06\/8499190805_241ca9c82c_b.jpg\" alt=\"\" class=\"wp-image-23091\" srcset=\"https:\/\/institutfrancais.sk\/wp-content\/uploads\/2022\/06\/8499190805_241ca9c82c_b.jpg 1024w, https:\/\/institutfrancais.sk\/wp-content\/uploads\/2022\/06\/8499190805_241ca9c82c_b-300x225.jpg 300w, https:\/\/institutfrancais.sk\/wp-content\/uploads\/2022\/06\/8499190805_241ca9c82c_b-768x576.jpg 768w\" sizes=\"(max-width: 1024px) 100vw, 1024px\" \/><figcaption>\u00ab\u00a0<a target=\"_blank\" rel=\"noreferrer noopener\" href=\"https:\/\/www.flickr.com\/photos\/56936646@N07\/8499190805\">Annecy &#8211;&nbsp;France<\/a>\u00a0\u00bb by <a target=\"_blank\" rel=\"noreferrer noopener\" href=\"https:\/\/www.flickr.com\/photos\/56936646@N07\">Fr@\u03b7k<\/a> is licensed under <a target=\"_blank\" rel=\"noreferrer noopener\" href=\"https:\/\/creativecommons.org\/licenses\/by-nd-nc\/2.0\/jp\/?ref=openverse\">CC BY-NC-ND 2.0<\/a><\/figcaption><\/figure>\n\n\n<div class=\"space sm\"><\/div>\n\n\n<h1 class=\"wp-block-heading\">La Bretagne <\/h1>\n\n\n\n<p>Bien qu\u2019avec un climat moins cl\u00e9ment que celui de la M\u00e9diterran\u00e9e, la Bretagne saura convaincre par la beaut\u00e9 de ses paysages maritimes, le charme de ses villes et villages et la richesse de ses traditions. Ne manquez pas de d\u00e9ambuler dans les rues pav\u00e9es de Locronan ou de Douarnenez ou de Concarneau, de d\u00e9guster une bol\u00e9e de cidre pour accompagner vos galettes bretonnes, d\u2019appr\u00e9cier les musiques et danses folkloriques au festival interceltique de Lorient et surtout de profiter des magnifiques plages et falaises de la c\u00f4te d\u2019Iroise.<\/p>\n\n\n\n<figure class=\"wp-block-image size-full\"><img loading=\"lazy\" decoding=\"async\" width=\"1024\" height=\"791\" src=\"https:\/\/institutfrancais.sk\/wp-content\/uploads\/2022\/06\/34515762454_cb56257ae1_b.jpg\" alt=\"\" class=\"wp-image-23093\" srcset=\"https:\/\/institutfrancais.sk\/wp-content\/uploads\/2022\/06\/34515762454_cb56257ae1_b.jpg 1024w, https:\/\/institutfrancais.sk\/wp-content\/uploads\/2022\/06\/34515762454_cb56257ae1_b-300x232.jpg 300w, https:\/\/institutfrancais.sk\/wp-content\/uploads\/2022\/06\/34515762454_cb56257ae1_b-768x593.jpg 768w\" sizes=\"(max-width: 1024px) 100vw, 1024px\" \/><figcaption>\u00ab\u00a0<a target=\"_blank\" rel=\"noreferrer noopener\" href=\"https:\/\/www.flickr.com\/photos\/62039793@N07\/34515762454\">Kermorvan &#8211;&nbsp;Britanny<\/a>\u00a0\u00bb by <a target=\"_blank\" rel=\"noreferrer noopener\" href=\"https:\/\/www.flickr.com\/photos\/62039793@N07\">lionel.fellay<\/a> is licensed under <a target=\"_blank\" rel=\"noreferrer noopener\" href=\"https:\/\/creativecommons.org\/licenses\/by-nd-nc\/2.0\/jp\/?ref=openverse\">CC BY-NC-ND 2.0<\/a><\/figcaption><\/figure>\n\n\n<div class=\"space sm\"><\/div>\n\n\n<h1 class=\"wp-block-heading\">L\u2019Ard\u00e8che<\/h1>\n\n\n\n<p>L\u2019Ard\u00e8che offre non seulement des paysages \u00e0 couper le souffle mais aussi une s\u00e9rie d\u2019activit\u00e9s qui se pr\u00eatent particuli\u00e8rement \u00e0 la saison estivale. La descente de l\u2019Ard\u00e8che (la rivi\u00e8re) en cano\u00e9 vous permettra de passer sous le Pont d\u2019Arc et de le voir sous une magnifique perspective tout en vous rafraichissant. Perdez-vous dans les ruelles de Balazuc&nbsp;&nbsp;et si vous ne connaissiez pas encore, ce sera l\u2019occasion pour vous de d\u00e9couvrir la Cr\u00e8me de Marron et tous les d\u00e9licieux desserts et boissons \u00e0 base de ch\u00e2taigne. Enfin, l\u2019Ard\u00e8che sera une destination privil\u00e9gi\u00e9e des amateurs de randonn\u00e9es et de cyclisme.<\/p>\n\n\n\n<figure class=\"wp-block-image size-large\"><img loading=\"lazy\" decoding=\"async\" width=\"1024\" height=\"696\" src=\"https:\/\/institutfrancais.sk\/wp-content\/uploads\/2022\/06\/France_Ardeche_Thueyts_05-1024x696.jpg\" alt=\"\" class=\"wp-image-23095\" srcset=\"https:\/\/institutfrancais.sk\/wp-content\/uploads\/2022\/06\/France_Ardeche_Thueyts_05-1024x696.jpg 1024w, https:\/\/institutfrancais.sk\/wp-content\/uploads\/2022\/06\/France_Ardeche_Thueyts_05-300x204.jpg 300w, https:\/\/institutfrancais.sk\/wp-content\/uploads\/2022\/06\/France_Ardeche_Thueyts_05-768x522.jpg 768w, https:\/\/institutfrancais.sk\/wp-content\/uploads\/2022\/06\/France_Ardeche_Thueyts_05-1536x1044.jpg 1536w, https:\/\/institutfrancais.sk\/wp-content\/uploads\/2022\/06\/France_Ardeche_Thueyts_05-2048x1393.jpg 2048w, https:\/\/institutfrancais.sk\/wp-content\/uploads\/2022\/06\/France_Ardeche_Thueyts_05-1190x809.jpg 1190w, https:\/\/institutfrancais.sk\/wp-content\/uploads\/2022\/06\/France_Ardeche_Thueyts_05-1471x1000.jpg 1471w\" sizes=\"(max-width: 1024px) 100vw, 1024px\" \/><figcaption><a target=\"_blank\" rel=\"noreferrer noopener\" href=\"https:\/\/commons.wikimedia.org\/w\/index.php?curid=608849\">France Ardeche Thueyts 05.jpg<\/a>\u00a0\u00bb by <a target=\"_blank\" rel=\"noreferrer noopener\" href=\"https:\/\/commons.wikimedia.org\/wiki\/User:Calips\">GIRAUD Patrick<\/a> is licensed under <a target=\"_blank\" rel=\"noreferrer noopener\" href=\"https:\/\/creativecommons.org\/licenses\/by-sa\/3.0\/?ref=openverse\">CC BY-SA 3.0<\/a><\/figcaption><\/figure>\n\n\n<div class=\"space md\"><\/div>\n\n\n<h1 class=\"wp-block-heading\">La Provence<\/h1>\n\n\n\n<p>La Provence est sans doute l\u2019une des destinations fran\u00e7aises les plus populaires de l\u2019\u00e9t\u00e9, et pour cause&nbsp;! On ne manquera pas de se promener dans les calanques de Cassis et la riviera fran\u00e7aise, d\u2019appr\u00e9cier le chant des grillons dans les champs de lavande ou encore de profiter de l\u2019air plus frais des Gorges du Verdon. Le Colorado Proven\u00e7al viendra compl\u00e9ter la palette de couleurs de la r\u00e9gion avec ses ocres. La cuisine proven\u00e7ale enchantera vos papilles avec ses plats aux saveurs m\u00e9diterran\u00e9ennes estivales tels que la tapenade, la pissaladi\u00e8re, la ratatouille et bien d\u2019autres&nbsp;!<\/p>\n\n\n\n<figure class=\"wp-block-image size-large\"><img loading=\"lazy\" decoding=\"async\" width=\"1024\" height=\"683\" src=\"https:\/\/institutfrancais.sk\/wp-content\/uploads\/2022\/06\/pexels-photo-4106624-1024x683.jpeg\" alt=\"\" class=\"wp-image-23097\" srcset=\"https:\/\/institutfrancais.sk\/wp-content\/uploads\/2022\/06\/pexels-photo-4106624-1024x683.jpeg 1024w, https:\/\/institutfrancais.sk\/wp-content\/uploads\/2022\/06\/pexels-photo-4106624-300x200.jpeg 300w, https:\/\/institutfrancais.sk\/wp-content\/uploads\/2022\/06\/pexels-photo-4106624-768x512.jpeg 768w, https:\/\/institutfrancais.sk\/wp-content\/uploads\/2022\/06\/pexels-photo-4106624.jpeg 1124w\" sizes=\"(max-width: 1024px) 100vw, 1024px\" \/><figcaption><a target=\"_blank\" rel=\"noreferrer noopener\" href=\"https:\/\/www.google.com\/maps\/search\/?api=1&amp;query_place_id=ChIJuxg847INyhIRoOw87wUSykc&amp;query=43.9282823,5.1866555\">Gordes, Provense-Alpes-C\u00f4te d&rsquo;Azur, France<\/a> by <a href=\"https:\/\/www.pexels.com\/sk-sk\/@claudio-vincenti-2481948\/\">Claudio Vincenti<\/a> &nbsp;<\/figcaption><\/figure>\n\n\n<div class=\"space sm\"><\/div>\n\n\n<h1 class=\"wp-block-heading\">L\u2019Occitanie<\/h1>\n\n\n\n<p>L\u2019Occitanie est une r\u00e9gion riche tant de beaut\u00e9 que de culture. Vous y retrouverez la chaleur et convivialit\u00e9 du Sud. Les activit\u00e9s estivales y seront vari\u00e9es, vous pourrez randonner dans les Pyr\u00e9n\u00e9es, visiter les Gorges du Tarn ou encore faire un d\u00e9tour par la cit\u00e9 m\u00e9di\u00e9vale de Carcassone. Vous y d\u00e9gusterez quelques sp\u00e9cialit\u00e9s telles que l\u2019aligot ou le g\u00e2teau \u00e0 la broche.<\/p>\n\n\n\n<figure class=\"wp-block-image size-large\"><img loading=\"lazy\" decoding=\"async\" width=\"1024\" height=\"576\" src=\"https:\/\/institutfrancais.sk\/wp-content\/uploads\/2022\/06\/pexels-photo-11765972-1024x576.jpeg\" alt=\"\" class=\"wp-image-23099\" srcset=\"https:\/\/institutfrancais.sk\/wp-content\/uploads\/2022\/06\/pexels-photo-11765972-1024x576.jpeg 1024w, https:\/\/institutfrancais.sk\/wp-content\/uploads\/2022\/06\/pexels-photo-11765972-300x169.jpeg 300w, https:\/\/institutfrancais.sk\/wp-content\/uploads\/2022\/06\/pexels-photo-11765972-768x432.jpeg 768w, https:\/\/institutfrancais.sk\/wp-content\/uploads\/2022\/06\/pexels-photo-11765972-1190x670.jpeg 1190w, https:\/\/institutfrancais.sk\/wp-content\/uploads\/2022\/06\/pexels-photo-11765972.jpeg 1260w\" sizes=\"(max-width: 1024px) 100vw, 1024px\" \/><figcaption><a target=\"_blank\" rel=\"noreferrer noopener\" href=\"https:\/\/www.google.com\/maps\/search\/?api=1&amp;query_place_id=ChIJQbDxAq3wrBIReGzzq5Nty_Y&amp;query=null,null\">Saint-Cirq-Lapopie, Occitanie, France<\/a> by <a href=\"https:\/\/www.pexels.com\/sk-sk\/@denis-smn-210750874\/\">Denis Smn<\/a><\/figcaption><\/figure>\n\n\n<div class=\"space sm\"><\/div>\n\n\n<h1 class=\"wp-block-heading\">La Normandie<\/h1>\n\n\n\n<p>Vous appr\u00e9cierez la Normandie en \u00e9t\u00e9 pour son littoral sauvage magnifique avec ses falaises de craie blanche, sans oublier les falaises d\u2019Etretat. Ne manquez pas l\u2019incontournable Mont Saint-Michel, la superbe cath\u00e9drale de Rouen ou encore les cit\u00e9s pittoresques de Touques ou Bell\u00eame. La Normandie saura vous s\u00e9duire par la puret\u00e9 de sa nature et la fraicheur de son air. Enfin, goutez aux sp\u00e9cialit\u00e9s r\u00e9gionales mondialement connues que sont le camembert ou encore la tarte normande pour ne citer qu\u2019eux.<\/p>\n\n\n\n<figure class=\"wp-block-image size-full\"><img loading=\"lazy\" decoding=\"async\" width=\"1024\" height=\"670\" src=\"https:\/\/institutfrancais.sk\/wp-content\/uploads\/2022\/06\/9316197616_657cc63c09_b.jpg\" alt=\"\" class=\"wp-image-23101\" srcset=\"https:\/\/institutfrancais.sk\/wp-content\/uploads\/2022\/06\/9316197616_657cc63c09_b.jpg 1024w, https:\/\/institutfrancais.sk\/wp-content\/uploads\/2022\/06\/9316197616_657cc63c09_b-300x196.jpg 300w, https:\/\/institutfrancais.sk\/wp-content\/uploads\/2022\/06\/9316197616_657cc63c09_b-768x503.jpg 768w\" sizes=\"(max-width: 1024px) 100vw, 1024px\" \/><figcaption>\u00ab\u00a0<a target=\"_blank\" rel=\"noreferrer noopener\" href=\"https:\/\/www.flickr.com\/photos\/77128564@N07\/9316197616\">ETRETAT<\/a>\u00a0\u00bb by <a target=\"_blank\" rel=\"noreferrer noopener\" href=\"https:\/\/www.flickr.com\/photos\/77128564@N07\">Mr Gar\u00e7on<\/a> is licensed under <a target=\"_blank\" rel=\"noreferrer noopener\" href=\"https:\/\/creativecommons.org\/licenses\/by-nc-sa\/2.0\/?ref=openverse\">CC BY-NC-SA 2.0<\/a><\/figcaption><\/figure>\n\n\n<div class=\"space sm\"><\/div>\n\n\n<h1 class=\"wp-block-heading\">L\u2019Auvergne<\/h1>\n\n\n\n<p>L\u2019Auvergne est une r\u00e9gion id\u00e9ale \u00e0 visiter en \u00e9t\u00e9 pour profiter de ses merveilles naturelles. Cette destination fera le bonheur des amoureux de randonn\u00e9es avec la fameuse chaine de volcans du Puy qui offrent des paysages mystiques. Ceux qui pr\u00e9f\u00e8rent se relaxer ne seront pas en reste et profiterons des sources d\u2019eau chaude et cit\u00e9s thermales telles que Vichy. Enfin, pour les amateurs de fromages, vous pourrez d\u00e9guster le Saint-Nectaire, le Salers, le Cantal qui mettrons d\u2019accord les plus fins connaisseurs.<\/p>\n\n\n\n<figure class=\"wp-block-image size-full\"><img loading=\"lazy\" decoding=\"async\" width=\"1024\" height=\"683\" src=\"https:\/\/institutfrancais.sk\/wp-content\/uploads\/2022\/06\/47837255192_c7577e896c_b.jpg\" alt=\"\" class=\"wp-image-23103\" srcset=\"https:\/\/institutfrancais.sk\/wp-content\/uploads\/2022\/06\/47837255192_c7577e896c_b.jpg 1024w, https:\/\/institutfrancais.sk\/wp-content\/uploads\/2022\/06\/47837255192_c7577e896c_b-300x200.jpg 300w, https:\/\/institutfrancais.sk\/wp-content\/uploads\/2022\/06\/47837255192_c7577e896c_b-768x512.jpg 768w\" sizes=\"(max-width: 1024px) 100vw, 1024px\" \/><figcaption>\u00ab\u00a0<a target=\"_blank\" rel=\"noreferrer noopener\" href=\"https:\/\/www.flickr.com\/photos\/7313591@N02\/47837255192\">Le Jour ni l\u2019Heure 6399 : Dans le C\u00e9zallier \u2014 entre Brion et La Godivelle, Puy-de-D\u00f4me, Auvergne, dimanche 31 mars 2019, 18:27:13<\/a>\u00a0\u00bb by <a target=\"_blank\" rel=\"noreferrer noopener\" href=\"https:\/\/www.flickr.com\/photos\/7313591@N02\">Renaud Camus<\/a> is licensed under <a target=\"_blank\" rel=\"noreferrer noopener\" href=\"https:\/\/creativecommons.org\/licenses\/by\/2.0\/?ref=openverse\">CC BY 2.0<\/a><\/figcaption><\/figure>\n\n\n<div class=\"space sm\"><\/div>\n\n\n<h1 class=\"wp-block-heading\">Les Landes et l\u2019Acquitaine<\/h1>\n\n\n\n<p>Les Landes sont une destination pris\u00e9e des vacances d\u2019\u00e9t\u00e9 notamment pour la beaut\u00e9 de la c\u00f4t\u00e9 Atlantique ainsi que ses vagues pour les amoureux de surf. La fameuse Dune du Pilat vous charmera par sa beaut\u00e9 et la finesse de son sable. Vous ferez une halte \u00e0 Bordeaux pour en appr\u00e9cier les richesses culturelles. Les amateurs de gastronomie y d\u00e9gusterons un magret de canard, du foie gras ou encore des cannel\u00e9s pour les bouches sucr\u00e9es.<\/p>\n\n\n\n<figure class=\"wp-block-image size-full\"><img loading=\"lazy\" decoding=\"async\" width=\"1024\" height=\"584\" src=\"https:\/\/institutfrancais.sk\/wp-content\/uploads\/2022\/06\/16224830515_ae2f62938a_b.jpg\" alt=\"\" class=\"wp-image-23105\" srcset=\"https:\/\/institutfrancais.sk\/wp-content\/uploads\/2022\/06\/16224830515_ae2f62938a_b.jpg 1024w, https:\/\/institutfrancais.sk\/wp-content\/uploads\/2022\/06\/16224830515_ae2f62938a_b-300x171.jpg 300w, https:\/\/institutfrancais.sk\/wp-content\/uploads\/2022\/06\/16224830515_ae2f62938a_b-768x438.jpg 768w\" sizes=\"(max-width: 1024px) 100vw, 1024px\" \/><figcaption>\u00ab\u00a0<a target=\"_blank\" rel=\"noreferrer noopener\" href=\"https:\/\/www.flickr.com\/photos\/128250456@N07\/16224830515\">Dune du Pilat<\/a>\u00a0\u00bb by <a target=\"_blank\" rel=\"noreferrer noopener\" href=\"https:\/\/www.flickr.com\/photos\/128250456@N07\">francois.pouzet999<\/a> is licensed under <a target=\"_blank\" rel=\"noreferrer noopener\" href=\"https:\/\/creativecommons.org\/licenses\/by-nc-nd\/2.0\/?ref=openverse\">CC BY-NC-ND 2.0<\/a><\/figcaption><\/figure>\n\n\n<div class=\"space sm\"><\/div>\n\n\n<h1 class=\"wp-block-heading\">L\u2019Alsace<\/h1>\n\n\n\n<p>L\u2019Alsace n\u2019est pas la premi\u00e8re r\u00e9gion qui vient \u00e0 l\u2019esprit quand on pr\u00e9voit ses vacances d\u2019\u00e9t\u00e9, et \u00e0 tort&nbsp;! En effet, le charme de ses maisons color\u00e9es, des canaux qui traversent ses villes, n\u2019aura que plus de charme sous un climat ensoleill\u00e9. Les Vosges offrent \u00e9galement un cadre agr\u00e9able pour des randonn\u00e9es en for\u00eat. Vous pourrez aussi y d\u00e9guster de savoureuses tartes flamb\u00e9es ou encore de d\u00e9licieux vins d\u2019Alsace fruit\u00e9s.<\/p>\n\n\n\n<figure class=\"wp-block-image size-large\"><img loading=\"lazy\" decoding=\"async\" width=\"1024\" height=\"576\" src=\"https:\/\/institutfrancais.sk\/wp-content\/uploads\/2022\/06\/pexels-photo-2901209-1024x576.jpeg\" alt=\"\" class=\"wp-image-23107\" srcset=\"https:\/\/institutfrancais.sk\/wp-content\/uploads\/2022\/06\/pexels-photo-2901209-1024x576.jpeg 1024w, https:\/\/institutfrancais.sk\/wp-content\/uploads\/2022\/06\/pexels-photo-2901209-300x169.jpeg 300w, https:\/\/institutfrancais.sk\/wp-content\/uploads\/2022\/06\/pexels-photo-2901209-768x432.jpeg 768w, https:\/\/institutfrancais.sk\/wp-content\/uploads\/2022\/06\/pexels-photo-2901209-1190x670.jpeg 1190w, https:\/\/institutfrancais.sk\/wp-content\/uploads\/2022\/06\/pexels-photo-2901209.jpeg 1260w\" sizes=\"(max-width: 1024px) 100vw, 1024px\" \/><figcaption>by <a href=\"https:\/\/www.pexels.com\/sk-sk\/@pierre-blache-651604\/\">Pierre Blach\u00e9<\/a><\/figcaption><\/figure>\n\n\n<div class=\"space sm\"><\/div>\n\n\n<h1 class=\"wp-block-heading\">Les d\u00e9partements et r\u00e9gions d\u2019outre-mer<\/h1>\n\n\n\n<p>Souvent oubli\u00e9s, les d\u00e9partements et r\u00e9gion d\u2019outre-mer sont pourtant des destinations de vacances paradisiaques et d\u00e9paysantes. Que l\u2019on se laisse convaincre par le charme des cara\u00efbes avec la Martinique, la Guadeloupe ou encore la Guyane Fran\u00e7aise, par les douceurs de l\u2019Oc\u00e9an Indien avec la R\u00e9union ou Mayotte ou encore par l\u2019exotisme de l\u2019Oc\u00e9anie avec la Nouvelle Cal\u00e9donie ou la Polyn\u00e9sie Fran\u00e7aise, la beaut\u00e9 des plages, la richesse des cultures, et l\u2019accueil des autochtones ne feront aucun d\u00e9\u00e7u.<\/p>\n\n\n\n<figure class=\"wp-block-image size-large\"><img loading=\"lazy\" decoding=\"async\" width=\"1024\" height=\"684\" src=\"https:\/\/institutfrancais.sk\/wp-content\/uploads\/2022\/06\/pexels-julius-silver-753626-1024x684.jpg\" alt=\"\" class=\"wp-image-23109\" srcset=\"https:\/\/institutfrancais.sk\/wp-content\/uploads\/2022\/06\/pexels-julius-silver-753626-1024x684.jpg 1024w, https:\/\/institutfrancais.sk\/wp-content\/uploads\/2022\/06\/pexels-julius-silver-753626-300x200.jpg 300w, https:\/\/institutfrancais.sk\/wp-content\/uploads\/2022\/06\/pexels-julius-silver-753626-768x513.jpg 768w, https:\/\/institutfrancais.sk\/wp-content\/uploads\/2022\/06\/pexels-julius-silver-753626-1536x1025.jpg 1536w, https:\/\/institutfrancais.sk\/wp-content\/uploads\/2022\/06\/pexels-julius-silver-753626-1190x794.jpg 1190w, https:\/\/institutfrancais.sk\/wp-content\/uploads\/2022\/06\/pexels-julius-silver-753626-1498x1000.jpg 1498w, https:\/\/institutfrancais.sk\/wp-content\/uploads\/2022\/06\/pexels-julius-silver-753626.jpg 2000w\" sizes=\"(max-width: 1024px) 100vw, 1024px\" \/><figcaption><a target=\"_blank\" rel=\"noreferrer noopener\" href=\"https:\/\/www.google.com\/maps\/search\/?api=1&amp;query_place_id=ChIJq5hKihi9vXYRYc7Vkp4IChY&amp;query=-16.5004126,-151.7414904\">Vait\u0101p\u0113, \u00celes Sous-le-Vent, French Polynesia<\/a> by <a href=\"https:\/\/www.pexels.com\/sk-sk\/@julius-silver-240301\/\">Julius Silver<\/a><\/figcaption><\/figure>\n\n\n<div class=\"space sm\"><\/div>\n\n<\/div><div class=\"gray-bg\"><div class=\"cta-box\"><div class=\"wrap narrow-wrap\"><div class=\"content dark-blue\"><div class=\"cta-box-content\"><div class=\"left-side\"><div class=\"left-content\"><h2>Faites le plein de d\u00e9couvertes cet \u00e9t\u00e9 \u00e0 l&rsquo;occasion de l&rsquo;atelier \u00ab\u00a0La France aux multiples visages\u00a0\u00bb<\/h2>\n<\/div><a class=\"btn btn-white\" href=\"https:\/\/institutfrancais.sk\/fr\/kurz\/ete-la-france-aux-multiples-visages\/\">Plus d&rsquo;infos<\/a><\/div><div class=\"right-side\"><div class=\"right-content\"><p><img loading=\"lazy\" decoding=\"async\" class=\"size-medium wp-image-23113 alignright\" src=\"https:\/\/institutfrancais.sk\/wp-content\/uploads\/2022\/06\/Insta-FB-Cary-Francuzska-300x300.png\" alt=\"\" width=\"300\" height=\"300\" srcset=\"https:\/\/institutfrancais.sk\/wp-content\/uploads\/2022\/06\/Insta-FB-Cary-Francuzska-300x300.png 300w, https:\/\/institutfrancais.sk\/wp-content\/uploads\/2022\/06\/Insta-FB-Cary-Francuzska-1024x1024.png 1024w, https:\/\/institutfrancais.sk\/wp-content\/uploads\/2022\/06\/Insta-FB-Cary-Francuzska-150x150.png 150w, https:\/\/institutfrancais.sk\/wp-content\/uploads\/2022\/06\/Insta-FB-Cary-Francuzska-768x768.png 768w, https:\/\/institutfrancais.sk\/wp-content\/uploads\/2022\/06\/Insta-FB-Cary-Francuzska-1000x1000.png 1000w, https:\/\/institutfrancais.sk\/wp-content\/uploads\/2022\/06\/Insta-FB-Cary-Francuzska.png 1080w\" sizes=\"(max-width: 300px) 100vw, 300px\" \/><\/p>\n<\/div><\/div><\/div><\/div><\/div><\/div><\/div><div class=\"wrap narrow-wrap\">\n\n<\/div><div class=\"articles articles-events\"><div class=\"gray-bg\"><div class=\"lines-bg lines-bg-boldright-c\"><div class=\"wrap\"><div class=\"white-boxes\"><h2>Cela pourrait <span class=\"orange\">\/vous int\u00e9resser<\/span><\/h2><div class=\"row posts-list\"><a class=\"articles-redirection\" href=\"https:\/\/institutfrancais.sk\/fr\/fr\/informacie\/\"><svg xmlns=\"http:\/\/www.w3.org\/2000\/svg\" viewBox=\"0 0 320 512\" width=\"20\"><path fill=\"#000\" d=\"M285.476 272.971L91.132 467.314c-9.373 9.373-24.569 9.373-33.941 0l-22.667-22.667c-9.357-9.357-9.375-24.522-.04-33.901L188.505 256 34.484 101.255c-9.335-9.379-9.317-24.544.04-33.901l22.667-22.667c9.373-9.373 24.569-9.373 33.941 0L285.475 239.03c9.373 9.372 9.373 24.568.001 33.941z\"><\/path><\/svg> <\/a><div class=\"col-lg-4 col-md-6 col-sm-6\">\n<section>\n<div class=\"post\">\n<div class=\"post-container\">\n<a href=\"https:\/\/institutfrancais.sk\/fr\/spievam-po-francuzsky-2026-2\/\"><div class=\"post-img\">\n<img decoding=\"async\" src=\"https:\/\/institutfrancais.sk\/wp-content\/uploads\/2025\/11\/SPF-2026-J1-537x235.png\" alt=\"Spievam po\u00a0franc\u00fazsky 2026 &#8211;&nbsp;le concours de la chanson francophone\" class=\"post-thumbnail\" width=\"100%\">\n<\/div><\/a>\n<div class=\"card-content\">\n<div class=\"post-meta\">\n<a href=\"https:\/\/institutfrancais.sk\/fr\/category\/non-classifiee\/\">Musique<\/a> \/<\/div>\n<a href=\"https:\/\/institutfrancais.sk\/fr\/spievam-po-francuzsky-2026-2\/\">\n<h1>Spievam po\u00a0franc\u00fazsky 2026 &#8211;&nbsp;le concours de la chanson francophone<\/h1>\n<\/a>\n<div class=\"line-after-title\"><\/div>\n<article>\n<p>Le concours de la chanson francophone&nbsp;&nbsp;Je chante en fran\u00e7ais &nbsp;est de retour en 2026 ! Vous \u00eates amateurs de chansons francophones ? Votre langue maternelle n&rsquo;est pas le fran\u00e7ais ? Vous r\u00e9sidez en Slovaquie ? Vous \u00eates \u00e0 la bonne adresse ! Inscrivez-vous jusqu\u2019au 15 mars 2026 ! Comment faire&#8230;<\/p>\n<\/article>\n<\/div>\n<\/div>\n<\/div>\n<\/section>\n<\/div>\n<div class=\"col-lg-4 col-md-6 col-sm-6\">\n<section>\n<div class=\"post\">\n<div class=\"post-container\">\n<a href=\"https:\/\/institutfrancais.sk\/fr\/kit-de-survie-15-expression-a-connaitre-en-francais\/\"><div class=\"post-img\">\n<img decoding=\"async\" src=\"https:\/\/institutfrancais.sk\/wp-content\/uploads\/2022\/06\/pexels-nubia-navarro-nubikini-386025-1024x683.jpg\" alt=\"Kit de survie : 15 expressions \u00e0 conna\u00eetre en fran\u00e7ais !\" class=\"post-thumbnail\" width=\"100%\">\n<\/div><\/a>\n<div class=\"card-content\">\n<div class=\"post-meta\">\n<a href=\"https:\/\/institutfrancais.sk\/fr\/category\/langue-francaise\/\">Langue fran\u00e7aise<\/a> \/<\/div>\n<a href=\"https:\/\/institutfrancais.sk\/fr\/kit-de-survie-15-expression-a-connaitre-en-francais\/\">\n<h1>Kit de survie : 15 expressions \u00e0 conna\u00eetre en fran\u00e7ais !<\/h1>\n<\/a>\n<div class=\"line-after-title\"><\/div>\n<article>\n<p>Alors voici 15 expressions indispensables pour survivre dans la jungle urbaine et dans le d\u00e9sert provin\u00e7al: Bonjour ! Dobr\u00fd de\u0148! Au revoir ! A\u00a0bient\u00f4t ! Dovidenia! Uvid\u00edme sa \u010doskoro! Merci ! \u010eakujem! S\u2019il vous pla\u00eet. Pros\u00edm. Je suis slovaque, pas slov\u00e8ne ! Som Slov\u00e1k, nie Slovinec! C\u2019est combien ? Ko\u013eko&#8230;<\/p>\n<\/article>\n<\/div>\n<\/div>\n<\/div>\n<\/section>\n<\/div>\n<div class=\"col-lg-4 col-md-6 col-sm-6\">\n<section>\n<div class=\"post\">\n<div class=\"post-container\">\n<a href=\"https:\/\/institutfrancais.sk\/fr\/cours-de-francais-session-ete-2022\/\"><div class=\"post-img\">\n<img decoding=\"async\" src=\"https:\/\/institutfrancais.sk\/wp-content\/uploads\/2022\/05\/FB-event-1024x576.png\" alt=\"Cours de fran\u00e7ais : session d&rsquo;\u00e9t\u00e9 2022\" class=\"post-thumbnail\" width=\"100%\">\n<\/div><\/a>\n<div class=\"card-content\">\n<div class=\"post-meta\">\n<a href=\"https:\/\/institutfrancais.sk\/fr\/category\/cours\/\">Cours<\/a> \/<\/div>\n<a href=\"https:\/\/institutfrancais.sk\/fr\/cours-de-francais-session-ete-2022\/\">\n<h1>Cours de fran\u00e7ais : session d&rsquo;\u00e9t\u00e9 2022<\/h1>\n<\/a>\n<div class=\"line-after-title\"><\/div>\n<article>\n<p>Cours de fran\u00e7ais et ateliers en juillet 2022 : inscrivez-vous d\u00e8s maintenant ! Inscription en ligne Cours et ateliers Jusqu&rsquo;au 28 juin Adultes1er-15 juillet | 18-29 juillet Enfants et ados11-15 juillets | 18-22 juillet | 25-29 juillet Les inscriptions en pr\u00e9sentiel au sein du Service des cours auront lieu du&#8230;<\/p>\n<\/article>\n<\/div>\n<\/div>\n<\/div>\n<\/section>\n<\/div>\n<\/div><\/div><div class=\"btn-articles-redirection\"><a class=\"btn btn-black\" href=\"https:\/\/institutfrancais.sk\/fr\/informacie\/\">Plus d&rsquo;infos<\/a><\/div><\/div><\/div><\/div><\/div><div class=\"wrap narrow-wrap\">","protected":false},"excerpt":{"rendered":"<p>Annecy et sa r\u00e9gion Surnomm\u00e9e la Venise des Alpes, Annecy est la destination parfaite de l\u2019\u00e9t\u00e9. Le charme de ses rues pav\u00e9es, de ses maisons color\u00e9es sillonn\u00e9es par ses canaux en fait une ville chaleureuse. Les passionn\u00e9s de culture appr\u00e9cieront la visite du ch\u00e2teau m\u00e9di\u00e9val. Le lac et les montagnes avoisinantes offrent une multitude d\u2019activit\u00e9s [&hellip;]<\/p>\n","protected":false},"author":14,"featured_media":23111,"comment_status":"closed","ping_status":"closed","sticky":false,"template":"","format":"standard","meta":{"_acf_changed":false,"footnotes":""},"categories":[118,85,273],"tags":[],"acf":[],"yoast_head":"<!-- This site is optimized with the Yoast SEO plugin v24.5 - https:\/\/yoast.com\/wordpress\/plugins\/seo\/ -->\n<title>Les 10 destinations d&#039;\u00e9t\u00e9 \u00e0 ne pas manquer en France - Franc\u00fazsky in\u0161tit\u00fat na Slovensku<\/title>\n<meta name=\"description\" content=\"D\u00e9couvrez les meilleures destinations d&#039;\u00e9t\u00e9 en France : voyage, d\u00e9couverte, gastronomie, vues pittoresques, d\u00e9tente ....\" \/>\n<meta name=\"robots\" content=\"index, follow, max-snippet:-1, max-image-preview:large, max-video-preview:-1\" \/>\n<link rel=\"canonical\" href=\"https:\/\/institutfrancais.sk\/fr\/les-10-destinations-dete-a-ne-pas-manquer-en-france\/\" \/>\n<meta property=\"og:locale\" content=\"fr_FR\" \/>\n<meta property=\"og:type\" content=\"article\" \/>\n<meta property=\"og:title\" content=\"Les 10 destinations d&#039;\u00e9t\u00e9 \u00e0 ne pas manquer en France - Franc\u00fazsky in\u0161tit\u00fat na Slovensku\" \/>\n<meta property=\"og:description\" content=\"D\u00e9couvrez les meilleures destinations d&#039;\u00e9t\u00e9 en France : voyage, d\u00e9couverte, gastronomie, vues pittoresques, d\u00e9tente ....\" \/>\n<meta property=\"og:url\" content=\"https:\/\/institutfrancais.sk\/fr\/les-10-destinations-dete-a-ne-pas-manquer-en-france\/\" \/>\n<meta property=\"og:site_name\" content=\"Franc\u00fazsky in\u0161tit\u00fat na Slovensku\" \/>\n<meta property=\"article:published_time\" content=\"2022-06-21T16:09:48+00:00\" \/>\n<meta property=\"article:modified_time\" content=\"2022-06-22T15:38:06+00:00\" \/>\n<meta property=\"og:image\" content=\"https:\/\/institutfrancais.sk\/wp-content\/uploads\/2022\/06\/16035235823_4ac260cbe7_b.jpg\" \/>\n\t<meta property=\"og:image:width\" content=\"1024\" \/>\n\t<meta property=\"og:image:height\" content=\"769\" \/>\n\t<meta property=\"og:image:type\" content=\"image\/jpeg\" \/>\n<meta name=\"author\" content=\"Silvia Litva Polak\" \/>\n<meta name=\"twitter:card\" content=\"summary_large_image\" \/>\n<meta name=\"twitter:label1\" content=\"\u00c9crit par\" \/>\n\t<meta name=\"twitter:data1\" content=\"Silvia Litva Polak\" \/>\n\t<meta name=\"twitter:label2\" content=\"Dur\u00e9e de lecture estim\u00e9e\" \/>\n\t<meta name=\"twitter:data2\" content=\"7 minutes\" \/>\n<script type=\"application\/ld+json\" class=\"yoast-schema-graph\">{\"@context\":\"https:\/\/schema.org\",\"@graph\":[{\"@type\":\"WebPage\",\"@id\":\"https:\/\/institutfrancais.sk\/fr\/les-10-destinations-dete-a-ne-pas-manquer-en-france\/\",\"url\":\"https:\/\/institutfrancais.sk\/fr\/les-10-destinations-dete-a-ne-pas-manquer-en-france\/\",\"name\":\"Les 10 destinations d'\u00e9t\u00e9 \u00e0 ne pas manquer en France - Franc\u00fazsky in\u0161tit\u00fat na Slovensku\",\"isPartOf\":{\"@id\":\"https:\/\/institutfrancais.sk\/fr\/#website\"},\"primaryImageOfPage\":{\"@id\":\"https:\/\/institutfrancais.sk\/fr\/les-10-destinations-dete-a-ne-pas-manquer-en-france\/#primaryimage\"},\"image\":{\"@id\":\"https:\/\/institutfrancais.sk\/fr\/les-10-destinations-dete-a-ne-pas-manquer-en-france\/#primaryimage\"},\"thumbnailUrl\":\"https:\/\/institutfrancais.sk\/wp-content\/uploads\/2022\/06\/16035235823_4ac260cbe7_b.jpg\",\"datePublished\":\"2022-06-21T16:09:48+00:00\",\"dateModified\":\"2022-06-22T15:38:06+00:00\",\"author\":{\"@id\":\"https:\/\/institutfrancais.sk\/fr\/#\/schema\/person\/38abf1b8c029535fe5735e69e3aa8ad8\"},\"description\":\"D\u00e9couvrez les meilleures destinations d'\u00e9t\u00e9 en France : voyage, d\u00e9couverte, gastronomie, vues pittoresques, d\u00e9tente ....\",\"breadcrumb\":{\"@id\":\"https:\/\/institutfrancais.sk\/fr\/les-10-destinations-dete-a-ne-pas-manquer-en-france\/#breadcrumb\"},\"inLanguage\":\"fr-FR\",\"potentialAction\":[{\"@type\":\"ReadAction\",\"target\":[\"https:\/\/institutfrancais.sk\/fr\/les-10-destinations-dete-a-ne-pas-manquer-en-france\/\"]}]},{\"@type\":\"ImageObject\",\"inLanguage\":\"fr-FR\",\"@id\":\"https:\/\/institutfrancais.sk\/fr\/les-10-destinations-dete-a-ne-pas-manquer-en-france\/#primaryimage\",\"url\":\"https:\/\/institutfrancais.sk\/wp-content\/uploads\/2022\/06\/16035235823_4ac260cbe7_b.jpg\",\"contentUrl\":\"https:\/\/institutfrancais.sk\/wp-content\/uploads\/2022\/06\/16035235823_4ac260cbe7_b.jpg\",\"width\":1024,\"height\":769},{\"@type\":\"BreadcrumbList\",\"@id\":\"https:\/\/institutfrancais.sk\/fr\/les-10-destinations-dete-a-ne-pas-manquer-en-france\/#breadcrumb\",\"itemListElement\":[{\"@type\":\"ListItem\",\"position\":1,\"name\":\"Home\",\"item\":\"https:\/\/institutfrancais.sk\/fr\/\"},{\"@type\":\"ListItem\",\"position\":2,\"name\":\"Les 10 destinations d&#8217;\u00e9t\u00e9 \u00e0 ne pas manquer en France\"}]},{\"@type\":\"WebSite\",\"@id\":\"https:\/\/institutfrancais.sk\/fr\/#website\",\"url\":\"https:\/\/institutfrancais.sk\/fr\/\",\"name\":\"Franc\u00fazsky in\u0161tit\u00fat na Slovensku\",\"description\":\"Franc\u00fazsky in\u0161tit\u00fat na Slovensku\",\"potentialAction\":[{\"@type\":\"SearchAction\",\"target\":{\"@type\":\"EntryPoint\",\"urlTemplate\":\"https:\/\/institutfrancais.sk\/fr\/?s={search_term_string}\"},\"query-input\":{\"@type\":\"PropertyValueSpecification\",\"valueRequired\":true,\"valueName\":\"search_term_string\"}}],\"inLanguage\":\"fr-FR\"},{\"@type\":\"Person\",\"@id\":\"https:\/\/institutfrancais.sk\/fr\/#\/schema\/person\/38abf1b8c029535fe5735e69e3aa8ad8\",\"name\":\"Silvia Litva Polak\",\"sameAs\":[\"http:\/\/www.institutfrancais.sk\"],\"url\":\"https:\/\/institutfrancais.sk\/fr\/author\/silvia\/\"}]}<\/script>\n<!-- \/ Yoast SEO plugin. -->","yoast_head_json":{"title":"Les 10 destinations d'\u00e9t\u00e9 \u00e0 ne pas manquer en France - Franc\u00fazsky in\u0161tit\u00fat na Slovensku","description":"D\u00e9couvrez les meilleures destinations d'\u00e9t\u00e9 en France : voyage, d\u00e9couverte, gastronomie, vues pittoresques, d\u00e9tente ....","robots":{"index":"index","follow":"follow","max-snippet":"max-snippet:-1","max-image-preview":"max-image-preview:large","max-video-preview":"max-video-preview:-1"},"canonical":"https:\/\/institutfrancais.sk\/fr\/les-10-destinations-dete-a-ne-pas-manquer-en-france\/","og_locale":"fr_FR","og_type":"article","og_title":"Les 10 destinations d'\u00e9t\u00e9 \u00e0 ne pas manquer en France - Franc\u00fazsky in\u0161tit\u00fat na Slovensku","og_description":"D\u00e9couvrez les meilleures destinations d'\u00e9t\u00e9 en France : voyage, d\u00e9couverte, gastronomie, vues pittoresques, d\u00e9tente ....","og_url":"https:\/\/institutfrancais.sk\/fr\/les-10-destinations-dete-a-ne-pas-manquer-en-france\/","og_site_name":"Franc\u00fazsky in\u0161tit\u00fat na Slovensku","article_published_time":"2022-06-21T16:09:48+00:00","article_modified_time":"2022-06-22T15:38:06+00:00","og_image":[{"width":1024,"height":769,"url":"https:\/\/institutfrancais.sk\/wp-content\/uploads\/2022\/06\/16035235823_4ac260cbe7_b.jpg","type":"image\/jpeg"}],"author":"Silvia Litva Polak","twitter_card":"summary_large_image","twitter_misc":{"\u00c9crit par":"Silvia Litva Polak","Dur\u00e9e de lecture estim\u00e9e":"7 minutes"},"schema":{"@context":"https:\/\/schema.org","@graph":[{"@type":"WebPage","@id":"https:\/\/institutfrancais.sk\/fr\/les-10-destinations-dete-a-ne-pas-manquer-en-france\/","url":"https:\/\/institutfrancais.sk\/fr\/les-10-destinations-dete-a-ne-pas-manquer-en-france\/","name":"Les 10 destinations d'\u00e9t\u00e9 \u00e0 ne pas manquer en France - Franc\u00fazsky in\u0161tit\u00fat na Slovensku","isPartOf":{"@id":"https:\/\/institutfrancais.sk\/fr\/#website"},"primaryImageOfPage":{"@id":"https:\/\/institutfrancais.sk\/fr\/les-10-destinations-dete-a-ne-pas-manquer-en-france\/#primaryimage"},"image":{"@id":"https:\/\/institutfrancais.sk\/fr\/les-10-destinations-dete-a-ne-pas-manquer-en-france\/#primaryimage"},"thumbnailUrl":"https:\/\/institutfrancais.sk\/wp-content\/uploads\/2022\/06\/16035235823_4ac260cbe7_b.jpg","datePublished":"2022-06-21T16:09:48+00:00","dateModified":"2022-06-22T15:38:06+00:00","author":{"@id":"https:\/\/institutfrancais.sk\/fr\/#\/schema\/person\/38abf1b8c029535fe5735e69e3aa8ad8"},"description":"D\u00e9couvrez les meilleures destinations d'\u00e9t\u00e9 en France : voyage, d\u00e9couverte, gastronomie, vues pittoresques, d\u00e9tente ....","breadcrumb":{"@id":"https:\/\/institutfrancais.sk\/fr\/les-10-destinations-dete-a-ne-pas-manquer-en-france\/#breadcrumb"},"inLanguage":"fr-FR","potentialAction":[{"@type":"ReadAction","target":["https:\/\/institutfrancais.sk\/fr\/les-10-destinations-dete-a-ne-pas-manquer-en-france\/"]}]},{"@type":"ImageObject","inLanguage":"fr-FR","@id":"https:\/\/institutfrancais.sk\/fr\/les-10-destinations-dete-a-ne-pas-manquer-en-france\/#primaryimage","url":"https:\/\/institutfrancais.sk\/wp-content\/uploads\/2022\/06\/16035235823_4ac260cbe7_b.jpg","contentUrl":"https:\/\/institutfrancais.sk\/wp-content\/uploads\/2022\/06\/16035235823_4ac260cbe7_b.jpg","width":1024,"height":769},{"@type":"BreadcrumbList","@id":"https:\/\/institutfrancais.sk\/fr\/les-10-destinations-dete-a-ne-pas-manquer-en-france\/#breadcrumb","itemListElement":[{"@type":"ListItem","position":1,"name":"Home","item":"https:\/\/institutfrancais.sk\/fr\/"},{"@type":"ListItem","position":2,"name":"Les 10 destinations d&#8217;\u00e9t\u00e9 \u00e0 ne pas manquer en France"}]},{"@type":"WebSite","@id":"https:\/\/institutfrancais.sk\/fr\/#website","url":"https:\/\/institutfrancais.sk\/fr\/","name":"Franc\u00fazsky in\u0161tit\u00fat na Slovensku","description":"Franc\u00fazsky in\u0161tit\u00fat na Slovensku","potentialAction":[{"@type":"SearchAction","target":{"@type":"EntryPoint","urlTemplate":"https:\/\/institutfrancais.sk\/fr\/?s={search_term_string}"},"query-input":{"@type":"PropertyValueSpecification","valueRequired":true,"valueName":"search_term_string"}}],"inLanguage":"fr-FR"},{"@type":"Person","@id":"https:\/\/institutfrancais.sk\/fr\/#\/schema\/person\/38abf1b8c029535fe5735e69e3aa8ad8","name":"Silvia Litva Polak","sameAs":["http:\/\/www.institutfrancais.sk"],"url":"https:\/\/institutfrancais.sk\/fr\/author\/silvia\/"}]}},"_links":{"self":[{"href":"https:\/\/institutfrancais.sk\/fr\/wp-json\/wp\/v2\/posts\/23090"}],"collection":[{"href":"https:\/\/institutfrancais.sk\/fr\/wp-json\/wp\/v2\/posts"}],"about":[{"href":"https:\/\/institutfrancais.sk\/fr\/wp-json\/wp\/v2\/types\/post"}],"author":[{"embeddable":true,"href":"https:\/\/institutfrancais.sk\/fr\/wp-json\/wp\/v2\/users\/14"}],"replies":[{"embeddable":true,"href":"https:\/\/institutfrancais.sk\/fr\/wp-json\/wp\/v2\/comments?post=23090"}],"version-history":[{"count":0,"href":"https:\/\/institutfrancais.sk\/fr\/wp-json\/wp\/v2\/posts\/23090\/revisions"}],"wp:featuredmedia":[{"embeddable":true,"href":"https:\/\/institutfrancais.sk\/fr\/wp-json\/wp\/v2\/media\/23111"}],"wp:attachment":[{"href":"https:\/\/institutfrancais.sk\/fr\/wp-json\/wp\/v2\/media?parent=23090"}],"wp:term":[{"taxonomy":"category","embeddable":true,"href":"https:\/\/institutfrancais.sk\/fr\/wp-json\/wp\/v2\/categories?post=23090"},{"taxonomy":"post_tag","embeddable":true,"href":"https:\/\/institutfrancais.sk\/fr\/wp-json\/wp\/v2\/tags?post=23090"}],"curies":[{"name":"wp","href":"https:\/\/api.w.org\/{rel}","templated":true}]}}