{"id":23520,"date":"2022-08-24T16:41:49","date_gmt":"2022-08-24T14:41:49","guid":{"rendered":"https:\/\/institutfrancais.sk\/vyzva-na-cenu-za-ludske-prava-liberte-egalite-fraternite-2022\/"},"modified":"2022-08-24T16:59:11","modified_gmt":"2022-08-24T14:59:11","slug":"prix-droits-homme-republique-francaise-liberte-egalite-fraternite-2022","status":"publish","type":"post","link":"https:\/\/institutfrancais.sk\/fr\/prix-droits-homme-republique-francaise-liberte-egalite-fraternite-2022\/","title":{"rendered":"Le Prix des droits de l\u2019Homme de la R\u00e9publique fran\u00e7aise \u00ab Libert\u00e9-\u00c9galit\u00e9-Fraternit\u00e9 \u00bb pour 2022"},"content":{"rendered":"\n<h3 class=\"wp-block-heading\">Le th\u00e8me de l\u2019\u00e9dition 2022 du Prix est \u00ab Droits sexuels et reproductifs : protection des droits des personnes LGBTQIA+ et lutte contre les in\u00e9galit\u00e9s de genre \u00bb. <\/h3>\n\n\n<div class=\"space sm\"><\/div>\n\n\n<p>Le texte d\u00e9taill\u00e9 de l\u2019appel \u00e0 candidatures est disponible en fran\u00e7ais et en anglais.<\/p>\n\n\n<div class=\"space xs\"><\/div>\n\n<a href=\"https:\/\/institutfrancais.sk\/wp-content\/uploads\/2022\/08\/Appel-a-candidatures-PrixDH-2022_EN.pdf\" class=\"btn\">Appel en anglais<\/a>\n\n<div class=\"space xs\"><\/div>\n\n<a href=\"https:\/\/institutfrancais.sk\/wp-content\/uploads\/2022\/08\/Appel-a-candidatures-PrixDH-2022_FR.pdf\" class=\"btn\">Appel en fran\u00e7ais<\/a>\n\n<div class=\"space md\"><\/div>\n\n\n<h3 class=\"wp-block-heading\">Liens utiles<\/h3>\n\n\n\n<p><a href=\"https:\/\/www.cncdh.fr\/actualite\/ouverture-des-candidatures-du-prix-des-droits-de-lhomme-2022\">https:\/\/www.cncdh.fr\/actualite\/ouverture-des-candidatures-du-prix-des-droits-de-lhomme-2022<\/a><\/p>\n","protected":false},"excerpt":{"rendered":"<p>Le th\u00e8me de l\u2019\u00e9dition 2022 du Prix est \u00ab Droits sexuels et reproductifs : protection des droits des personnes LGBTQIA+ et lutte contre les in\u00e9galit\u00e9s de genre \u00bb. Le texte d\u00e9taill\u00e9 de l\u2019appel \u00e0 candidatures est disponible en fran\u00e7ais et en anglais. Liens utiles https:\/\/www.cncdh.fr\/actualite\/ouverture-des-candidatures-du-prix-des-droits-de-lhomme-2022<\/p>\n","protected":false},"author":14,"featured_media":23507,"comment_status":"closed","ping_status":"closed","sticky":false,"template":"","format":"standard","meta":{"_acf_changed":false,"footnotes":""},"categories":[137,245],"tags":[],"acf":[],"yoast_head":"<!-- This site is optimized with the Yoast SEO plugin v24.5 - https:\/\/yoast.com\/wordpress\/plugins\/seo\/ -->\n<title>Le Prix des droits de l\u2019Homme de la R\u00e9publique fran\u00e7aise \u00ab Libert\u00e9-\u00c9galit\u00e9-Fraternit\u00e9 \u00bb pour 2022 - Franc\u00fazsky in\u0161tit\u00fat na Slovensku<\/title>\n<meta name=\"description\" content=\"\u00ab Droits sexuels et reproductifs : protection des droits des personnes LGBTQIA+ et lutte contre les in\u00e9galit\u00e9s de genre \u00bb.\" \/>\n<meta name=\"robots\" content=\"index, follow, max-snippet:-1, max-image-preview:large, max-video-preview:-1\" \/>\n<link rel=\"canonical\" href=\"https:\/\/institutfrancais.sk\/fr\/prix-droits-homme-republique-francaise-liberte-egalite-fraternite-2022\/\" \/>\n<meta property=\"og:locale\" content=\"fr_FR\" \/>\n<meta property=\"og:type\" content=\"article\" \/>\n<meta property=\"og:title\" content=\"Le Prix des droits de l\u2019Homme de la R\u00e9publique fran\u00e7aise \u00ab Libert\u00e9-\u00c9galit\u00e9-Fraternit\u00e9 \u00bb pour 2022 - Franc\u00fazsky in\u0161tit\u00fat na Slovensku\" \/>\n<meta property=\"og:description\" content=\"\u00ab Droits sexuels et reproductifs : protection des droits des personnes LGBTQIA+ et lutte contre les in\u00e9galit\u00e9s de genre \u00bb.\" \/>\n<meta property=\"og:url\" content=\"https:\/\/institutfrancais.sk\/fr\/prix-droits-homme-republique-francaise-liberte-egalite-fraternite-2022\/\" \/>\n<meta property=\"og:site_name\" content=\"Franc\u00fazsky in\u0161tit\u00fat na Slovensku\" \/>\n<meta property=\"article:published_time\" content=\"2022-08-24T14:41:49+00:00\" \/>\n<meta property=\"article:modified_time\" content=\"2022-08-24T14:59:11+00:00\" \/>\n<meta property=\"og:image\" content=\"https:\/\/institutfrancais.sk\/wp-content\/uploads\/2022\/08\/flag-g2e078d619_1920.jpg\" \/>\n\t<meta property=\"og:image:width\" content=\"1920\" \/>\n\t<meta property=\"og:image:height\" content=\"1280\" \/>\n\t<meta property=\"og:image:type\" content=\"image\/jpeg\" \/>\n<meta name=\"author\" content=\"Silvia Litva Polak\" \/>\n<meta name=\"twitter:card\" content=\"summary_large_image\" \/>\n<meta name=\"twitter:label1\" content=\"\u00c9crit par\" \/>\n\t<meta name=\"twitter:data1\" content=\"Silvia Litva Polak\" \/>\n\t<meta name=\"twitter:label2\" content=\"Dur\u00e9e de lecture estim\u00e9e\" \/>\n\t<meta name=\"twitter:data2\" content=\"1 minute\" \/>\n<script type=\"application\/ld+json\" class=\"yoast-schema-graph\">{\"@context\":\"https:\/\/schema.org\",\"@graph\":[{\"@type\":\"WebPage\",\"@id\":\"https:\/\/institutfrancais.sk\/fr\/prix-droits-homme-republique-francaise-liberte-egalite-fraternite-2022\/\",\"url\":\"https:\/\/institutfrancais.sk\/fr\/prix-droits-homme-republique-francaise-liberte-egalite-fraternite-2022\/\",\"name\":\"Le Prix des droits de l\u2019Homme de la R\u00e9publique fran\u00e7aise \u00ab Libert\u00e9-\u00c9galit\u00e9-Fraternit\u00e9 \u00bb pour 2022 - Franc\u00fazsky in\u0161tit\u00fat na Slovensku\",\"isPartOf\":{\"@id\":\"https:\/\/institutfrancais.sk\/fr\/#website\"},\"primaryImageOfPage\":{\"@id\":\"https:\/\/institutfrancais.sk\/fr\/prix-droits-homme-republique-francaise-liberte-egalite-fraternite-2022\/#primaryimage\"},\"image\":{\"@id\":\"https:\/\/institutfrancais.sk\/fr\/prix-droits-homme-republique-francaise-liberte-egalite-fraternite-2022\/#primaryimage\"},\"thumbnailUrl\":\"https:\/\/institutfrancais.sk\/wp-content\/uploads\/2022\/08\/flag-g2e078d619_1920.jpg\",\"datePublished\":\"2022-08-24T14:41:49+00:00\",\"dateModified\":\"2022-08-24T14:59:11+00:00\",\"author\":{\"@id\":\"https:\/\/institutfrancais.sk\/fr\/#\/schema\/person\/38abf1b8c029535fe5735e69e3aa8ad8\"},\"description\":\"\u00ab Droits sexuels et reproductifs : protection des droits des personnes LGBTQIA+ et lutte contre les in\u00e9galit\u00e9s de genre \u00bb.\",\"breadcrumb\":{\"@id\":\"https:\/\/institutfrancais.sk\/fr\/prix-droits-homme-republique-francaise-liberte-egalite-fraternite-2022\/#breadcrumb\"},\"inLanguage\":\"fr-FR\",\"potentialAction\":[{\"@type\":\"ReadAction\",\"target\":[\"https:\/\/institutfrancais.sk\/fr\/prix-droits-homme-republique-francaise-liberte-egalite-fraternite-2022\/\"]}]},{\"@type\":\"ImageObject\",\"inLanguage\":\"fr-FR\",\"@id\":\"https:\/\/institutfrancais.sk\/fr\/prix-droits-homme-republique-francaise-liberte-egalite-fraternite-2022\/#primaryimage\",\"url\":\"https:\/\/institutfrancais.sk\/wp-content\/uploads\/2022\/08\/flag-g2e078d619_1920.jpg\",\"contentUrl\":\"https:\/\/institutfrancais.sk\/wp-content\/uploads\/2022\/08\/flag-g2e078d619_1920.jpg\",\"width\":1920,\"height\":1280},{\"@type\":\"BreadcrumbList\",\"@id\":\"https:\/\/institutfrancais.sk\/fr\/prix-droits-homme-republique-francaise-liberte-egalite-fraternite-2022\/#breadcrumb\",\"itemListElement\":[{\"@type\":\"ListItem\",\"position\":1,\"name\":\"Home\",\"item\":\"https:\/\/institutfrancais.sk\/fr\/\"},{\"@type\":\"ListItem\",\"position\":2,\"name\":\"Le Prix des droits de l\u2019Homme de la R\u00e9publique fran\u00e7aise \u00ab Libert\u00e9-\u00c9galit\u00e9-Fraternit\u00e9 \u00bb pour 2022\"}]},{\"@type\":\"WebSite\",\"@id\":\"https:\/\/institutfrancais.sk\/fr\/#website\",\"url\":\"https:\/\/institutfrancais.sk\/fr\/\",\"name\":\"Franc\u00fazsky in\u0161tit\u00fat na Slovensku\",\"description\":\"Franc\u00fazsky in\u0161tit\u00fat na Slovensku\",\"potentialAction\":[{\"@type\":\"SearchAction\",\"target\":{\"@type\":\"EntryPoint\",\"urlTemplate\":\"https:\/\/institutfrancais.sk\/fr\/?s={search_term_string}\"},\"query-input\":{\"@type\":\"PropertyValueSpecification\",\"valueRequired\":true,\"valueName\":\"search_term_string\"}}],\"inLanguage\":\"fr-FR\"},{\"@type\":\"Person\",\"@id\":\"https:\/\/institutfrancais.sk\/fr\/#\/schema\/person\/38abf1b8c029535fe5735e69e3aa8ad8\",\"name\":\"Silvia Litva Polak\",\"sameAs\":[\"http:\/\/www.institutfrancais.sk\"],\"url\":\"https:\/\/institutfrancais.sk\/fr\/author\/silvia\/\"}]}<\/script>\n<!-- \/ Yoast SEO plugin. -->","yoast_head_json":{"title":"Le Prix des droits de l\u2019Homme de la R\u00e9publique fran\u00e7aise \u00ab Libert\u00e9-\u00c9galit\u00e9-Fraternit\u00e9 \u00bb pour 2022 - Franc\u00fazsky in\u0161tit\u00fat na Slovensku","description":"\u00ab Droits sexuels et reproductifs : protection des droits des personnes LGBTQIA+ et lutte contre les in\u00e9galit\u00e9s de genre \u00bb.","robots":{"index":"index","follow":"follow","max-snippet":"max-snippet:-1","max-image-preview":"max-image-preview:large","max-video-preview":"max-video-preview:-1"},"canonical":"https:\/\/institutfrancais.sk\/fr\/prix-droits-homme-republique-francaise-liberte-egalite-fraternite-2022\/","og_locale":"fr_FR","og_type":"article","og_title":"Le Prix des droits de l\u2019Homme de la R\u00e9publique fran\u00e7aise \u00ab Libert\u00e9-\u00c9galit\u00e9-Fraternit\u00e9 \u00bb pour 2022 - Franc\u00fazsky in\u0161tit\u00fat na Slovensku","og_description":"\u00ab Droits sexuels et reproductifs : protection des droits des personnes LGBTQIA+ et lutte contre les in\u00e9galit\u00e9s de genre \u00bb.","og_url":"https:\/\/institutfrancais.sk\/fr\/prix-droits-homme-republique-francaise-liberte-egalite-fraternite-2022\/","og_site_name":"Franc\u00fazsky in\u0161tit\u00fat na Slovensku","article_published_time":"2022-08-24T14:41:49+00:00","article_modified_time":"2022-08-24T14:59:11+00:00","og_image":[{"width":1920,"height":1280,"url":"https:\/\/institutfrancais.sk\/wp-content\/uploads\/2022\/08\/flag-g2e078d619_1920.jpg","type":"image\/jpeg"}],"author":"Silvia Litva Polak","twitter_card":"summary_large_image","twitter_misc":{"\u00c9crit par":"Silvia Litva Polak","Dur\u00e9e de lecture estim\u00e9e":"1 minute"},"schema":{"@context":"https:\/\/schema.org","@graph":[{"@type":"WebPage","@id":"https:\/\/institutfrancais.sk\/fr\/prix-droits-homme-republique-francaise-liberte-egalite-fraternite-2022\/","url":"https:\/\/institutfrancais.sk\/fr\/prix-droits-homme-republique-francaise-liberte-egalite-fraternite-2022\/","name":"Le Prix des droits de l\u2019Homme de la R\u00e9publique fran\u00e7aise \u00ab Libert\u00e9-\u00c9galit\u00e9-Fraternit\u00e9 \u00bb pour 2022 - Franc\u00fazsky in\u0161tit\u00fat na Slovensku","isPartOf":{"@id":"https:\/\/institutfrancais.sk\/fr\/#website"},"primaryImageOfPage":{"@id":"https:\/\/institutfrancais.sk\/fr\/prix-droits-homme-republique-francaise-liberte-egalite-fraternite-2022\/#primaryimage"},"image":{"@id":"https:\/\/institutfrancais.sk\/fr\/prix-droits-homme-republique-francaise-liberte-egalite-fraternite-2022\/#primaryimage"},"thumbnailUrl":"https:\/\/institutfrancais.sk\/wp-content\/uploads\/2022\/08\/flag-g2e078d619_1920.jpg","datePublished":"2022-08-24T14:41:49+00:00","dateModified":"2022-08-24T14:59:11+00:00","author":{"@id":"https:\/\/institutfrancais.sk\/fr\/#\/schema\/person\/38abf1b8c029535fe5735e69e3aa8ad8"},"description":"\u00ab Droits sexuels et reproductifs : protection des droits des personnes LGBTQIA+ et lutte contre les in\u00e9galit\u00e9s de genre \u00bb.","breadcrumb":{"@id":"https:\/\/institutfrancais.sk\/fr\/prix-droits-homme-republique-francaise-liberte-egalite-fraternite-2022\/#breadcrumb"},"inLanguage":"fr-FR","potentialAction":[{"@type":"ReadAction","target":["https:\/\/institutfrancais.sk\/fr\/prix-droits-homme-republique-francaise-liberte-egalite-fraternite-2022\/"]}]},{"@type":"ImageObject","inLanguage":"fr-FR","@id":"https:\/\/institutfrancais.sk\/fr\/prix-droits-homme-republique-francaise-liberte-egalite-fraternite-2022\/#primaryimage","url":"https:\/\/institutfrancais.sk\/wp-content\/uploads\/2022\/08\/flag-g2e078d619_1920.jpg","contentUrl":"https:\/\/institutfrancais.sk\/wp-content\/uploads\/2022\/08\/flag-g2e078d619_1920.jpg","width":1920,"height":1280},{"@type":"BreadcrumbList","@id":"https:\/\/institutfrancais.sk\/fr\/prix-droits-homme-republique-francaise-liberte-egalite-fraternite-2022\/#breadcrumb","itemListElement":[{"@type":"ListItem","position":1,"name":"Home","item":"https:\/\/institutfrancais.sk\/fr\/"},{"@type":"ListItem","position":2,"name":"Le Prix des droits de l\u2019Homme de la R\u00e9publique fran\u00e7aise \u00ab Libert\u00e9-\u00c9galit\u00e9-Fraternit\u00e9 \u00bb pour 2022"}]},{"@type":"WebSite","@id":"https:\/\/institutfrancais.sk\/fr\/#website","url":"https:\/\/institutfrancais.sk\/fr\/","name":"Franc\u00fazsky in\u0161tit\u00fat na Slovensku","description":"Franc\u00fazsky in\u0161tit\u00fat na Slovensku","potentialAction":[{"@type":"SearchAction","target":{"@type":"EntryPoint","urlTemplate":"https:\/\/institutfrancais.sk\/fr\/?s={search_term_string}"},"query-input":{"@type":"PropertyValueSpecification","valueRequired":true,"valueName":"search_term_string"}}],"inLanguage":"fr-FR"},{"@type":"Person","@id":"https:\/\/institutfrancais.sk\/fr\/#\/schema\/person\/38abf1b8c029535fe5735e69e3aa8ad8","name":"Silvia Litva Polak","sameAs":["http:\/\/www.institutfrancais.sk"],"url":"https:\/\/institutfrancais.sk\/fr\/author\/silvia\/"}]}},"_links":{"self":[{"href":"https:\/\/institutfrancais.sk\/fr\/wp-json\/wp\/v2\/posts\/23520"}],"collection":[{"href":"https:\/\/institutfrancais.sk\/fr\/wp-json\/wp\/v2\/posts"}],"about":[{"href":"https:\/\/institutfrancais.sk\/fr\/wp-json\/wp\/v2\/types\/post"}],"author":[{"embeddable":true,"href":"https:\/\/institutfrancais.sk\/fr\/wp-json\/wp\/v2\/users\/14"}],"replies":[{"embeddable":true,"href":"https:\/\/institutfrancais.sk\/fr\/wp-json\/wp\/v2\/comments?post=23520"}],"version-history":[{"count":0,"href":"https:\/\/institutfrancais.sk\/fr\/wp-json\/wp\/v2\/posts\/23520\/revisions"}],"wp:featuredmedia":[{"embeddable":true,"href":"https:\/\/institutfrancais.sk\/fr\/wp-json\/wp\/v2\/media\/23507"}],"wp:attachment":[{"href":"https:\/\/institutfrancais.sk\/fr\/wp-json\/wp\/v2\/media?parent=23520"}],"wp:term":[{"taxonomy":"category","embeddable":true,"href":"https:\/\/institutfrancais.sk\/fr\/wp-json\/wp\/v2\/categories?post=23520"},{"taxonomy":"post_tag","embeddable":true,"href":"https:\/\/institutfrancais.sk\/fr\/wp-json\/wp\/v2\/tags?post=23520"}],"curies":[{"name":"wp","href":"https:\/\/api.w.org\/{rel}","templated":true}]}}