{"id":25332,"date":"2026-02-11T10:28:00","date_gmt":"2026-02-11T09:28:00","guid":{"rendered":"https:\/\/institutfrancais.sk\/?p=25332"},"modified":"2026-02-27T16:03:38","modified_gmt":"2026-02-27T15:03:38","slug":"ma-these-en-180-secondes","status":"publish","type":"post","link":"https:\/\/institutfrancais.sk\/fr\/ma-these-en-180-secondes\/","title":{"rendered":"Ma th\u00e8se en 180 secondes"},"content":{"rendered":"\n<h2 class=\"wp-block-heading\">MT180, qu\u2019est-ce que c\u2019est ?<\/h2>\n\n\n\n<p>MT180&nbsp;vous permet de communiquer votre travail de recherche au grand public en expliquant simplement un sujet complexe. Au-del\u00e0 du concours, c\u2019est aussi un moyen d\u2019apprendre par le biais d\u2019une formation \u00e0 l\u2019\u00e9loquence \u00e0 s\u2019exprimer en public, ce qui est un v\u00e9ritable atout pour votre carri\u00e8re !<\/p>\n\n\n\n<ul>\n<li>Ce concours permet aux <strong>doctorants et doctorantes de pr\u00e9senter leur sujet de recherche, en fran\u00e7ais <\/strong>et en termes simples, \u00e0 un public profane et diversifi\u00e9.<\/li>\n\n\n\n<li>Chaque candidat a&nbsp;exactement <strong>3 minutes<\/strong> pour faire un expos\u00e9 clair, concis et convainquant. Le tout <strong>avec l\u2019appui d\u2019une seule diapositive <\/strong>!<\/li>\n\n\n\n<li>C\u2019est un concours international, organis\u00e9 dans plusieurs pays francophones dans le monde. C\u2019est sa huiti\u00e8me \u00e9dition en Europe centrale. Il est organis\u00e9 avec le soutien des Instituts fran\u00e7ais d&rsquo;Autriche, de Pologne, d&rsquo;Hongrie, de Slovaquie et de R\u00e9publique tch\u00e8que.&nbsp;<\/li>\n\n\n\n<li>Le concours se d\u00e9roulera en deux \u00e9tapes : d\u2019abord une s\u00e9lection nationale dans chaque pays, puis une finale Europe centrale aura lieu le 17 juin 2026 \u00e0 Vienne.<\/li>\n\n\n\n<li><strong>Un jury<\/strong> notera les prestations des candidats et <strong>le public donnera \u00e9galement son avis.<\/strong><\/li>\n<\/ul>\n\n\n<div class=\"space sm\"><\/div>\n\n\n<h2 class=\"wp-block-heading\">Qu&rsquo;est-ce qui vous attend ?&nbsp;<\/h2>\n\n\n\n<ul>\n<li>Les candidats pourront b\u00e9n\u00e9ficier d\u2019une<strong> formation \u00e0 l\u2019\u00e9loquence <\/strong>pour les pr\u00e9parer au concours (modalit\u00e9s \u00e0 pr\u00e9ciser suivant la localisation des candidats).<\/li>\n\n\n\n<li>L\u2019\u00e9tudiant.e qualifi\u00e9.e se verra offrir un s\u00e9jour \u00e0 Vienne pour prendre part \u00e0 la Finale Europe Centrale.<\/li>\n<\/ul>\n\n\n<div class=\"space sm\"><\/div>\n\n\n<h2 class=\"wp-block-heading\">Vous voulez tenter l\u2019aventure ?&nbsp;Comment s&rsquo;inscrire au concours ?<\/h2>\n\n\n<div class=\"space xs\"><\/div>\n\n<div class=\"text-center\"><a href=\"https:\/\/docs.google.com\/forms\/d\/e\/1FAIpQLSdptdCq1KBH6exUIG82PErV3XdClksr9GbTSv-y1RGwL3D9Lw\/viewform\" class=\"btn btn-white-invert\" target=\"blank\" rel=\"noreferrer noopener\">Remplissez le formulaire de candidature<\/a><\/div>\n\n<div class=\"space xs\"><\/div>\n\n\n<figure class=\"wp-block-table is-style-regular\"><table><tbody><tr><td>11 f\u00e9vrier au 31 mars 2026<\/td><td>Inscription via le <a href=\"https:\/\/docs.google.com\/forms\/d\/e\/1FAIpQLSdptdCq1KBH6exUIG82PErV3XdClksr9GbTSv-y1RGwL3D9Lw\/viewform\" target=\"_blank\" rel=\"noreferrer noopener\">formulaire<\/a><\/td><\/tr><tr><td>28 avril 2026 \u00e0 14h00<\/td><td>Finale nationale slovaque<\/td><\/tr><tr><td>17 juin 2026<\/td><td>Finale Europe Centrale \u00e0 Vienne<\/td><\/tr><\/tbody><\/table><\/figure>\n\n\n<div class=\"space sm\"><\/div>\n\n\n<h2 class=\"wp-block-heading\">Calendrier<\/h2>\n\n\n<div class=\"space sm\"><\/div>\n\n\n<h2 class=\"wp-block-heading\">Conditions d\u2019admissibilit\u00e9<\/h2>\n\n\n\n<p>Pour prendre part au concours, les participants doivent satisfaire aux conditions suivantes :&nbsp;<\/p>\n\n\n\n<ul>\n<li>S&rsquo;exprimer en fran\u00e7ais<\/li>\n\n\n\n<li>Etre inscrit <strong>en doctorat<\/strong> pour l\u2019ann\u00e9e universitaire en cours (2025-2026), ou avoir obtenu son doctorat lors de l\u2019ann\u00e9e universitaire pr\u00e9c\u00e9dente \u00e0 savoir 2024-2025&nbsp;dans une universit\u00e9 en Slovaquie ;<\/li>\n\n\n\n<li>Repr\u00e9senter l\u2019universit\u00e9 dans lequel le doctorant est inscrit. Dans le cas d\u2019une th\u00e8se en cotutelle, le candidat repr\u00e9sentera son universit\u00e9 d\u2019un des pays membres de la zone Europe Centrale ;<\/li>\n\n\n\n<li>Pr\u00e9senter un \u00e9tat d\u2019avancement suffisant du projet de recherche doctoral ;<\/li>\n\n\n\n<li>Avoir inform\u00e9 de sa participation au concours leur directeur de th\u00e8se et \/ ou financeurs et son directeur d\u2019unit\u00e9 ;&nbsp;<\/li>\n\n\n\n<li>Ne pas avoir d\u00e9j\u00e0 \u00e9t\u00e9 le gagnant du concours national de Slovaquie lors d\u2019une \u00e9dition pr\u00e9c\u00e9dente ;&nbsp;<\/li>\n\n\n\n<li>Avoir rempli le formulaire d\u2019inscription au concours <strong><u>avant le 31 mars 2026<\/u><\/strong><\/li>\n<\/ul>\n\n\n<div class=\"space sm\"><\/div>\n\n\n<p><strong><em>N\/B: Tout candidat se pr\u00e9sentant au concours doit bien tenir compte du calendrier d\u00e9fini pour l\u2019ensemble de ce concours.<\/em><\/strong> <\/p>\n\n\n\n<p><strong>Le r\u00e8glement d\u00e9taill\u00e9 du concours est disponible&nbsp;<a href=\"https:\/\/institutfrancais.sk\/wp-content\/uploads\/2026\/02\/MT-2026-Cahier-du-candidat-1.pdf\" target=\"_blank\" rel=\"noreferrer noopener\">ICI<\/a>&nbsp;(lecture obligatoire).&nbsp;<\/strong><\/p>\n\n\n<div class=\"text-center\"><a href=\"https:\/\/www.facebook.com\/reel\/900675677870117\" class=\"btn\" target=\"blank\" rel=\"noreferrer noopener\">Patrik \u010cechvala, laur\u00e9at 2023 du concours national, a&nbsp;termin\u00e9 \u00e0 la 2e place de la finale du concours MT180 \u00e0 Prague avec le prix du public<\/a><\/div>\n\n<div class=\"space sm\"><\/div>\n\n\n<figure class=\"wp-block-image size-large is-style-default\"><img loading=\"lazy\" decoding=\"async\" width=\"1024\" height=\"128\" src=\"https:\/\/institutfrancais.sk\/wp-content\/uploads\/2023\/01\/MT180-1024x128.png\" alt=\"\" class=\"wp-image-25335\" srcset=\"https:\/\/institutfrancais.sk\/wp-content\/uploads\/2023\/01\/MT180-1024x128.png 1024w, https:\/\/institutfrancais.sk\/wp-content\/uploads\/2023\/01\/MT180-300x38.png 300w, https:\/\/institutfrancais.sk\/wp-content\/uploads\/2023\/01\/MT180-768x96.png 768w, https:\/\/institutfrancais.sk\/wp-content\/uploads\/2023\/01\/MT180.png 1120w\" sizes=\"(max-width: 1024px) 100vw, 1024px\" \/><\/figure>\n\n\n<div class=\"space sm\"><\/div>","protected":false},"excerpt":{"rendered":"<p>MT180, qu\u2019est-ce que c\u2019est ? MT180&nbsp;vous permet de communiquer votre travail de recherche au grand public en expliquant simplement un sujet complexe. Au-del\u00e0 du concours, c\u2019est aussi un moyen d\u2019apprendre par le biais d\u2019une formation \u00e0 l\u2019\u00e9loquence \u00e0 s\u2019exprimer en public, ce qui est un v\u00e9ritable atout pour votre carri\u00e8re ! Qu&rsquo;est-ce qui vous attend [&hellip;]<\/p>\n","protected":false},"author":14,"featured_media":38690,"comment_status":"closed","ping_status":"closed","sticky":false,"template":"","format":"standard","meta":{"_acf_changed":false,"footnotes":""},"categories":[137,46,100],"tags":[],"acf":[],"yoast_head":"<!-- This site is optimized with the Yoast SEO plugin v24.5 - https:\/\/yoast.com\/wordpress\/plugins\/seo\/ -->\n<title>Ma th\u00e8se en 180 secondes - Franc\u00fazsky in\u0161tit\u00fat na Slovensku<\/title>\n<meta name=\"description\" content=\"Le concours \u00ab Ma th\u00e8se en 180 secondes \u00bb est de retour en 2025 ! Vous voulez tenter le d\u00e9fi de pr\u00e9senter votre th\u00e8se de doctorat ?\" \/>\n<meta name=\"robots\" content=\"index, follow, max-snippet:-1, max-image-preview:large, max-video-preview:-1\" \/>\n<link rel=\"canonical\" href=\"https:\/\/institutfrancais.sk\/fr\/ma-these-en-180-secondes\/\" \/>\n<meta property=\"og:locale\" content=\"fr_FR\" \/>\n<meta property=\"og:type\" content=\"article\" \/>\n<meta property=\"og:title\" content=\"Ma th\u00e8se en 180 secondes - Franc\u00fazsky in\u0161tit\u00fat na Slovensku\" \/>\n<meta property=\"og:description\" content=\"Le concours \u00ab Ma th\u00e8se en 180 secondes \u00bb est de retour en 2025 ! Vous voulez tenter le d\u00e9fi de pr\u00e9senter votre th\u00e8se de doctorat ?\" \/>\n<meta property=\"og:url\" content=\"https:\/\/institutfrancais.sk\/fr\/ma-these-en-180-secondes\/\" \/>\n<meta property=\"og:site_name\" content=\"Franc\u00fazsky in\u0161tit\u00fat na Slovensku\" \/>\n<meta property=\"article:published_time\" content=\"2026-02-11T09:28:00+00:00\" \/>\n<meta property=\"article:modified_time\" content=\"2026-02-27T15:03:38+00:00\" \/>\n<meta property=\"og:image\" content=\"https:\/\/institutfrancais.sk\/wp-content\/uploads\/2026\/02\/MT180-1.jpg\" \/>\n\t<meta property=\"og:image:width\" content=\"1366\" \/>\n\t<meta property=\"og:image:height\" content=\"768\" \/>\n\t<meta property=\"og:image:type\" content=\"image\/jpeg\" \/>\n<meta name=\"author\" content=\"Silvia Litva Polak\" \/>\n<meta name=\"twitter:card\" content=\"summary_large_image\" \/>\n<meta name=\"twitter:label1\" content=\"\u00c9crit par\" \/>\n\t<meta name=\"twitter:data1\" content=\"Silvia Litva Polak\" \/>\n\t<meta name=\"twitter:label2\" content=\"Dur\u00e9e de lecture estim\u00e9e\" \/>\n\t<meta name=\"twitter:data2\" content=\"3 minutes\" \/>\n<script type=\"application\/ld+json\" class=\"yoast-schema-graph\">{\"@context\":\"https:\/\/schema.org\",\"@graph\":[{\"@type\":\"WebPage\",\"@id\":\"https:\/\/institutfrancais.sk\/fr\/ma-these-en-180-secondes\/\",\"url\":\"https:\/\/institutfrancais.sk\/fr\/ma-these-en-180-secondes\/\",\"name\":\"Ma th\u00e8se en 180 secondes - Franc\u00fazsky in\u0161tit\u00fat na Slovensku\",\"isPartOf\":{\"@id\":\"https:\/\/institutfrancais.sk\/fr\/#website\"},\"primaryImageOfPage\":{\"@id\":\"https:\/\/institutfrancais.sk\/fr\/ma-these-en-180-secondes\/#primaryimage\"},\"image\":{\"@id\":\"https:\/\/institutfrancais.sk\/fr\/ma-these-en-180-secondes\/#primaryimage\"},\"thumbnailUrl\":\"https:\/\/institutfrancais.sk\/wp-content\/uploads\/2026\/02\/MT180-1.jpg\",\"datePublished\":\"2026-02-11T09:28:00+00:00\",\"dateModified\":\"2026-02-27T15:03:38+00:00\",\"author\":{\"@id\":\"https:\/\/institutfrancais.sk\/fr\/#\/schema\/person\/38abf1b8c029535fe5735e69e3aa8ad8\"},\"description\":\"Le concours \u00ab Ma th\u00e8se en 180 secondes \u00bb est de retour en 2025 ! Vous voulez tenter le d\u00e9fi de pr\u00e9senter votre th\u00e8se de doctorat ?\",\"breadcrumb\":{\"@id\":\"https:\/\/institutfrancais.sk\/fr\/ma-these-en-180-secondes\/#breadcrumb\"},\"inLanguage\":\"fr-FR\",\"potentialAction\":[{\"@type\":\"ReadAction\",\"target\":[\"https:\/\/institutfrancais.sk\/fr\/ma-these-en-180-secondes\/\"]}]},{\"@type\":\"ImageObject\",\"inLanguage\":\"fr-FR\",\"@id\":\"https:\/\/institutfrancais.sk\/fr\/ma-these-en-180-secondes\/#primaryimage\",\"url\":\"https:\/\/institutfrancais.sk\/wp-content\/uploads\/2026\/02\/MT180-1.jpg\",\"contentUrl\":\"https:\/\/institutfrancais.sk\/wp-content\/uploads\/2026\/02\/MT180-1.jpg\",\"width\":1366,\"height\":768},{\"@type\":\"BreadcrumbList\",\"@id\":\"https:\/\/institutfrancais.sk\/fr\/ma-these-en-180-secondes\/#breadcrumb\",\"itemListElement\":[{\"@type\":\"ListItem\",\"position\":1,\"name\":\"Home\",\"item\":\"https:\/\/institutfrancais.sk\/fr\/\"},{\"@type\":\"ListItem\",\"position\":2,\"name\":\"Ma th\u00e8se en 180 secondes\"}]},{\"@type\":\"WebSite\",\"@id\":\"https:\/\/institutfrancais.sk\/fr\/#website\",\"url\":\"https:\/\/institutfrancais.sk\/fr\/\",\"name\":\"Franc\u00fazsky in\u0161tit\u00fat na Slovensku\",\"description\":\"Franc\u00fazsky in\u0161tit\u00fat na Slovensku\",\"potentialAction\":[{\"@type\":\"SearchAction\",\"target\":{\"@type\":\"EntryPoint\",\"urlTemplate\":\"https:\/\/institutfrancais.sk\/fr\/?s={search_term_string}\"},\"query-input\":{\"@type\":\"PropertyValueSpecification\",\"valueRequired\":true,\"valueName\":\"search_term_string\"}}],\"inLanguage\":\"fr-FR\"},{\"@type\":\"Person\",\"@id\":\"https:\/\/institutfrancais.sk\/fr\/#\/schema\/person\/38abf1b8c029535fe5735e69e3aa8ad8\",\"name\":\"Silvia Litva Polak\",\"sameAs\":[\"http:\/\/www.institutfrancais.sk\"],\"url\":\"https:\/\/institutfrancais.sk\/fr\/author\/silvia\/\"}]}<\/script>\n<!-- \/ Yoast SEO plugin. -->","yoast_head_json":{"title":"Ma th\u00e8se en 180 secondes - Franc\u00fazsky in\u0161tit\u00fat na Slovensku","description":"Le concours \u00ab Ma th\u00e8se en 180 secondes \u00bb est de retour en 2025 ! Vous voulez tenter le d\u00e9fi de pr\u00e9senter votre th\u00e8se de doctorat ?","robots":{"index":"index","follow":"follow","max-snippet":"max-snippet:-1","max-image-preview":"max-image-preview:large","max-video-preview":"max-video-preview:-1"},"canonical":"https:\/\/institutfrancais.sk\/fr\/ma-these-en-180-secondes\/","og_locale":"fr_FR","og_type":"article","og_title":"Ma th\u00e8se en 180 secondes - Franc\u00fazsky in\u0161tit\u00fat na Slovensku","og_description":"Le concours \u00ab Ma th\u00e8se en 180 secondes \u00bb est de retour en 2025 ! Vous voulez tenter le d\u00e9fi de pr\u00e9senter votre th\u00e8se de doctorat ?","og_url":"https:\/\/institutfrancais.sk\/fr\/ma-these-en-180-secondes\/","og_site_name":"Franc\u00fazsky in\u0161tit\u00fat na Slovensku","article_published_time":"2026-02-11T09:28:00+00:00","article_modified_time":"2026-02-27T15:03:38+00:00","og_image":[{"width":1366,"height":768,"url":"https:\/\/institutfrancais.sk\/wp-content\/uploads\/2026\/02\/MT180-1.jpg","type":"image\/jpeg"}],"author":"Silvia Litva Polak","twitter_card":"summary_large_image","twitter_misc":{"\u00c9crit par":"Silvia Litva Polak","Dur\u00e9e de lecture estim\u00e9e":"3 minutes"},"schema":{"@context":"https:\/\/schema.org","@graph":[{"@type":"WebPage","@id":"https:\/\/institutfrancais.sk\/fr\/ma-these-en-180-secondes\/","url":"https:\/\/institutfrancais.sk\/fr\/ma-these-en-180-secondes\/","name":"Ma th\u00e8se en 180 secondes - Franc\u00fazsky in\u0161tit\u00fat na Slovensku","isPartOf":{"@id":"https:\/\/institutfrancais.sk\/fr\/#website"},"primaryImageOfPage":{"@id":"https:\/\/institutfrancais.sk\/fr\/ma-these-en-180-secondes\/#primaryimage"},"image":{"@id":"https:\/\/institutfrancais.sk\/fr\/ma-these-en-180-secondes\/#primaryimage"},"thumbnailUrl":"https:\/\/institutfrancais.sk\/wp-content\/uploads\/2026\/02\/MT180-1.jpg","datePublished":"2026-02-11T09:28:00+00:00","dateModified":"2026-02-27T15:03:38+00:00","author":{"@id":"https:\/\/institutfrancais.sk\/fr\/#\/schema\/person\/38abf1b8c029535fe5735e69e3aa8ad8"},"description":"Le concours \u00ab Ma th\u00e8se en 180 secondes \u00bb est de retour en 2025 ! Vous voulez tenter le d\u00e9fi de pr\u00e9senter votre th\u00e8se de doctorat ?","breadcrumb":{"@id":"https:\/\/institutfrancais.sk\/fr\/ma-these-en-180-secondes\/#breadcrumb"},"inLanguage":"fr-FR","potentialAction":[{"@type":"ReadAction","target":["https:\/\/institutfrancais.sk\/fr\/ma-these-en-180-secondes\/"]}]},{"@type":"ImageObject","inLanguage":"fr-FR","@id":"https:\/\/institutfrancais.sk\/fr\/ma-these-en-180-secondes\/#primaryimage","url":"https:\/\/institutfrancais.sk\/wp-content\/uploads\/2026\/02\/MT180-1.jpg","contentUrl":"https:\/\/institutfrancais.sk\/wp-content\/uploads\/2026\/02\/MT180-1.jpg","width":1366,"height":768},{"@type":"BreadcrumbList","@id":"https:\/\/institutfrancais.sk\/fr\/ma-these-en-180-secondes\/#breadcrumb","itemListElement":[{"@type":"ListItem","position":1,"name":"Home","item":"https:\/\/institutfrancais.sk\/fr\/"},{"@type":"ListItem","position":2,"name":"Ma th\u00e8se en 180 secondes"}]},{"@type":"WebSite","@id":"https:\/\/institutfrancais.sk\/fr\/#website","url":"https:\/\/institutfrancais.sk\/fr\/","name":"Franc\u00fazsky in\u0161tit\u00fat na Slovensku","description":"Franc\u00fazsky in\u0161tit\u00fat na Slovensku","potentialAction":[{"@type":"SearchAction","target":{"@type":"EntryPoint","urlTemplate":"https:\/\/institutfrancais.sk\/fr\/?s={search_term_string}"},"query-input":{"@type":"PropertyValueSpecification","valueRequired":true,"valueName":"search_term_string"}}],"inLanguage":"fr-FR"},{"@type":"Person","@id":"https:\/\/institutfrancais.sk\/fr\/#\/schema\/person\/38abf1b8c029535fe5735e69e3aa8ad8","name":"Silvia Litva Polak","sameAs":["http:\/\/www.institutfrancais.sk"],"url":"https:\/\/institutfrancais.sk\/fr\/author\/silvia\/"}]}},"_links":{"self":[{"href":"https:\/\/institutfrancais.sk\/fr\/wp-json\/wp\/v2\/posts\/25332"}],"collection":[{"href":"https:\/\/institutfrancais.sk\/fr\/wp-json\/wp\/v2\/posts"}],"about":[{"href":"https:\/\/institutfrancais.sk\/fr\/wp-json\/wp\/v2\/types\/post"}],"author":[{"embeddable":true,"href":"https:\/\/institutfrancais.sk\/fr\/wp-json\/wp\/v2\/users\/14"}],"replies":[{"embeddable":true,"href":"https:\/\/institutfrancais.sk\/fr\/wp-json\/wp\/v2\/comments?post=25332"}],"version-history":[{"count":10,"href":"https:\/\/institutfrancais.sk\/fr\/wp-json\/wp\/v2\/posts\/25332\/revisions"}],"predecessor-version":[{"id":38868,"href":"https:\/\/institutfrancais.sk\/fr\/wp-json\/wp\/v2\/posts\/25332\/revisions\/38868"}],"wp:featuredmedia":[{"embeddable":true,"href":"https:\/\/institutfrancais.sk\/fr\/wp-json\/wp\/v2\/media\/38690"}],"wp:attachment":[{"href":"https:\/\/institutfrancais.sk\/fr\/wp-json\/wp\/v2\/media?parent=25332"}],"wp:term":[{"taxonomy":"category","embeddable":true,"href":"https:\/\/institutfrancais.sk\/fr\/wp-json\/wp\/v2\/categories?post=25332"},{"taxonomy":"post_tag","embeddable":true,"href":"https:\/\/institutfrancais.sk\/fr\/wp-json\/wp\/v2\/tags?post=25332"}],"curies":[{"name":"wp","href":"https:\/\/api.w.org\/{rel}","templated":true}]}}