{"id":25422,"date":"2023-01-25T16:14:50","date_gmt":"2023-01-25T15:14:50","guid":{"rendered":"https:\/\/institutfrancais.sk\/?p=25422"},"modified":"2023-01-25T16:34:45","modified_gmt":"2023-01-25T15:34:45","slug":"larchitecte-odile-decq-sinvite-a-kosice","status":"publish","type":"post","link":"https:\/\/institutfrancais.sk\/fr\/larchitecte-odile-decq-sinvite-a-kosice\/","title":{"rendered":"L\u2019architecte Odile Decq s\u2019invite \u00e0 Ko\u0161ice"},"content":{"rendered":"\n<p>Cette exposition, organis\u00e9e par l\u2019architecte M. <strong>Martin Drahovsk\u00fd<\/strong> avec l\u2019appui des \u00e9tudiants de la facult\u00e9 d\u2019architecture de Ko\u0161ice, a&nbsp;\u00e9t\u00e9 ouverte par M. <strong>Jaroslav Pola\u010dek<\/strong>, Maire de la Ville, entour\u00e9e de Mme <strong>Zuzana Calvet<\/strong>, Pr\u00e9sidente de l\u2019Alliance fran\u00e7aise de Ko\u0161ice (et plusieurs membres de son Conseil d\u2019administration), M. <strong>Martin Dani<\/strong>, le directeur de Kulturpark, M. <strong>Jean-Marc Cassam Chena\u00ef<\/strong> repr\u00e9sentant S.E.M. l\u2019Ambassadeur de France en Slovaquie, M. Pascal Le Deunff, M. <strong>Tade\u00e1\u0161 Goryczka<\/strong>, commissaire de l&rsquo;exposition.<\/p>\n\n\n\n<p>Elle s\u2019articule autour de plusieurs panneaux remarquables par leur qualit\u00e9 esth\u00e9tique, d\u2019un film, de maquettes et d\u2019objets design (tables et luminaires) qui expriment la richesse et le talent d\u2019Odile Decq.<\/p>\n\n\n\n<p>Cette architecte fran\u00e7aise, de renomm\u00e9e internationale, a&nbsp;remport\u00e9 de nombreux prix en France, en Europe, et en Asie&nbsp;;&nbsp;elle repr\u00e9sente aujourd\u2019hui l\u2019excellence fran\u00e7aise en mati\u00e8re d\u2019architecture et de design. Toujours tr\u00e8s active et tr\u00e8s curieuse, elle sillonne le monde entier pour d\u00e9velopper de nouveaux projets.<\/p>\n\n\n\n<p>Odile Decq qui a&nbsp;pu&nbsp;prendre part, en ligne, au vernissage de dimanche dernier&nbsp;;&nbsp;elle &nbsp;a&nbsp;pu&nbsp;ainsi nous pr\u00e9senter l\u2019esprit et le contenu de cette exposition itin\u00e9rante qui nous arrive d\u2019Ostrava en R\u00e9publique tch\u00e8que.<\/p>\n\n\n\n<p>Pour les amoureux d\u2019architecture \u00e0 Ko\u0161ice, et dans la r\u00e9gion Est de Slovaquie, un d\u00e9tour par Kulturpark est vivement recommand\u00e9&nbsp;! l\u2019exposition sera ouverte jusqu\u2019au 26 f\u00e9vrier 2023. <\/p>\n\n\n<div class=\"space sm\"><\/div>\n\n<\/div><div class=\"lines-bg lines-bg-threeleft-g\"><div class=\"lines-bg lines-bg-absolute lines-bg-oneright-g\"><\/div><div class=\"wrap\"><div class=\"events articles-events\"><div class=\"row\"><div class=\"col-md-6 col-lg-4\"><a href=\"https:\/\/institutfrancais.sk\/fr\/podujatie\/vystava-horizons-francuzskej-architektky-odile-decq\/\" class=\"event \"><div class=\"bg\"><div class=\"bghdn\"><div class=\"img\" style=\"background-image:url(https:\/\/institutfrancais.sk\/wp-content\/uploads\/2023\/01\/plakat_odile-kosice_mail-2.png)\"><\/div><\/div><span class=\"type\">exposition<\/span><\/div><div class=\"content\"><div class=\"meta\"><strong class=\"color-green\">22.1. &#8211;&nbsp;26.2.<\/strong><\/div><h3>Exposition Horizons de l&rsquo;architecte fran\u00e7aise Odile Decq<\/h3><\/div><\/a><\/div><\/div><\/div><\/div><\/div><div class=\"wrap narrow-wrap\">\n\n<div class=\"space sm\"><\/div>\n\n\n<figure class=\"wp-block-gallery columns-3 is-cropped wp-block-gallery-1 is-layout-flex wp-block-gallery-is-layout-flex\"><ul class=\"blocks-gallery-grid\"><li class=\"blocks-gallery-item\"><figure><img loading=\"lazy\" decoding=\"async\" width=\"1024\" height=\"683\" src=\"https:\/\/institutfrancais.sk\/wp-content\/uploads\/2023\/01\/DSC07591-1024x683.jpg\" alt=\"\" data-id=\"25423\" data-full-url=\"https:\/\/institutfrancais.sk\/wp-content\/uploads\/2023\/01\/DSC07591-scaled.jpg\" data-link=\"https:\/\/institutfrancais.sk\/fr\/?attachment_id=25423\" class=\"wp-image-25423\" srcset=\"https:\/\/institutfrancais.sk\/wp-content\/uploads\/2023\/01\/DSC07591-1024x683.jpg 1024w, https:\/\/institutfrancais.sk\/wp-content\/uploads\/2023\/01\/DSC07591-300x200.jpg 300w, https:\/\/institutfrancais.sk\/wp-content\/uploads\/2023\/01\/DSC07591-768x512.jpg 768w, https:\/\/institutfrancais.sk\/wp-content\/uploads\/2023\/01\/DSC07591-1536x1024.jpg 1536w, https:\/\/institutfrancais.sk\/wp-content\/uploads\/2023\/01\/DSC07591-2048x1365.jpg 2048w, https:\/\/institutfrancais.sk\/wp-content\/uploads\/2023\/01\/DSC07591-1190x793.jpg 1190w, https:\/\/institutfrancais.sk\/wp-content\/uploads\/2023\/01\/DSC07591-1500x1000.jpg 1500w\" sizes=\"(max-width: 1024px) 100vw, 1024px\" \/><\/figure><\/li><li class=\"blocks-gallery-item\"><figure><img loading=\"lazy\" decoding=\"async\" width=\"1024\" height=\"683\" src=\"https:\/\/institutfrancais.sk\/wp-content\/uploads\/2023\/01\/DSC07594-1024x683.jpg\" alt=\"\" data-id=\"25425\" data-full-url=\"https:\/\/institutfrancais.sk\/wp-content\/uploads\/2023\/01\/DSC07594-scaled.jpg\" data-link=\"https:\/\/institutfrancais.sk\/fr\/?attachment_id=25425\" class=\"wp-image-25425\" srcset=\"https:\/\/institutfrancais.sk\/wp-content\/uploads\/2023\/01\/DSC07594-1024x683.jpg 1024w, https:\/\/institutfrancais.sk\/wp-content\/uploads\/2023\/01\/DSC07594-300x200.jpg 300w, https:\/\/institutfrancais.sk\/wp-content\/uploads\/2023\/01\/DSC07594-768x512.jpg 768w, https:\/\/institutfrancais.sk\/wp-content\/uploads\/2023\/01\/DSC07594-1536x1024.jpg 1536w, https:\/\/institutfrancais.sk\/wp-content\/uploads\/2023\/01\/DSC07594-2048x1365.jpg 2048w, https:\/\/institutfrancais.sk\/wp-content\/uploads\/2023\/01\/DSC07594-1190x793.jpg 1190w, https:\/\/institutfrancais.sk\/wp-content\/uploads\/2023\/01\/DSC07594-1500x1000.jpg 1500w\" sizes=\"(max-width: 1024px) 100vw, 1024px\" \/><\/figure><\/li><li class=\"blocks-gallery-item\"><figure><img loading=\"lazy\" decoding=\"async\" width=\"1024\" height=\"683\" src=\"https:\/\/institutfrancais.sk\/wp-content\/uploads\/2023\/01\/DSC07600-1024x683.jpg\" alt=\"\" data-id=\"25427\" data-full-url=\"https:\/\/institutfrancais.sk\/wp-content\/uploads\/2023\/01\/DSC07600-scaled.jpg\" data-link=\"https:\/\/institutfrancais.sk\/fr\/?attachment_id=25427\" class=\"wp-image-25427\" srcset=\"https:\/\/institutfrancais.sk\/wp-content\/uploads\/2023\/01\/DSC07600-1024x683.jpg 1024w, https:\/\/institutfrancais.sk\/wp-content\/uploads\/2023\/01\/DSC07600-300x200.jpg 300w, https:\/\/institutfrancais.sk\/wp-content\/uploads\/2023\/01\/DSC07600-768x512.jpg 768w, https:\/\/institutfrancais.sk\/wp-content\/uploads\/2023\/01\/DSC07600-1536x1024.jpg 1536w, https:\/\/institutfrancais.sk\/wp-content\/uploads\/2023\/01\/DSC07600-2048x1365.jpg 2048w, https:\/\/institutfrancais.sk\/wp-content\/uploads\/2023\/01\/DSC07600-1190x793.jpg 1190w, https:\/\/institutfrancais.sk\/wp-content\/uploads\/2023\/01\/DSC07600-1500x1000.jpg 1500w\" sizes=\"(max-width: 1024px) 100vw, 1024px\" \/><\/figure><\/li><li class=\"blocks-gallery-item\"><figure><img loading=\"lazy\" decoding=\"async\" width=\"1024\" height=\"683\" src=\"https:\/\/institutfrancais.sk\/wp-content\/uploads\/2023\/01\/DSC07616-1024x683.jpg\" alt=\"\" data-id=\"25429\" data-full-url=\"https:\/\/institutfrancais.sk\/wp-content\/uploads\/2023\/01\/DSC07616-scaled.jpg\" data-link=\"https:\/\/institutfrancais.sk\/fr\/?attachment_id=25429\" class=\"wp-image-25429\" srcset=\"https:\/\/institutfrancais.sk\/wp-content\/uploads\/2023\/01\/DSC07616-1024x683.jpg 1024w, https:\/\/institutfrancais.sk\/wp-content\/uploads\/2023\/01\/DSC07616-300x200.jpg 300w, https:\/\/institutfrancais.sk\/wp-content\/uploads\/2023\/01\/DSC07616-768x512.jpg 768w, https:\/\/institutfrancais.sk\/wp-content\/uploads\/2023\/01\/DSC07616-1536x1024.jpg 1536w, https:\/\/institutfrancais.sk\/wp-content\/uploads\/2023\/01\/DSC07616-2048x1365.jpg 2048w, https:\/\/institutfrancais.sk\/wp-content\/uploads\/2023\/01\/DSC07616-1190x793.jpg 1190w, https:\/\/institutfrancais.sk\/wp-content\/uploads\/2023\/01\/DSC07616-1500x1000.jpg 1500w\" sizes=\"(max-width: 1024px) 100vw, 1024px\" \/><\/figure><\/li><li class=\"blocks-gallery-item\"><figure><img loading=\"lazy\" decoding=\"async\" width=\"1024\" height=\"683\" src=\"https:\/\/institutfrancais.sk\/wp-content\/uploads\/2023\/01\/DSC07618-1024x683.jpg\" alt=\"\" data-id=\"25431\" data-full-url=\"https:\/\/institutfrancais.sk\/wp-content\/uploads\/2023\/01\/DSC07618-scaled.jpg\" data-link=\"https:\/\/institutfrancais.sk\/fr\/?attachment_id=25431\" class=\"wp-image-25431\" srcset=\"https:\/\/institutfrancais.sk\/wp-content\/uploads\/2023\/01\/DSC07618-1024x683.jpg 1024w, https:\/\/institutfrancais.sk\/wp-content\/uploads\/2023\/01\/DSC07618-300x200.jpg 300w, https:\/\/institutfrancais.sk\/wp-content\/uploads\/2023\/01\/DSC07618-768x512.jpg 768w, https:\/\/institutfrancais.sk\/wp-content\/uploads\/2023\/01\/DSC07618-1536x1024.jpg 1536w, https:\/\/institutfrancais.sk\/wp-content\/uploads\/2023\/01\/DSC07618-2048x1365.jpg 2048w, https:\/\/institutfrancais.sk\/wp-content\/uploads\/2023\/01\/DSC07618-1190x793.jpg 1190w, https:\/\/institutfrancais.sk\/wp-content\/uploads\/2023\/01\/DSC07618-1500x1000.jpg 1500w\" sizes=\"(max-width: 1024px) 100vw, 1024px\" \/><\/figure><\/li><li class=\"blocks-gallery-item\"><figure><img loading=\"lazy\" decoding=\"async\" width=\"1024\" height=\"683\" src=\"https:\/\/institutfrancais.sk\/wp-content\/uploads\/2023\/01\/DSC07630-1024x683.jpg\" alt=\"\" data-id=\"25433\" data-full-url=\"https:\/\/institutfrancais.sk\/wp-content\/uploads\/2023\/01\/DSC07630-scaled.jpg\" data-link=\"https:\/\/institutfrancais.sk\/fr\/?attachment_id=25433\" class=\"wp-image-25433\" srcset=\"https:\/\/institutfrancais.sk\/wp-content\/uploads\/2023\/01\/DSC07630-1024x683.jpg 1024w, https:\/\/institutfrancais.sk\/wp-content\/uploads\/2023\/01\/DSC07630-300x200.jpg 300w, https:\/\/institutfrancais.sk\/wp-content\/uploads\/2023\/01\/DSC07630-768x512.jpg 768w, https:\/\/institutfrancais.sk\/wp-content\/uploads\/2023\/01\/DSC07630-1536x1024.jpg 1536w, https:\/\/institutfrancais.sk\/wp-content\/uploads\/2023\/01\/DSC07630-2048x1365.jpg 2048w, https:\/\/institutfrancais.sk\/wp-content\/uploads\/2023\/01\/DSC07630-1190x793.jpg 1190w, https:\/\/institutfrancais.sk\/wp-content\/uploads\/2023\/01\/DSC07630-1500x1000.jpg 1500w\" sizes=\"(max-width: 1024px) 100vw, 1024px\" \/><\/figure><\/li><li class=\"blocks-gallery-item\"><figure><img loading=\"lazy\" decoding=\"async\" width=\"1024\" height=\"683\" src=\"https:\/\/institutfrancais.sk\/wp-content\/uploads\/2023\/01\/DSC07641-1024x683.jpg\" alt=\"\" data-id=\"25435\" data-full-url=\"https:\/\/institutfrancais.sk\/wp-content\/uploads\/2023\/01\/DSC07641-scaled.jpg\" data-link=\"https:\/\/institutfrancais.sk\/fr\/?attachment_id=25435\" class=\"wp-image-25435\" srcset=\"https:\/\/institutfrancais.sk\/wp-content\/uploads\/2023\/01\/DSC07641-1024x683.jpg 1024w, https:\/\/institutfrancais.sk\/wp-content\/uploads\/2023\/01\/DSC07641-300x200.jpg 300w, https:\/\/institutfrancais.sk\/wp-content\/uploads\/2023\/01\/DSC07641-768x512.jpg 768w, https:\/\/institutfrancais.sk\/wp-content\/uploads\/2023\/01\/DSC07641-1536x1024.jpg 1536w, https:\/\/institutfrancais.sk\/wp-content\/uploads\/2023\/01\/DSC07641-2048x1365.jpg 2048w, https:\/\/institutfrancais.sk\/wp-content\/uploads\/2023\/01\/DSC07641-1190x793.jpg 1190w, https:\/\/institutfrancais.sk\/wp-content\/uploads\/2023\/01\/DSC07641-1500x1000.jpg 1500w\" sizes=\"(max-width: 1024px) 100vw, 1024px\" \/><\/figure><\/li><li class=\"blocks-gallery-item\"><figure><img loading=\"lazy\" decoding=\"async\" width=\"1024\" height=\"683\" src=\"https:\/\/institutfrancais.sk\/wp-content\/uploads\/2023\/01\/DSC07642-1024x683.jpg\" alt=\"\" data-id=\"25437\" data-full-url=\"https:\/\/institutfrancais.sk\/wp-content\/uploads\/2023\/01\/DSC07642-scaled.jpg\" data-link=\"https:\/\/institutfrancais.sk\/fr\/?attachment_id=25437\" class=\"wp-image-25437\" srcset=\"https:\/\/institutfrancais.sk\/wp-content\/uploads\/2023\/01\/DSC07642-1024x683.jpg 1024w, https:\/\/institutfrancais.sk\/wp-content\/uploads\/2023\/01\/DSC07642-300x200.jpg 300w, https:\/\/institutfrancais.sk\/wp-content\/uploads\/2023\/01\/DSC07642-768x512.jpg 768w, https:\/\/institutfrancais.sk\/wp-content\/uploads\/2023\/01\/DSC07642-1536x1024.jpg 1536w, https:\/\/institutfrancais.sk\/wp-content\/uploads\/2023\/01\/DSC07642-2048x1365.jpg 2048w, https:\/\/institutfrancais.sk\/wp-content\/uploads\/2023\/01\/DSC07642-1190x793.jpg 1190w, https:\/\/institutfrancais.sk\/wp-content\/uploads\/2023\/01\/DSC07642-1500x1000.jpg 1500w\" sizes=\"(max-width: 1024px) 100vw, 1024px\" \/><\/figure><\/li><li class=\"blocks-gallery-item\"><figure><img loading=\"lazy\" decoding=\"async\" width=\"1024\" height=\"683\" src=\"https:\/\/institutfrancais.sk\/wp-content\/uploads\/2023\/01\/DSC07665-1024x683.jpg\" alt=\"\" data-id=\"25439\" data-full-url=\"https:\/\/institutfrancais.sk\/wp-content\/uploads\/2023\/01\/DSC07665-scaled.jpg\" data-link=\"https:\/\/institutfrancais.sk\/fr\/?attachment_id=25439\" class=\"wp-image-25439\" srcset=\"https:\/\/institutfrancais.sk\/wp-content\/uploads\/2023\/01\/DSC07665-1024x683.jpg 1024w, https:\/\/institutfrancais.sk\/wp-content\/uploads\/2023\/01\/DSC07665-300x200.jpg 300w, https:\/\/institutfrancais.sk\/wp-content\/uploads\/2023\/01\/DSC07665-768x512.jpg 768w, https:\/\/institutfrancais.sk\/wp-content\/uploads\/2023\/01\/DSC07665-1536x1024.jpg 1536w, https:\/\/institutfrancais.sk\/wp-content\/uploads\/2023\/01\/DSC07665-2048x1365.jpg 2048w, https:\/\/institutfrancais.sk\/wp-content\/uploads\/2023\/01\/DSC07665-1190x793.jpg 1190w, https:\/\/institutfrancais.sk\/wp-content\/uploads\/2023\/01\/DSC07665-1500x1000.jpg 1500w\" sizes=\"(max-width: 1024px) 100vw, 1024px\" \/><\/figure><\/li><li class=\"blocks-gallery-item\"><figure><img loading=\"lazy\" decoding=\"async\" width=\"1024\" height=\"683\" src=\"https:\/\/institutfrancais.sk\/wp-content\/uploads\/2023\/01\/DSC07685-1024x683.jpg\" alt=\"\" data-id=\"25441\" data-full-url=\"https:\/\/institutfrancais.sk\/wp-content\/uploads\/2023\/01\/DSC07685-scaled.jpg\" data-link=\"https:\/\/institutfrancais.sk\/fr\/?attachment_id=25441\" class=\"wp-image-25441\" srcset=\"https:\/\/institutfrancais.sk\/wp-content\/uploads\/2023\/01\/DSC07685-1024x683.jpg 1024w, https:\/\/institutfrancais.sk\/wp-content\/uploads\/2023\/01\/DSC07685-300x200.jpg 300w, https:\/\/institutfrancais.sk\/wp-content\/uploads\/2023\/01\/DSC07685-768x512.jpg 768w, https:\/\/institutfrancais.sk\/wp-content\/uploads\/2023\/01\/DSC07685-1536x1024.jpg 1536w, https:\/\/institutfrancais.sk\/wp-content\/uploads\/2023\/01\/DSC07685-2048x1365.jpg 2048w, https:\/\/institutfrancais.sk\/wp-content\/uploads\/2023\/01\/DSC07685-1190x793.jpg 1190w, https:\/\/institutfrancais.sk\/wp-content\/uploads\/2023\/01\/DSC07685-1500x1000.jpg 1500w\" sizes=\"(max-width: 1024px) 100vw, 1024px\" \/><\/figure><\/li><li class=\"blocks-gallery-item\"><figure><img loading=\"lazy\" decoding=\"async\" width=\"1024\" height=\"683\" src=\"https:\/\/institutfrancais.sk\/wp-content\/uploads\/2023\/01\/DSC07699-1024x683.jpg\" alt=\"\" data-id=\"25443\" data-full-url=\"https:\/\/institutfrancais.sk\/wp-content\/uploads\/2023\/01\/DSC07699-scaled.jpg\" data-link=\"https:\/\/institutfrancais.sk\/fr\/?attachment_id=25443\" class=\"wp-image-25443\" srcset=\"https:\/\/institutfrancais.sk\/wp-content\/uploads\/2023\/01\/DSC07699-1024x683.jpg 1024w, https:\/\/institutfrancais.sk\/wp-content\/uploads\/2023\/01\/DSC07699-300x200.jpg 300w, https:\/\/institutfrancais.sk\/wp-content\/uploads\/2023\/01\/DSC07699-768x512.jpg 768w, https:\/\/institutfrancais.sk\/wp-content\/uploads\/2023\/01\/DSC07699-1536x1024.jpg 1536w, https:\/\/institutfrancais.sk\/wp-content\/uploads\/2023\/01\/DSC07699-2048x1365.jpg 2048w, https:\/\/institutfrancais.sk\/wp-content\/uploads\/2023\/01\/DSC07699-1190x793.jpg 1190w, https:\/\/institutfrancais.sk\/wp-content\/uploads\/2023\/01\/DSC07699-1500x1000.jpg 1500w\" sizes=\"(max-width: 1024px) 100vw, 1024px\" \/><\/figure><\/li><li class=\"blocks-gallery-item\"><figure><img loading=\"lazy\" decoding=\"async\" width=\"1024\" height=\"683\" src=\"https:\/\/institutfrancais.sk\/wp-content\/uploads\/2023\/01\/DSC07717-1024x683.jpg\" alt=\"\" data-id=\"25445\" data-full-url=\"https:\/\/institutfrancais.sk\/wp-content\/uploads\/2023\/01\/DSC07717-scaled.jpg\" data-link=\"https:\/\/institutfrancais.sk\/fr\/?attachment_id=25445\" class=\"wp-image-25445\" srcset=\"https:\/\/institutfrancais.sk\/wp-content\/uploads\/2023\/01\/DSC07717-1024x683.jpg 1024w, https:\/\/institutfrancais.sk\/wp-content\/uploads\/2023\/01\/DSC07717-300x200.jpg 300w, https:\/\/institutfrancais.sk\/wp-content\/uploads\/2023\/01\/DSC07717-768x512.jpg 768w, https:\/\/institutfrancais.sk\/wp-content\/uploads\/2023\/01\/DSC07717-1536x1024.jpg 1536w, https:\/\/institutfrancais.sk\/wp-content\/uploads\/2023\/01\/DSC07717-2048x1365.jpg 2048w, https:\/\/institutfrancais.sk\/wp-content\/uploads\/2023\/01\/DSC07717-1190x793.jpg 1190w, https:\/\/institutfrancais.sk\/wp-content\/uploads\/2023\/01\/DSC07717-1500x1000.jpg 1500w\" sizes=\"(max-width: 1024px) 100vw, 1024px\" \/><\/figure><\/li><li class=\"blocks-gallery-item\"><figure><img loading=\"lazy\" decoding=\"async\" width=\"1024\" height=\"683\" src=\"https:\/\/institutfrancais.sk\/wp-content\/uploads\/2023\/01\/DSC07731-1024x683.jpg\" alt=\"\" data-id=\"25447\" data-full-url=\"https:\/\/institutfrancais.sk\/wp-content\/uploads\/2023\/01\/DSC07731-scaled.jpg\" data-link=\"https:\/\/institutfrancais.sk\/fr\/?attachment_id=25447\" class=\"wp-image-25447\" srcset=\"https:\/\/institutfrancais.sk\/wp-content\/uploads\/2023\/01\/DSC07731-1024x683.jpg 1024w, https:\/\/institutfrancais.sk\/wp-content\/uploads\/2023\/01\/DSC07731-300x200.jpg 300w, https:\/\/institutfrancais.sk\/wp-content\/uploads\/2023\/01\/DSC07731-768x512.jpg 768w, https:\/\/institutfrancais.sk\/wp-content\/uploads\/2023\/01\/DSC07731-1536x1024.jpg 1536w, https:\/\/institutfrancais.sk\/wp-content\/uploads\/2023\/01\/DSC07731-2048x1365.jpg 2048w, https:\/\/institutfrancais.sk\/wp-content\/uploads\/2023\/01\/DSC07731-1190x793.jpg 1190w, https:\/\/institutfrancais.sk\/wp-content\/uploads\/2023\/01\/DSC07731-1500x1000.jpg 1500w\" sizes=\"(max-width: 1024px) 100vw, 1024px\" \/><\/figure><\/li><li class=\"blocks-gallery-item\"><figure><img loading=\"lazy\" decoding=\"async\" width=\"1024\" height=\"683\" src=\"https:\/\/institutfrancais.sk\/wp-content\/uploads\/2023\/01\/DSC07749-1024x683.jpg\" alt=\"\" data-id=\"25449\" data-full-url=\"https:\/\/institutfrancais.sk\/wp-content\/uploads\/2023\/01\/DSC07749-scaled.jpg\" data-link=\"https:\/\/institutfrancais.sk\/fr\/?attachment_id=25449\" class=\"wp-image-25449\" srcset=\"https:\/\/institutfrancais.sk\/wp-content\/uploads\/2023\/01\/DSC07749-1024x683.jpg 1024w, https:\/\/institutfrancais.sk\/wp-content\/uploads\/2023\/01\/DSC07749-300x200.jpg 300w, https:\/\/institutfrancais.sk\/wp-content\/uploads\/2023\/01\/DSC07749-768x512.jpg 768w, https:\/\/institutfrancais.sk\/wp-content\/uploads\/2023\/01\/DSC07749-1536x1024.jpg 1536w, https:\/\/institutfrancais.sk\/wp-content\/uploads\/2023\/01\/DSC07749-2048x1365.jpg 2048w, https:\/\/institutfrancais.sk\/wp-content\/uploads\/2023\/01\/DSC07749-1190x793.jpg 1190w, https:\/\/institutfrancais.sk\/wp-content\/uploads\/2023\/01\/DSC07749-1500x1000.jpg 1500w\" sizes=\"(max-width: 1024px) 100vw, 1024px\" \/><\/figure><\/li><li class=\"blocks-gallery-item\"><figure><img loading=\"lazy\" decoding=\"async\" width=\"1024\" height=\"683\" src=\"https:\/\/institutfrancais.sk\/wp-content\/uploads\/2023\/01\/DSC07754-1024x683.jpg\" alt=\"\" data-id=\"25451\" data-full-url=\"https:\/\/institutfrancais.sk\/wp-content\/uploads\/2023\/01\/DSC07754-scaled.jpg\" data-link=\"https:\/\/institutfrancais.sk\/fr\/?attachment_id=25451\" class=\"wp-image-25451\" srcset=\"https:\/\/institutfrancais.sk\/wp-content\/uploads\/2023\/01\/DSC07754-1024x683.jpg 1024w, https:\/\/institutfrancais.sk\/wp-content\/uploads\/2023\/01\/DSC07754-300x200.jpg 300w, https:\/\/institutfrancais.sk\/wp-content\/uploads\/2023\/01\/DSC07754-768x512.jpg 768w, https:\/\/institutfrancais.sk\/wp-content\/uploads\/2023\/01\/DSC07754-1536x1024.jpg 1536w, https:\/\/institutfrancais.sk\/wp-content\/uploads\/2023\/01\/DSC07754-2048x1365.jpg 2048w, https:\/\/institutfrancais.sk\/wp-content\/uploads\/2023\/01\/DSC07754-1190x793.jpg 1190w, https:\/\/institutfrancais.sk\/wp-content\/uploads\/2023\/01\/DSC07754-1500x1000.jpg 1500w\" sizes=\"(max-width: 1024px) 100vw, 1024px\" \/><\/figure><\/li><li class=\"blocks-gallery-item\"><figure><img loading=\"lazy\" decoding=\"async\" width=\"1024\" height=\"683\" src=\"https:\/\/institutfrancais.sk\/wp-content\/uploads\/2023\/01\/DSC07759-1024x683.jpg\" alt=\"\" data-id=\"25453\" data-full-url=\"https:\/\/institutfrancais.sk\/wp-content\/uploads\/2023\/01\/DSC07759-scaled.jpg\" data-link=\"https:\/\/institutfrancais.sk\/fr\/?attachment_id=25453\" class=\"wp-image-25453\" srcset=\"https:\/\/institutfrancais.sk\/wp-content\/uploads\/2023\/01\/DSC07759-1024x683.jpg 1024w, https:\/\/institutfrancais.sk\/wp-content\/uploads\/2023\/01\/DSC07759-300x200.jpg 300w, https:\/\/institutfrancais.sk\/wp-content\/uploads\/2023\/01\/DSC07759-768x512.jpg 768w, https:\/\/institutfrancais.sk\/wp-content\/uploads\/2023\/01\/DSC07759-1536x1024.jpg 1536w, https:\/\/institutfrancais.sk\/wp-content\/uploads\/2023\/01\/DSC07759-2048x1365.jpg 2048w, https:\/\/institutfrancais.sk\/wp-content\/uploads\/2023\/01\/DSC07759-1190x793.jpg 1190w, https:\/\/institutfrancais.sk\/wp-content\/uploads\/2023\/01\/DSC07759-1500x1000.jpg 1500w\" sizes=\"(max-width: 1024px) 100vw, 1024px\" \/><\/figure><\/li><li class=\"blocks-gallery-item\"><figure><img loading=\"lazy\" decoding=\"async\" width=\"1024\" height=\"683\" src=\"https:\/\/institutfrancais.sk\/wp-content\/uploads\/2023\/01\/DSC07764-1024x683.jpg\" alt=\"\" data-id=\"25455\" data-full-url=\"https:\/\/institutfrancais.sk\/wp-content\/uploads\/2023\/01\/DSC07764-scaled.jpg\" data-link=\"https:\/\/institutfrancais.sk\/fr\/?attachment_id=25455\" class=\"wp-image-25455\" srcset=\"https:\/\/institutfrancais.sk\/wp-content\/uploads\/2023\/01\/DSC07764-1024x683.jpg 1024w, https:\/\/institutfrancais.sk\/wp-content\/uploads\/2023\/01\/DSC07764-300x200.jpg 300w, https:\/\/institutfrancais.sk\/wp-content\/uploads\/2023\/01\/DSC07764-768x512.jpg 768w, https:\/\/institutfrancais.sk\/wp-content\/uploads\/2023\/01\/DSC07764-1536x1024.jpg 1536w, https:\/\/institutfrancais.sk\/wp-content\/uploads\/2023\/01\/DSC07764-2048x1365.jpg 2048w, https:\/\/institutfrancais.sk\/wp-content\/uploads\/2023\/01\/DSC07764-1190x793.jpg 1190w, https:\/\/institutfrancais.sk\/wp-content\/uploads\/2023\/01\/DSC07764-1500x1000.jpg 1500w\" sizes=\"(max-width: 1024px) 100vw, 1024px\" \/><\/figure><\/li><li class=\"blocks-gallery-item\"><figure><img loading=\"lazy\" decoding=\"async\" width=\"1024\" height=\"683\" src=\"https:\/\/institutfrancais.sk\/wp-content\/uploads\/2023\/01\/DSC07768-1024x683.jpg\" alt=\"\" data-id=\"25457\" data-full-url=\"https:\/\/institutfrancais.sk\/wp-content\/uploads\/2023\/01\/DSC07768-scaled.jpg\" data-link=\"https:\/\/institutfrancais.sk\/fr\/?attachment_id=25457\" class=\"wp-image-25457\" srcset=\"https:\/\/institutfrancais.sk\/wp-content\/uploads\/2023\/01\/DSC07768-1024x683.jpg 1024w, https:\/\/institutfrancais.sk\/wp-content\/uploads\/2023\/01\/DSC07768-300x200.jpg 300w, https:\/\/institutfrancais.sk\/wp-content\/uploads\/2023\/01\/DSC07768-768x512.jpg 768w, https:\/\/institutfrancais.sk\/wp-content\/uploads\/2023\/01\/DSC07768-1536x1024.jpg 1536w, https:\/\/institutfrancais.sk\/wp-content\/uploads\/2023\/01\/DSC07768-2048x1365.jpg 2048w, https:\/\/institutfrancais.sk\/wp-content\/uploads\/2023\/01\/DSC07768-1190x793.jpg 1190w, https:\/\/institutfrancais.sk\/wp-content\/uploads\/2023\/01\/DSC07768-1500x1000.jpg 1500w\" sizes=\"(max-width: 1024px) 100vw, 1024px\" \/><\/figure><\/li><li class=\"blocks-gallery-item\"><figure><img loading=\"lazy\" decoding=\"async\" width=\"1024\" height=\"683\" src=\"https:\/\/institutfrancais.sk\/wp-content\/uploads\/2023\/01\/DSC07783-1024x683.jpg\" alt=\"\" data-id=\"25459\" data-full-url=\"https:\/\/institutfrancais.sk\/wp-content\/uploads\/2023\/01\/DSC07783-scaled.jpg\" data-link=\"https:\/\/institutfrancais.sk\/fr\/?attachment_id=25459\" class=\"wp-image-25459\" srcset=\"https:\/\/institutfrancais.sk\/wp-content\/uploads\/2023\/01\/DSC07783-1024x683.jpg 1024w, https:\/\/institutfrancais.sk\/wp-content\/uploads\/2023\/01\/DSC07783-300x200.jpg 300w, https:\/\/institutfrancais.sk\/wp-content\/uploads\/2023\/01\/DSC07783-768x512.jpg 768w, https:\/\/institutfrancais.sk\/wp-content\/uploads\/2023\/01\/DSC07783-1536x1024.jpg 1536w, https:\/\/institutfrancais.sk\/wp-content\/uploads\/2023\/01\/DSC07783-2048x1365.jpg 2048w, https:\/\/institutfrancais.sk\/wp-content\/uploads\/2023\/01\/DSC07783-1190x793.jpg 1190w, https:\/\/institutfrancais.sk\/wp-content\/uploads\/2023\/01\/DSC07783-1500x1000.jpg 1500w\" sizes=\"(max-width: 1024px) 100vw, 1024px\" \/><\/figure><\/li><li class=\"blocks-gallery-item\"><figure><img loading=\"lazy\" decoding=\"async\" width=\"1024\" height=\"683\" src=\"https:\/\/institutfrancais.sk\/wp-content\/uploads\/2023\/01\/DSC07785-1024x683.jpg\" alt=\"\" data-id=\"25461\" data-full-url=\"https:\/\/institutfrancais.sk\/wp-content\/uploads\/2023\/01\/DSC07785-scaled.jpg\" data-link=\"https:\/\/institutfrancais.sk\/fr\/?attachment_id=25461\" class=\"wp-image-25461\" srcset=\"https:\/\/institutfrancais.sk\/wp-content\/uploads\/2023\/01\/DSC07785-1024x683.jpg 1024w, https:\/\/institutfrancais.sk\/wp-content\/uploads\/2023\/01\/DSC07785-300x200.jpg 300w, https:\/\/institutfrancais.sk\/wp-content\/uploads\/2023\/01\/DSC07785-768x512.jpg 768w, https:\/\/institutfrancais.sk\/wp-content\/uploads\/2023\/01\/DSC07785-1536x1024.jpg 1536w, https:\/\/institutfrancais.sk\/wp-content\/uploads\/2023\/01\/DSC07785-2048x1365.jpg 2048w, https:\/\/institutfrancais.sk\/wp-content\/uploads\/2023\/01\/DSC07785-1190x793.jpg 1190w, https:\/\/institutfrancais.sk\/wp-content\/uploads\/2023\/01\/DSC07785-1500x1000.jpg 1500w\" sizes=\"(max-width: 1024px) 100vw, 1024px\" \/><\/figure><\/li><li class=\"blocks-gallery-item\"><figure><img loading=\"lazy\" decoding=\"async\" width=\"1024\" height=\"683\" src=\"https:\/\/institutfrancais.sk\/wp-content\/uploads\/2023\/01\/DSC07791-1024x683.jpg\" alt=\"\" data-id=\"25463\" data-full-url=\"https:\/\/institutfrancais.sk\/wp-content\/uploads\/2023\/01\/DSC07791-scaled.jpg\" data-link=\"https:\/\/institutfrancais.sk\/fr\/?attachment_id=25463\" class=\"wp-image-25463\" srcset=\"https:\/\/institutfrancais.sk\/wp-content\/uploads\/2023\/01\/DSC07791-1024x683.jpg 1024w, https:\/\/institutfrancais.sk\/wp-content\/uploads\/2023\/01\/DSC07791-300x200.jpg 300w, https:\/\/institutfrancais.sk\/wp-content\/uploads\/2023\/01\/DSC07791-768x512.jpg 768w, https:\/\/institutfrancais.sk\/wp-content\/uploads\/2023\/01\/DSC07791-1536x1024.jpg 1536w, https:\/\/institutfrancais.sk\/wp-content\/uploads\/2023\/01\/DSC07791-2048x1365.jpg 2048w, https:\/\/institutfrancais.sk\/wp-content\/uploads\/2023\/01\/DSC07791-1190x793.jpg 1190w, https:\/\/institutfrancais.sk\/wp-content\/uploads\/2023\/01\/DSC07791-1500x1000.jpg 1500w\" sizes=\"(max-width: 1024px) 100vw, 1024px\" \/><\/figure><\/li><li class=\"blocks-gallery-item\"><figure><img loading=\"lazy\" decoding=\"async\" width=\"1024\" height=\"683\" src=\"https:\/\/institutfrancais.sk\/wp-content\/uploads\/2023\/01\/DSC07798-1024x683.jpg\" alt=\"\" data-id=\"25465\" data-full-url=\"https:\/\/institutfrancais.sk\/wp-content\/uploads\/2023\/01\/DSC07798-scaled.jpg\" data-link=\"https:\/\/institutfrancais.sk\/fr\/?attachment_id=25465\" class=\"wp-image-25465\" srcset=\"https:\/\/institutfrancais.sk\/wp-content\/uploads\/2023\/01\/DSC07798-1024x683.jpg 1024w, https:\/\/institutfrancais.sk\/wp-content\/uploads\/2023\/01\/DSC07798-300x200.jpg 300w, https:\/\/institutfrancais.sk\/wp-content\/uploads\/2023\/01\/DSC07798-768x512.jpg 768w, https:\/\/institutfrancais.sk\/wp-content\/uploads\/2023\/01\/DSC07798-1536x1024.jpg 1536w, https:\/\/institutfrancais.sk\/wp-content\/uploads\/2023\/01\/DSC07798-2048x1365.jpg 2048w, https:\/\/institutfrancais.sk\/wp-content\/uploads\/2023\/01\/DSC07798-1190x793.jpg 1190w, https:\/\/institutfrancais.sk\/wp-content\/uploads\/2023\/01\/DSC07798-1500x1000.jpg 1500w\" sizes=\"(max-width: 1024px) 100vw, 1024px\" \/><\/figure><\/li><li class=\"blocks-gallery-item\"><figure><img loading=\"lazy\" decoding=\"async\" width=\"1024\" height=\"683\" src=\"https:\/\/institutfrancais.sk\/wp-content\/uploads\/2023\/01\/DSC07801-1024x683.jpg\" alt=\"\" data-id=\"25467\" data-full-url=\"https:\/\/institutfrancais.sk\/wp-content\/uploads\/2023\/01\/DSC07801-scaled.jpg\" data-link=\"https:\/\/institutfrancais.sk\/fr\/?attachment_id=25467\" class=\"wp-image-25467\" srcset=\"https:\/\/institutfrancais.sk\/wp-content\/uploads\/2023\/01\/DSC07801-1024x683.jpg 1024w, https:\/\/institutfrancais.sk\/wp-content\/uploads\/2023\/01\/DSC07801-300x200.jpg 300w, https:\/\/institutfrancais.sk\/wp-content\/uploads\/2023\/01\/DSC07801-768x512.jpg 768w, https:\/\/institutfrancais.sk\/wp-content\/uploads\/2023\/01\/DSC07801-1536x1024.jpg 1536w, https:\/\/institutfrancais.sk\/wp-content\/uploads\/2023\/01\/DSC07801-2048x1365.jpg 2048w, https:\/\/institutfrancais.sk\/wp-content\/uploads\/2023\/01\/DSC07801-1190x793.jpg 1190w, https:\/\/institutfrancais.sk\/wp-content\/uploads\/2023\/01\/DSC07801-1500x1000.jpg 1500w\" sizes=\"(max-width: 1024px) 100vw, 1024px\" \/><\/figure><\/li><li class=\"blocks-gallery-item\"><figure><img loading=\"lazy\" decoding=\"async\" width=\"1024\" height=\"683\" src=\"https:\/\/institutfrancais.sk\/wp-content\/uploads\/2023\/01\/DSC07804-1024x683.jpg\" alt=\"\" data-id=\"25469\" data-full-url=\"https:\/\/institutfrancais.sk\/wp-content\/uploads\/2023\/01\/DSC07804-scaled.jpg\" data-link=\"https:\/\/institutfrancais.sk\/fr\/?attachment_id=25469\" class=\"wp-image-25469\" srcset=\"https:\/\/institutfrancais.sk\/wp-content\/uploads\/2023\/01\/DSC07804-1024x683.jpg 1024w, https:\/\/institutfrancais.sk\/wp-content\/uploads\/2023\/01\/DSC07804-300x200.jpg 300w, https:\/\/institutfrancais.sk\/wp-content\/uploads\/2023\/01\/DSC07804-768x512.jpg 768w, https:\/\/institutfrancais.sk\/wp-content\/uploads\/2023\/01\/DSC07804-1536x1024.jpg 1536w, https:\/\/institutfrancais.sk\/wp-content\/uploads\/2023\/01\/DSC07804-2048x1365.jpg 2048w, https:\/\/institutfrancais.sk\/wp-content\/uploads\/2023\/01\/DSC07804-1190x793.jpg 1190w, https:\/\/institutfrancais.sk\/wp-content\/uploads\/2023\/01\/DSC07804-1500x1000.jpg 1500w\" sizes=\"(max-width: 1024px) 100vw, 1024px\" \/><\/figure><\/li><li class=\"blocks-gallery-item\"><figure><img loading=\"lazy\" decoding=\"async\" width=\"1024\" height=\"683\" src=\"https:\/\/institutfrancais.sk\/wp-content\/uploads\/2023\/01\/DSC07808-1024x683.jpg\" alt=\"\" data-id=\"25471\" data-full-url=\"https:\/\/institutfrancais.sk\/wp-content\/uploads\/2023\/01\/DSC07808-scaled.jpg\" data-link=\"https:\/\/institutfrancais.sk\/fr\/?attachment_id=25471\" class=\"wp-image-25471\" srcset=\"https:\/\/institutfrancais.sk\/wp-content\/uploads\/2023\/01\/DSC07808-1024x683.jpg 1024w, https:\/\/institutfrancais.sk\/wp-content\/uploads\/2023\/01\/DSC07808-300x200.jpg 300w, https:\/\/institutfrancais.sk\/wp-content\/uploads\/2023\/01\/DSC07808-768x512.jpg 768w, https:\/\/institutfrancais.sk\/wp-content\/uploads\/2023\/01\/DSC07808-1536x1024.jpg 1536w, https:\/\/institutfrancais.sk\/wp-content\/uploads\/2023\/01\/DSC07808-2048x1365.jpg 2048w, https:\/\/institutfrancais.sk\/wp-content\/uploads\/2023\/01\/DSC07808-1190x793.jpg 1190w, https:\/\/institutfrancais.sk\/wp-content\/uploads\/2023\/01\/DSC07808-1500x1000.jpg 1500w\" sizes=\"(max-width: 1024px) 100vw, 1024px\" \/><\/figure><\/li><\/ul><figcaption class=\"blocks-gallery-caption\">(c) Kulturpark<\/figcaption><\/figure>\n","protected":false},"excerpt":{"rendered":"<p>Cette exposition, organis\u00e9e par l\u2019architecte M. Martin Drahovsk\u00fd avec l\u2019appui des \u00e9tudiants de la facult\u00e9 d\u2019architecture de Ko\u0161ice, a&nbsp;\u00e9t\u00e9 ouverte par M. Jaroslav Pola\u010dek, Maire de la Ville, entour\u00e9e de Mme Zuzana Calvet, Pr\u00e9sidente de l\u2019Alliance fran\u00e7aise de Ko\u0161ice (et plusieurs membres de son Conseil d\u2019administration), M. Martin Dani, le directeur de Kulturpark, M. Jean-Marc [&hellip;]<\/p>\n","protected":false},"author":14,"featured_media":25458,"comment_status":"closed","ping_status":"closed","sticky":false,"template":"","format":"standard","meta":{"_acf_changed":false,"footnotes":""},"categories":[155],"tags":[],"acf":[],"yoast_head":"<!-- This site is optimized with the Yoast SEO plugin v24.5 - https:\/\/yoast.com\/wordpress\/plugins\/seo\/ -->\n<title>L\u2019architecte Odile Decq s\u2019invite \u00e0 Ko\u0161ice - Franc\u00fazsky in\u0161tit\u00fat na Slovensku<\/title>\n<meta name=\"robots\" content=\"index, follow, max-snippet:-1, max-image-preview:large, max-video-preview:-1\" \/>\n<link rel=\"canonical\" href=\"https:\/\/institutfrancais.sk\/fr\/larchitecte-odile-decq-sinvite-a-kosice\/\" \/>\n<meta property=\"og:locale\" content=\"fr_FR\" \/>\n<meta property=\"og:type\" content=\"article\" \/>\n<meta property=\"og:title\" content=\"L\u2019architecte Odile Decq s\u2019invite \u00e0 Ko\u0161ice - Franc\u00fazsky in\u0161tit\u00fat na Slovensku\" \/>\n<meta property=\"og:description\" content=\"Cette exposition, organis\u00e9e par l\u2019architecte M. Martin Drahovsk\u00fd avec l\u2019appui des \u00e9tudiants de la facult\u00e9 d\u2019architecture de Ko\u0161ice, a&nbsp;\u00e9t\u00e9 ouverte par M. Jaroslav Pola\u010dek, Maire de la Ville, entour\u00e9e de Mme Zuzana Calvet, Pr\u00e9sidente de l\u2019Alliance fran\u00e7aise de Ko\u0161ice (et plusieurs membres de son Conseil d\u2019administration), M. Martin Dani, le directeur de Kulturpark, M. Jean-Marc [&hellip;]\" \/>\n<meta property=\"og:url\" content=\"https:\/\/institutfrancais.sk\/fr\/larchitecte-odile-decq-sinvite-a-kosice\/\" \/>\n<meta property=\"og:site_name\" content=\"Franc\u00fazsky in\u0161tit\u00fat na Slovensku\" \/>\n<meta property=\"article:published_time\" content=\"2023-01-25T15:14:50+00:00\" \/>\n<meta property=\"article:modified_time\" content=\"2023-01-25T15:34:45+00:00\" \/>\n<meta property=\"og:image\" content=\"https:\/\/institutfrancais.sk\/wp-content\/uploads\/2023\/01\/DSC07768-scaled.jpg\" \/>\n\t<meta property=\"og:image:width\" content=\"2560\" \/>\n\t<meta property=\"og:image:height\" content=\"1707\" \/>\n\t<meta property=\"og:image:type\" content=\"image\/jpeg\" \/>\n<meta name=\"author\" content=\"Silvia Litva Polak\" \/>\n<meta name=\"twitter:card\" content=\"summary_large_image\" \/>\n<meta name=\"twitter:label1\" content=\"\u00c9crit par\" \/>\n\t<meta name=\"twitter:data1\" content=\"Silvia Litva Polak\" \/>\n\t<meta name=\"twitter:label2\" content=\"Dur\u00e9e de lecture estim\u00e9e\" \/>\n\t<meta name=\"twitter:data2\" content=\"7 minutes\" \/>\n<script type=\"application\/ld+json\" class=\"yoast-schema-graph\">{\"@context\":\"https:\/\/schema.org\",\"@graph\":[{\"@type\":\"WebPage\",\"@id\":\"https:\/\/institutfrancais.sk\/fr\/larchitecte-odile-decq-sinvite-a-kosice\/\",\"url\":\"https:\/\/institutfrancais.sk\/fr\/larchitecte-odile-decq-sinvite-a-kosice\/\",\"name\":\"L\u2019architecte Odile Decq s\u2019invite \u00e0 Ko\u0161ice - Franc\u00fazsky in\u0161tit\u00fat na Slovensku\",\"isPartOf\":{\"@id\":\"https:\/\/institutfrancais.sk\/fr\/#website\"},\"primaryImageOfPage\":{\"@id\":\"https:\/\/institutfrancais.sk\/fr\/larchitecte-odile-decq-sinvite-a-kosice\/#primaryimage\"},\"image\":{\"@id\":\"https:\/\/institutfrancais.sk\/fr\/larchitecte-odile-decq-sinvite-a-kosice\/#primaryimage\"},\"thumbnailUrl\":\"https:\/\/institutfrancais.sk\/wp-content\/uploads\/2023\/01\/DSC07768-scaled.jpg\",\"datePublished\":\"2023-01-25T15:14:50+00:00\",\"dateModified\":\"2023-01-25T15:34:45+00:00\",\"author\":{\"@id\":\"https:\/\/institutfrancais.sk\/fr\/#\/schema\/person\/38abf1b8c029535fe5735e69e3aa8ad8\"},\"breadcrumb\":{\"@id\":\"https:\/\/institutfrancais.sk\/fr\/larchitecte-odile-decq-sinvite-a-kosice\/#breadcrumb\"},\"inLanguage\":\"fr-FR\",\"potentialAction\":[{\"@type\":\"ReadAction\",\"target\":[\"https:\/\/institutfrancais.sk\/fr\/larchitecte-odile-decq-sinvite-a-kosice\/\"]}]},{\"@type\":\"ImageObject\",\"inLanguage\":\"fr-FR\",\"@id\":\"https:\/\/institutfrancais.sk\/fr\/larchitecte-odile-decq-sinvite-a-kosice\/#primaryimage\",\"url\":\"https:\/\/institutfrancais.sk\/wp-content\/uploads\/2023\/01\/DSC07768-scaled.jpg\",\"contentUrl\":\"https:\/\/institutfrancais.sk\/wp-content\/uploads\/2023\/01\/DSC07768-scaled.jpg\",\"width\":2560,\"height\":1707},{\"@type\":\"BreadcrumbList\",\"@id\":\"https:\/\/institutfrancais.sk\/fr\/larchitecte-odile-decq-sinvite-a-kosice\/#breadcrumb\",\"itemListElement\":[{\"@type\":\"ListItem\",\"position\":1,\"name\":\"Home\",\"item\":\"https:\/\/institutfrancais.sk\/fr\/\"},{\"@type\":\"ListItem\",\"position\":2,\"name\":\"L\u2019architecte Odile Decq s\u2019invite \u00e0 Ko\u0161ice\"}]},{\"@type\":\"WebSite\",\"@id\":\"https:\/\/institutfrancais.sk\/fr\/#website\",\"url\":\"https:\/\/institutfrancais.sk\/fr\/\",\"name\":\"Franc\u00fazsky in\u0161tit\u00fat na Slovensku\",\"description\":\"Franc\u00fazsky in\u0161tit\u00fat na Slovensku\",\"potentialAction\":[{\"@type\":\"SearchAction\",\"target\":{\"@type\":\"EntryPoint\",\"urlTemplate\":\"https:\/\/institutfrancais.sk\/fr\/?s={search_term_string}\"},\"query-input\":{\"@type\":\"PropertyValueSpecification\",\"valueRequired\":true,\"valueName\":\"search_term_string\"}}],\"inLanguage\":\"fr-FR\"},{\"@type\":\"Person\",\"@id\":\"https:\/\/institutfrancais.sk\/fr\/#\/schema\/person\/38abf1b8c029535fe5735e69e3aa8ad8\",\"name\":\"Silvia Litva Polak\",\"sameAs\":[\"http:\/\/www.institutfrancais.sk\"],\"url\":\"https:\/\/institutfrancais.sk\/fr\/author\/silvia\/\"}]}<\/script>\n<!-- \/ Yoast SEO plugin. -->","yoast_head_json":{"title":"L\u2019architecte Odile Decq s\u2019invite \u00e0 Ko\u0161ice - Franc\u00fazsky in\u0161tit\u00fat na Slovensku","robots":{"index":"index","follow":"follow","max-snippet":"max-snippet:-1","max-image-preview":"max-image-preview:large","max-video-preview":"max-video-preview:-1"},"canonical":"https:\/\/institutfrancais.sk\/fr\/larchitecte-odile-decq-sinvite-a-kosice\/","og_locale":"fr_FR","og_type":"article","og_title":"L\u2019architecte Odile Decq s\u2019invite \u00e0 Ko\u0161ice - Franc\u00fazsky in\u0161tit\u00fat na Slovensku","og_description":"Cette exposition, organis\u00e9e par l\u2019architecte M. Martin Drahovsk\u00fd avec l\u2019appui des \u00e9tudiants de la facult\u00e9 d\u2019architecture de Ko\u0161ice, a&nbsp;\u00e9t\u00e9 ouverte par M. Jaroslav Pola\u010dek, Maire de la Ville, entour\u00e9e de Mme Zuzana Calvet, Pr\u00e9sidente de l\u2019Alliance fran\u00e7aise de Ko\u0161ice (et plusieurs membres de son Conseil d\u2019administration), M. Martin Dani, le directeur de Kulturpark, M. Jean-Marc [&hellip;]","og_url":"https:\/\/institutfrancais.sk\/fr\/larchitecte-odile-decq-sinvite-a-kosice\/","og_site_name":"Franc\u00fazsky in\u0161tit\u00fat na Slovensku","article_published_time":"2023-01-25T15:14:50+00:00","article_modified_time":"2023-01-25T15:34:45+00:00","og_image":[{"width":2560,"height":1707,"url":"https:\/\/institutfrancais.sk\/wp-content\/uploads\/2023\/01\/DSC07768-scaled.jpg","type":"image\/jpeg"}],"author":"Silvia Litva Polak","twitter_card":"summary_large_image","twitter_misc":{"\u00c9crit par":"Silvia Litva Polak","Dur\u00e9e de lecture estim\u00e9e":"7 minutes"},"schema":{"@context":"https:\/\/schema.org","@graph":[{"@type":"WebPage","@id":"https:\/\/institutfrancais.sk\/fr\/larchitecte-odile-decq-sinvite-a-kosice\/","url":"https:\/\/institutfrancais.sk\/fr\/larchitecte-odile-decq-sinvite-a-kosice\/","name":"L\u2019architecte Odile Decq s\u2019invite \u00e0 Ko\u0161ice - Franc\u00fazsky in\u0161tit\u00fat na Slovensku","isPartOf":{"@id":"https:\/\/institutfrancais.sk\/fr\/#website"},"primaryImageOfPage":{"@id":"https:\/\/institutfrancais.sk\/fr\/larchitecte-odile-decq-sinvite-a-kosice\/#primaryimage"},"image":{"@id":"https:\/\/institutfrancais.sk\/fr\/larchitecte-odile-decq-sinvite-a-kosice\/#primaryimage"},"thumbnailUrl":"https:\/\/institutfrancais.sk\/wp-content\/uploads\/2023\/01\/DSC07768-scaled.jpg","datePublished":"2023-01-25T15:14:50+00:00","dateModified":"2023-01-25T15:34:45+00:00","author":{"@id":"https:\/\/institutfrancais.sk\/fr\/#\/schema\/person\/38abf1b8c029535fe5735e69e3aa8ad8"},"breadcrumb":{"@id":"https:\/\/institutfrancais.sk\/fr\/larchitecte-odile-decq-sinvite-a-kosice\/#breadcrumb"},"inLanguage":"fr-FR","potentialAction":[{"@type":"ReadAction","target":["https:\/\/institutfrancais.sk\/fr\/larchitecte-odile-decq-sinvite-a-kosice\/"]}]},{"@type":"ImageObject","inLanguage":"fr-FR","@id":"https:\/\/institutfrancais.sk\/fr\/larchitecte-odile-decq-sinvite-a-kosice\/#primaryimage","url":"https:\/\/institutfrancais.sk\/wp-content\/uploads\/2023\/01\/DSC07768-scaled.jpg","contentUrl":"https:\/\/institutfrancais.sk\/wp-content\/uploads\/2023\/01\/DSC07768-scaled.jpg","width":2560,"height":1707},{"@type":"BreadcrumbList","@id":"https:\/\/institutfrancais.sk\/fr\/larchitecte-odile-decq-sinvite-a-kosice\/#breadcrumb","itemListElement":[{"@type":"ListItem","position":1,"name":"Home","item":"https:\/\/institutfrancais.sk\/fr\/"},{"@type":"ListItem","position":2,"name":"L\u2019architecte Odile Decq s\u2019invite \u00e0 Ko\u0161ice"}]},{"@type":"WebSite","@id":"https:\/\/institutfrancais.sk\/fr\/#website","url":"https:\/\/institutfrancais.sk\/fr\/","name":"Franc\u00fazsky in\u0161tit\u00fat na Slovensku","description":"Franc\u00fazsky in\u0161tit\u00fat na Slovensku","potentialAction":[{"@type":"SearchAction","target":{"@type":"EntryPoint","urlTemplate":"https:\/\/institutfrancais.sk\/fr\/?s={search_term_string}"},"query-input":{"@type":"PropertyValueSpecification","valueRequired":true,"valueName":"search_term_string"}}],"inLanguage":"fr-FR"},{"@type":"Person","@id":"https:\/\/institutfrancais.sk\/fr\/#\/schema\/person\/38abf1b8c029535fe5735e69e3aa8ad8","name":"Silvia Litva Polak","sameAs":["http:\/\/www.institutfrancais.sk"],"url":"https:\/\/institutfrancais.sk\/fr\/author\/silvia\/"}]}},"_links":{"self":[{"href":"https:\/\/institutfrancais.sk\/fr\/wp-json\/wp\/v2\/posts\/25422"}],"collection":[{"href":"https:\/\/institutfrancais.sk\/fr\/wp-json\/wp\/v2\/posts"}],"about":[{"href":"https:\/\/institutfrancais.sk\/fr\/wp-json\/wp\/v2\/types\/post"}],"author":[{"embeddable":true,"href":"https:\/\/institutfrancais.sk\/fr\/wp-json\/wp\/v2\/users\/14"}],"replies":[{"embeddable":true,"href":"https:\/\/institutfrancais.sk\/fr\/wp-json\/wp\/v2\/comments?post=25422"}],"version-history":[{"count":0,"href":"https:\/\/institutfrancais.sk\/fr\/wp-json\/wp\/v2\/posts\/25422\/revisions"}],"wp:featuredmedia":[{"embeddable":true,"href":"https:\/\/institutfrancais.sk\/fr\/wp-json\/wp\/v2\/media\/25458"}],"wp:attachment":[{"href":"https:\/\/institutfrancais.sk\/fr\/wp-json\/wp\/v2\/media?parent=25422"}],"wp:term":[{"taxonomy":"category","embeddable":true,"href":"https:\/\/institutfrancais.sk\/fr\/wp-json\/wp\/v2\/categories?post=25422"},{"taxonomy":"post_tag","embeddable":true,"href":"https:\/\/institutfrancais.sk\/fr\/wp-json\/wp\/v2\/tags?post=25422"}],"curies":[{"name":"wp","href":"https:\/\/api.w.org\/{rel}","templated":true}]}}