{"id":25865,"date":"2023-02-20T11:26:00","date_gmt":"2023-02-20T10:26:00","guid":{"rendered":"https:\/\/institutfrancais.sk\/?p=25865"},"modified":"2023-02-20T12:05:12","modified_gmt":"2023-02-20T11:05:12","slug":"changement-des-horaires-douverture-du-service-des-cours","status":"publish","type":"post","link":"https:\/\/institutfrancais.sk\/fr\/changement-des-horaires-douverture-du-service-des-cours\/","title":{"rendered":"Changement des horaires d&rsquo;ouverture du Service des cours"},"content":{"rendered":"\n<figure class=\"wp-block-table\"><table><tbody><tr><td><\/td><td><strong>Matin\u00e9e<\/strong><\/td><td><strong>Apr\u00e8s-midi<\/strong><\/td><\/tr><tr><td><strong>Lundi<\/strong><\/td><td>sur RDV<\/td><td>14:00 \u2013 18:00<\/td><\/tr><tr><td><strong>Mardi<\/strong><\/td><td>08:00 \u2013 12:00<\/td><td>sur RDV <\/td><\/tr><tr><td><strong>Mercredi<\/strong><\/td><td>09:00 \u2013 12:00<\/td><td>14:00 \u2013 18:00<\/td><\/tr><tr><td><strong>Jeudi<\/strong><\/td><td>sur RDV <\/td><td>14:00 \u2013 18:00<\/td><\/tr><tr><td><strong>Vendredi<\/strong><\/td><td>08:00 \u2013 12:00<\/td><td>sur RDV <\/td><\/tr><\/tbody><\/table><\/figure>\n\n\n<div class=\"space sm\"><\/div>\n\n\n<h3 class=\"wp-block-heading\">Pour toute question ou prise de rendez-vous par mail ou par t\u00e9l\u00e9phone, n&rsquo;h\u00e9sitez pas \u00e0 contacter le Service des cours !<\/h3>\n\n\n\n<p><strong><a href=\"mailto:cours@institutfrancais.sk\">cours@institutfrancais.sk<\/a><\/strong>&nbsp;\/ +421&nbsp;2&nbsp;59&nbsp;34&nbsp;77&nbsp;62<\/p>\n\n\n<div class=\"space sm\"><\/div>\n\n<\/div><iframe loading=\"lazy\" src=\"https:\/\/www.google.com\/maps\/embed?pb=!1m18!1m12!1m3!1d2662.2735746915087!2d17.10532635165492!3d48.14353077912193!2m3!1f0!2f0!3f0!3m2!1i1024!2i768!4f13.1!3m3!1m2!1s0x476c8942d3867d0f%3A0xf92cfa7be90ee73!2zRnJhbmPDunpza3kgaW7FoXRpdMO6dA!5e0!3m2!1ssk!2ssk!4v1575902399794!5m2!1ssk!2ssk\" width=\"100%\" height=\"558\" frameborder=\"0\" class=\"gmap-iframe\" allowfullscreen=\"\"><\/iframe><div class=\"wrap narrow-wrap\">","protected":false},"excerpt":{"rendered":"<p>Matin\u00e9e Apr\u00e8s-midi Lundi sur RDV 14:00 \u2013 18:00 Mardi 08:00 \u2013 12:00 sur RDV Mercredi 09:00 \u2013 12:00&nbsp;14:00 \u2013 18:00 Jeudi sur RDV 14:00 \u2013 18:00 Vendredi 08:00 \u2013 12:00 sur RDV Pour toute question ou prise de rendez-vous par mail ou par t\u00e9l\u00e9phone, n&rsquo;h\u00e9sitez pas \u00e0 contacter le Service des cours ! cours@institutfrancais.sk&nbsp;\/ [&hellip;]<\/p>\n","protected":false},"author":14,"featured_media":25866,"comment_status":"closed","ping_status":"closed","sticky":false,"template":"","format":"standard","meta":{"_acf_changed":false,"footnotes":""},"categories":[102,128],"tags":[],"acf":[],"yoast_head":"<!-- This site is optimized with the Yoast SEO plugin v24.5 - https:\/\/yoast.com\/wordpress\/plugins\/seo\/ -->\n<title>Changement des horaires d&#039;ouverture du Service des cours - Franc\u00fazsky in\u0161tit\u00fat na Slovensku<\/title>\n<meta name=\"robots\" content=\"index, follow, max-snippet:-1, max-image-preview:large, max-video-preview:-1\" \/>\n<link rel=\"canonical\" href=\"https:\/\/institutfrancais.sk\/fr\/changement-des-horaires-douverture-du-service-des-cours\/\" \/>\n<meta property=\"og:locale\" content=\"fr_FR\" \/>\n<meta property=\"og:type\" content=\"article\" \/>\n<meta property=\"og:title\" content=\"Changement des horaires d&#039;ouverture du Service des cours - Franc\u00fazsky in\u0161tit\u00fat na Slovensku\" \/>\n<meta property=\"og:description\" content=\"Matin\u00e9e Apr\u00e8s-midi Lundi sur RDV 14:00 \u2013 18:00 Mardi 08:00 \u2013 12:00 sur RDV Mercredi 09:00 \u2013 12:00 14:00 \u2013 18:00 Jeudi sur RDV 14:00 \u2013 18:00 Vendredi 08:00 \u2013 12:00 sur RDV Pour toute question ou prise de rendez-vous par mail ou par t\u00e9l\u00e9phone, n&rsquo;h\u00e9sitez pas \u00e0 contacter le Service des cours ! cours@institutfrancais.sk&nbsp;\/ [&hellip;]\" \/>\n<meta property=\"og:url\" content=\"https:\/\/institutfrancais.sk\/fr\/changement-des-horaires-douverture-du-service-des-cours\/\" \/>\n<meta property=\"og:site_name\" content=\"Franc\u00fazsky in\u0161tit\u00fat na Slovensku\" \/>\n<meta property=\"article:published_time\" content=\"2023-02-20T10:26:00+00:00\" \/>\n<meta property=\"article:modified_time\" content=\"2023-02-20T11:05:12+00:00\" \/>\n<meta property=\"og:image\" content=\"https:\/\/institutfrancais.sk\/wp-content\/uploads\/2023\/02\/pexels-stas-knop-1537268-scaled.jpg\" \/>\n\t<meta property=\"og:image:width\" content=\"2560\" \/>\n\t<meta property=\"og:image:height\" content=\"1707\" \/>\n\t<meta property=\"og:image:type\" content=\"image\/jpeg\" \/>\n<meta name=\"author\" content=\"Silvia Litva Polak\" \/>\n<meta name=\"twitter:card\" content=\"summary_large_image\" \/>\n<meta name=\"twitter:label1\" content=\"\u00c9crit par\" \/>\n\t<meta name=\"twitter:data1\" content=\"Silvia Litva Polak\" \/>\n\t<meta name=\"twitter:label2\" content=\"Dur\u00e9e de lecture estim\u00e9e\" \/>\n\t<meta name=\"twitter:data2\" content=\"1 minute\" \/>\n<script type=\"application\/ld+json\" class=\"yoast-schema-graph\">{\"@context\":\"https:\/\/schema.org\",\"@graph\":[{\"@type\":\"WebPage\",\"@id\":\"https:\/\/institutfrancais.sk\/fr\/changement-des-horaires-douverture-du-service-des-cours\/\",\"url\":\"https:\/\/institutfrancais.sk\/fr\/changement-des-horaires-douverture-du-service-des-cours\/\",\"name\":\"Changement des horaires d'ouverture du Service des cours - Franc\u00fazsky in\u0161tit\u00fat na Slovensku\",\"isPartOf\":{\"@id\":\"https:\/\/institutfrancais.sk\/fr\/#website\"},\"primaryImageOfPage\":{\"@id\":\"https:\/\/institutfrancais.sk\/fr\/changement-des-horaires-douverture-du-service-des-cours\/#primaryimage\"},\"image\":{\"@id\":\"https:\/\/institutfrancais.sk\/fr\/changement-des-horaires-douverture-du-service-des-cours\/#primaryimage\"},\"thumbnailUrl\":\"https:\/\/institutfrancais.sk\/wp-content\/uploads\/2023\/02\/pexels-stas-knop-1537268-scaled.jpg\",\"datePublished\":\"2023-02-20T10:26:00+00:00\",\"dateModified\":\"2023-02-20T11:05:12+00:00\",\"author\":{\"@id\":\"https:\/\/institutfrancais.sk\/fr\/#\/schema\/person\/38abf1b8c029535fe5735e69e3aa8ad8\"},\"breadcrumb\":{\"@id\":\"https:\/\/institutfrancais.sk\/fr\/changement-des-horaires-douverture-du-service-des-cours\/#breadcrumb\"},\"inLanguage\":\"fr-FR\",\"potentialAction\":[{\"@type\":\"ReadAction\",\"target\":[\"https:\/\/institutfrancais.sk\/fr\/changement-des-horaires-douverture-du-service-des-cours\/\"]}]},{\"@type\":\"ImageObject\",\"inLanguage\":\"fr-FR\",\"@id\":\"https:\/\/institutfrancais.sk\/fr\/changement-des-horaires-douverture-du-service-des-cours\/#primaryimage\",\"url\":\"https:\/\/institutfrancais.sk\/wp-content\/uploads\/2023\/02\/pexels-stas-knop-1537268-scaled.jpg\",\"contentUrl\":\"https:\/\/institutfrancais.sk\/wp-content\/uploads\/2023\/02\/pexels-stas-knop-1537268-scaled.jpg\",\"width\":2560,\"height\":1707},{\"@type\":\"BreadcrumbList\",\"@id\":\"https:\/\/institutfrancais.sk\/fr\/changement-des-horaires-douverture-du-service-des-cours\/#breadcrumb\",\"itemListElement\":[{\"@type\":\"ListItem\",\"position\":1,\"name\":\"Home\",\"item\":\"https:\/\/institutfrancais.sk\/fr\/\"},{\"@type\":\"ListItem\",\"position\":2,\"name\":\"Changement des horaires d&#8217;ouverture du Service des cours\"}]},{\"@type\":\"WebSite\",\"@id\":\"https:\/\/institutfrancais.sk\/fr\/#website\",\"url\":\"https:\/\/institutfrancais.sk\/fr\/\",\"name\":\"Franc\u00fazsky in\u0161tit\u00fat na Slovensku\",\"description\":\"Franc\u00fazsky in\u0161tit\u00fat na Slovensku\",\"potentialAction\":[{\"@type\":\"SearchAction\",\"target\":{\"@type\":\"EntryPoint\",\"urlTemplate\":\"https:\/\/institutfrancais.sk\/fr\/?s={search_term_string}\"},\"query-input\":{\"@type\":\"PropertyValueSpecification\",\"valueRequired\":true,\"valueName\":\"search_term_string\"}}],\"inLanguage\":\"fr-FR\"},{\"@type\":\"Person\",\"@id\":\"https:\/\/institutfrancais.sk\/fr\/#\/schema\/person\/38abf1b8c029535fe5735e69e3aa8ad8\",\"name\":\"Silvia Litva Polak\",\"sameAs\":[\"http:\/\/www.institutfrancais.sk\"],\"url\":\"https:\/\/institutfrancais.sk\/fr\/author\/silvia\/\"}]}<\/script>\n<!-- \/ Yoast SEO plugin. -->","yoast_head_json":{"title":"Changement des horaires d'ouverture du Service des cours - Franc\u00fazsky in\u0161tit\u00fat na Slovensku","robots":{"index":"index","follow":"follow","max-snippet":"max-snippet:-1","max-image-preview":"max-image-preview:large","max-video-preview":"max-video-preview:-1"},"canonical":"https:\/\/institutfrancais.sk\/fr\/changement-des-horaires-douverture-du-service-des-cours\/","og_locale":"fr_FR","og_type":"article","og_title":"Changement des horaires d'ouverture du Service des cours - Franc\u00fazsky in\u0161tit\u00fat na Slovensku","og_description":"Matin\u00e9e Apr\u00e8s-midi Lundi sur RDV 14:00 \u2013 18:00 Mardi 08:00 \u2013 12:00 sur RDV Mercredi 09:00 \u2013 12:00 14:00 \u2013 18:00 Jeudi sur RDV 14:00 \u2013 18:00 Vendredi 08:00 \u2013 12:00 sur RDV Pour toute question ou prise de rendez-vous par mail ou par t\u00e9l\u00e9phone, n&rsquo;h\u00e9sitez pas \u00e0 contacter le Service des cours ! cours@institutfrancais.sk&nbsp;\/ [&hellip;]","og_url":"https:\/\/institutfrancais.sk\/fr\/changement-des-horaires-douverture-du-service-des-cours\/","og_site_name":"Franc\u00fazsky in\u0161tit\u00fat na Slovensku","article_published_time":"2023-02-20T10:26:00+00:00","article_modified_time":"2023-02-20T11:05:12+00:00","og_image":[{"width":2560,"height":1707,"url":"https:\/\/institutfrancais.sk\/wp-content\/uploads\/2023\/02\/pexels-stas-knop-1537268-scaled.jpg","type":"image\/jpeg"}],"author":"Silvia Litva Polak","twitter_card":"summary_large_image","twitter_misc":{"\u00c9crit par":"Silvia Litva Polak","Dur\u00e9e de lecture estim\u00e9e":"1 minute"},"schema":{"@context":"https:\/\/schema.org","@graph":[{"@type":"WebPage","@id":"https:\/\/institutfrancais.sk\/fr\/changement-des-horaires-douverture-du-service-des-cours\/","url":"https:\/\/institutfrancais.sk\/fr\/changement-des-horaires-douverture-du-service-des-cours\/","name":"Changement des horaires d'ouverture du Service des cours - Franc\u00fazsky in\u0161tit\u00fat na Slovensku","isPartOf":{"@id":"https:\/\/institutfrancais.sk\/fr\/#website"},"primaryImageOfPage":{"@id":"https:\/\/institutfrancais.sk\/fr\/changement-des-horaires-douverture-du-service-des-cours\/#primaryimage"},"image":{"@id":"https:\/\/institutfrancais.sk\/fr\/changement-des-horaires-douverture-du-service-des-cours\/#primaryimage"},"thumbnailUrl":"https:\/\/institutfrancais.sk\/wp-content\/uploads\/2023\/02\/pexels-stas-knop-1537268-scaled.jpg","datePublished":"2023-02-20T10:26:00+00:00","dateModified":"2023-02-20T11:05:12+00:00","author":{"@id":"https:\/\/institutfrancais.sk\/fr\/#\/schema\/person\/38abf1b8c029535fe5735e69e3aa8ad8"},"breadcrumb":{"@id":"https:\/\/institutfrancais.sk\/fr\/changement-des-horaires-douverture-du-service-des-cours\/#breadcrumb"},"inLanguage":"fr-FR","potentialAction":[{"@type":"ReadAction","target":["https:\/\/institutfrancais.sk\/fr\/changement-des-horaires-douverture-du-service-des-cours\/"]}]},{"@type":"ImageObject","inLanguage":"fr-FR","@id":"https:\/\/institutfrancais.sk\/fr\/changement-des-horaires-douverture-du-service-des-cours\/#primaryimage","url":"https:\/\/institutfrancais.sk\/wp-content\/uploads\/2023\/02\/pexels-stas-knop-1537268-scaled.jpg","contentUrl":"https:\/\/institutfrancais.sk\/wp-content\/uploads\/2023\/02\/pexels-stas-knop-1537268-scaled.jpg","width":2560,"height":1707},{"@type":"BreadcrumbList","@id":"https:\/\/institutfrancais.sk\/fr\/changement-des-horaires-douverture-du-service-des-cours\/#breadcrumb","itemListElement":[{"@type":"ListItem","position":1,"name":"Home","item":"https:\/\/institutfrancais.sk\/fr\/"},{"@type":"ListItem","position":2,"name":"Changement des horaires d&#8217;ouverture du Service des cours"}]},{"@type":"WebSite","@id":"https:\/\/institutfrancais.sk\/fr\/#website","url":"https:\/\/institutfrancais.sk\/fr\/","name":"Franc\u00fazsky in\u0161tit\u00fat na Slovensku","description":"Franc\u00fazsky in\u0161tit\u00fat na Slovensku","potentialAction":[{"@type":"SearchAction","target":{"@type":"EntryPoint","urlTemplate":"https:\/\/institutfrancais.sk\/fr\/?s={search_term_string}"},"query-input":{"@type":"PropertyValueSpecification","valueRequired":true,"valueName":"search_term_string"}}],"inLanguage":"fr-FR"},{"@type":"Person","@id":"https:\/\/institutfrancais.sk\/fr\/#\/schema\/person\/38abf1b8c029535fe5735e69e3aa8ad8","name":"Silvia Litva Polak","sameAs":["http:\/\/www.institutfrancais.sk"],"url":"https:\/\/institutfrancais.sk\/fr\/author\/silvia\/"}]}},"_links":{"self":[{"href":"https:\/\/institutfrancais.sk\/fr\/wp-json\/wp\/v2\/posts\/25865"}],"collection":[{"href":"https:\/\/institutfrancais.sk\/fr\/wp-json\/wp\/v2\/posts"}],"about":[{"href":"https:\/\/institutfrancais.sk\/fr\/wp-json\/wp\/v2\/types\/post"}],"author":[{"embeddable":true,"href":"https:\/\/institutfrancais.sk\/fr\/wp-json\/wp\/v2\/users\/14"}],"replies":[{"embeddable":true,"href":"https:\/\/institutfrancais.sk\/fr\/wp-json\/wp\/v2\/comments?post=25865"}],"version-history":[{"count":0,"href":"https:\/\/institutfrancais.sk\/fr\/wp-json\/wp\/v2\/posts\/25865\/revisions"}],"wp:featuredmedia":[{"embeddable":true,"href":"https:\/\/institutfrancais.sk\/fr\/wp-json\/wp\/v2\/media\/25866"}],"wp:attachment":[{"href":"https:\/\/institutfrancais.sk\/fr\/wp-json\/wp\/v2\/media?parent=25865"}],"wp:term":[{"taxonomy":"category","embeddable":true,"href":"https:\/\/institutfrancais.sk\/fr\/wp-json\/wp\/v2\/categories?post=25865"},{"taxonomy":"post_tag","embeddable":true,"href":"https:\/\/institutfrancais.sk\/fr\/wp-json\/wp\/v2\/tags?post=25865"}],"curies":[{"name":"wp","href":"https:\/\/api.w.org\/{rel}","templated":true}]}}