{"id":26106,"date":"2023-02-23T16:49:46","date_gmt":"2023-02-23T15:49:46","guid":{"rendered":"https:\/\/institutfrancais.sk\/pripominame-si-smutne-vyrocie-ruskej-agresie-na-ukrajine\/"},"modified":"2023-02-23T16:55:11","modified_gmt":"2023-02-23T15:55:11","slug":"commemoration-du-triste-anniversaire-de-lagression-russe-en-ukraine","status":"publish","type":"post","link":"https:\/\/institutfrancais.sk\/fr\/commemoration-du-triste-anniversaire-de-lagression-russe-en-ukraine\/","title":{"rendered":"Comm\u00e9moration du triste anniversaire de l&rsquo;agression russe en Ukraine"},"content":{"rendered":"\n<p>Le <strong>Cluster EUNIC Slovaquie<\/strong>, regroupant les instituts culturels europ\u00e9ens sur place s\u2019y associe pleinement. A&nbsp;cette occasion, nous vous pr\u00e9sentons le projet culturel \u00ab Freedom through the eyes of women artists \u00bb mis en \u0153uvre conjointement \u00e0 la fin 2022, regroupant plus de 80 candidates ukrainiennes et qui a&nbsp;mis en \u00e9vidence le travail de 15 designers. <\/p>\n\n\n<div class=\"space xs\"><\/div>\n\n<a href=\"https:\/\/culturalfoundation.eu\/stories\/freedom-through-the-eyes-of-women-artists\/?fbclid=IwAR3XLhYheB4Cj2V_LPVpOSTlylbAjtJzaSu4PJZKRuuI8KzTpV6-oDWDY6w\" class=\"btn\">Plus d&rsquo;informations<\/a>\n\n<div class=\"space xs\"><\/div>\n\n\n<p>La graphiste ukrainienne <strong>Elena Kulish <\/strong>est l&rsquo;auteur de l&rsquo;affiche la mieux not\u00e9e du projet \u00ab\u00a0La libert\u00e9 \u00e0 travers les yeux des femmes artistes\u00a0\u00bb. Lors de l&rsquo;inauguration de l&rsquo;exposition d&rsquo;affiches, elle \u00e9value la n\u00e9cessit\u00e9 de la libre expression des femmes artistes dans une soci\u00e9t\u00e9 touch\u00e9e par la guerre.<\/p>\n\n\n\n<figure class=\"wp-block-embed is-type-video is-provider-youtube wp-block-embed-youtube wp-embed-aspect-16-9 wp-has-aspect-ratio\"><div class=\"wp-block-embed__wrapper\">\n<iframe loading=\"lazy\" title=\"Svoboda o\u010dima um\u011blky\u0148 \/ Freedom through the eyes of women artists - Elena Kulish\" width=\"500\" height=\"281\" src=\"https:\/\/www.youtube.com\/embed\/vhXY3F84vLY?feature=oembed\" frameborder=\"0\" allow=\"accelerometer; autoplay; clipboard-write; encrypted-media; gyroscope; picture-in-picture; web-share\" referrerpolicy=\"strict-origin-when-cross-origin\" allowfullscreen><\/iframe>\n<\/div><\/figure>\n\n\n<div class=\"space sm\"><\/div>\n\n\n<p><strong>Kasha Potrohosh <\/strong>vit et travaille en Slovaquie depuis longtemps. Toutefois, l&rsquo;\u00e9clatement de la guerre dans son Ukraine natale a&nbsp;modifi\u00e9 le discours de son travail, qui, selon elle, est d\u00e9sormais plus engag\u00e9.<\/p>\n\n\n\n<figure class=\"wp-block-embed is-type-video is-provider-youtube wp-block-embed-youtube wp-embed-aspect-16-9 wp-has-aspect-ratio\"><div class=\"wp-block-embed__wrapper\">\n<iframe loading=\"lazy\" title=\"Svoboda o\u010dima um\u011blky\u0148 \/ Freedom through the eyes of women artists -  Kasha Potrohosh\" width=\"500\" height=\"281\" src=\"https:\/\/www.youtube.com\/embed\/jIMxoIJGkBU?feature=oembed\" frameborder=\"0\" allow=\"accelerometer; autoplay; clipboard-write; encrypted-media; gyroscope; picture-in-picture; web-share\" referrerpolicy=\"strict-origin-when-cross-origin\" allowfullscreen><\/iframe>\n<\/div><\/figure>\n\n\n<div class=\"space sm\"><\/div>\n\n\n<p>Cover: (c) Elena Kulish <\/p>\n","protected":false},"excerpt":{"rendered":"<p>Le Cluster EUNIC Slovaquie, regroupant les instituts culturels europ\u00e9ens sur place s\u2019y associe pleinement. A&nbsp;cette occasion, nous vous pr\u00e9sentons le projet culturel \u00ab Freedom through the eyes of women artists \u00bb mis en \u0153uvre conjointement \u00e0 la fin 2022, regroupant plus de 80 candidates ukrainiennes et qui a&nbsp;mis en \u00e9vidence le travail de 15 designers. [&hellip;]<\/p>\n","protected":false},"author":14,"featured_media":26100,"comment_status":"closed","ping_status":"closed","sticky":false,"template":"","format":"standard","meta":{"_acf_changed":false,"footnotes":""},"categories":[102,155,162,277],"tags":[],"acf":[],"yoast_head":"<!-- This site is optimized with the Yoast SEO plugin v24.5 - https:\/\/yoast.com\/wordpress\/plugins\/seo\/ -->\n<title>Comm\u00e9moration du triste anniversaire de l&#039;agression russe en Ukraine - Franc\u00fazsky in\u0161tit\u00fat na Slovensku<\/title>\n<meta name=\"description\" content=\"Ce 24 f\u00e9vrier 2023 marque le triste anniversaire de l\u2019agression russe en Ukraine. Cette intervention est contraire \u00e0 tous les principes du droit international.\" \/>\n<meta name=\"robots\" content=\"index, follow, max-snippet:-1, max-image-preview:large, max-video-preview:-1\" \/>\n<link rel=\"canonical\" href=\"https:\/\/institutfrancais.sk\/fr\/commemoration-du-triste-anniversaire-de-lagression-russe-en-ukraine\/\" \/>\n<meta property=\"og:locale\" content=\"fr_FR\" \/>\n<meta property=\"og:type\" content=\"article\" \/>\n<meta property=\"og:title\" content=\"Comm\u00e9moration du triste anniversaire de l&#039;agression russe en Ukraine - Franc\u00fazsky in\u0161tit\u00fat na Slovensku\" \/>\n<meta property=\"og:description\" content=\"Ce 24 f\u00e9vrier 2023 marque le triste anniversaire de l\u2019agression russe en Ukraine. Cette intervention est contraire \u00e0 tous les principes du droit international.\" \/>\n<meta property=\"og:url\" content=\"https:\/\/institutfrancais.sk\/fr\/commemoration-du-triste-anniversaire-de-lagression-russe-en-ukraine\/\" \/>\n<meta property=\"og:site_name\" content=\"Franc\u00fazsky in\u0161tit\u00fat na Slovensku\" \/>\n<meta property=\"article:published_time\" content=\"2023-02-23T15:49:46+00:00\" \/>\n<meta property=\"article:modified_time\" content=\"2023-02-23T15:55:11+00:00\" \/>\n<meta property=\"og:image\" content=\"https:\/\/institutfrancais.sk\/wp-content\/uploads\/2023\/02\/Freedom-poster_Olena-Kulish-scaled.jpg\" \/>\n\t<meta property=\"og:image:width\" content=\"1810\" \/>\n\t<meta property=\"og:image:height\" content=\"2560\" \/>\n\t<meta property=\"og:image:type\" content=\"image\/jpeg\" \/>\n<meta name=\"author\" content=\"Silvia Litva Polak\" \/>\n<meta name=\"twitter:card\" content=\"summary_large_image\" \/>\n<meta name=\"twitter:label1\" content=\"\u00c9crit par\" \/>\n\t<meta name=\"twitter:data1\" content=\"Silvia Litva Polak\" \/>\n\t<meta name=\"twitter:label2\" content=\"Dur\u00e9e de lecture estim\u00e9e\" \/>\n\t<meta name=\"twitter:data2\" content=\"1 minute\" \/>\n<script type=\"application\/ld+json\" class=\"yoast-schema-graph\">{\"@context\":\"https:\/\/schema.org\",\"@graph\":[{\"@type\":\"WebPage\",\"@id\":\"https:\/\/institutfrancais.sk\/fr\/commemoration-du-triste-anniversaire-de-lagression-russe-en-ukraine\/\",\"url\":\"https:\/\/institutfrancais.sk\/fr\/commemoration-du-triste-anniversaire-de-lagression-russe-en-ukraine\/\",\"name\":\"Comm\u00e9moration du triste anniversaire de l'agression russe en Ukraine - Franc\u00fazsky in\u0161tit\u00fat na Slovensku\",\"isPartOf\":{\"@id\":\"https:\/\/institutfrancais.sk\/fr\/#website\"},\"primaryImageOfPage\":{\"@id\":\"https:\/\/institutfrancais.sk\/fr\/commemoration-du-triste-anniversaire-de-lagression-russe-en-ukraine\/#primaryimage\"},\"image\":{\"@id\":\"https:\/\/institutfrancais.sk\/fr\/commemoration-du-triste-anniversaire-de-lagression-russe-en-ukraine\/#primaryimage\"},\"thumbnailUrl\":\"https:\/\/institutfrancais.sk\/wp-content\/uploads\/2023\/02\/Freedom-poster_Olena-Kulish-scaled.jpg\",\"datePublished\":\"2023-02-23T15:49:46+00:00\",\"dateModified\":\"2023-02-23T15:55:11+00:00\",\"author\":{\"@id\":\"https:\/\/institutfrancais.sk\/fr\/#\/schema\/person\/38abf1b8c029535fe5735e69e3aa8ad8\"},\"description\":\"Ce 24 f\u00e9vrier 2023 marque le triste anniversaire de l\u2019agression russe en Ukraine. Cette intervention est contraire \u00e0 tous les principes du droit international.\",\"breadcrumb\":{\"@id\":\"https:\/\/institutfrancais.sk\/fr\/commemoration-du-triste-anniversaire-de-lagression-russe-en-ukraine\/#breadcrumb\"},\"inLanguage\":\"fr-FR\",\"potentialAction\":[{\"@type\":\"ReadAction\",\"target\":[\"https:\/\/institutfrancais.sk\/fr\/commemoration-du-triste-anniversaire-de-lagression-russe-en-ukraine\/\"]}]},{\"@type\":\"ImageObject\",\"inLanguage\":\"fr-FR\",\"@id\":\"https:\/\/institutfrancais.sk\/fr\/commemoration-du-triste-anniversaire-de-lagression-russe-en-ukraine\/#primaryimage\",\"url\":\"https:\/\/institutfrancais.sk\/wp-content\/uploads\/2023\/02\/Freedom-poster_Olena-Kulish-scaled.jpg\",\"contentUrl\":\"https:\/\/institutfrancais.sk\/wp-content\/uploads\/2023\/02\/Freedom-poster_Olena-Kulish-scaled.jpg\",\"width\":1810,\"height\":2560},{\"@type\":\"BreadcrumbList\",\"@id\":\"https:\/\/institutfrancais.sk\/fr\/commemoration-du-triste-anniversaire-de-lagression-russe-en-ukraine\/#breadcrumb\",\"itemListElement\":[{\"@type\":\"ListItem\",\"position\":1,\"name\":\"Home\",\"item\":\"https:\/\/institutfrancais.sk\/fr\/\"},{\"@type\":\"ListItem\",\"position\":2,\"name\":\"Comm\u00e9moration du triste anniversaire de l&#8217;agression russe en Ukraine\"}]},{\"@type\":\"WebSite\",\"@id\":\"https:\/\/institutfrancais.sk\/fr\/#website\",\"url\":\"https:\/\/institutfrancais.sk\/fr\/\",\"name\":\"Franc\u00fazsky in\u0161tit\u00fat na Slovensku\",\"description\":\"Franc\u00fazsky in\u0161tit\u00fat na Slovensku\",\"potentialAction\":[{\"@type\":\"SearchAction\",\"target\":{\"@type\":\"EntryPoint\",\"urlTemplate\":\"https:\/\/institutfrancais.sk\/fr\/?s={search_term_string}\"},\"query-input\":{\"@type\":\"PropertyValueSpecification\",\"valueRequired\":true,\"valueName\":\"search_term_string\"}}],\"inLanguage\":\"fr-FR\"},{\"@type\":\"Person\",\"@id\":\"https:\/\/institutfrancais.sk\/fr\/#\/schema\/person\/38abf1b8c029535fe5735e69e3aa8ad8\",\"name\":\"Silvia Litva Polak\",\"sameAs\":[\"http:\/\/www.institutfrancais.sk\"],\"url\":\"https:\/\/institutfrancais.sk\/fr\/author\/silvia\/\"}]}<\/script>\n<!-- \/ Yoast SEO plugin. -->","yoast_head_json":{"title":"Comm\u00e9moration du triste anniversaire de l'agression russe en Ukraine - Franc\u00fazsky in\u0161tit\u00fat na Slovensku","description":"Ce 24 f\u00e9vrier 2023 marque le triste anniversaire de l\u2019agression russe en Ukraine. Cette intervention est contraire \u00e0 tous les principes du droit international.","robots":{"index":"index","follow":"follow","max-snippet":"max-snippet:-1","max-image-preview":"max-image-preview:large","max-video-preview":"max-video-preview:-1"},"canonical":"https:\/\/institutfrancais.sk\/fr\/commemoration-du-triste-anniversaire-de-lagression-russe-en-ukraine\/","og_locale":"fr_FR","og_type":"article","og_title":"Comm\u00e9moration du triste anniversaire de l'agression russe en Ukraine - Franc\u00fazsky in\u0161tit\u00fat na Slovensku","og_description":"Ce 24 f\u00e9vrier 2023 marque le triste anniversaire de l\u2019agression russe en Ukraine. Cette intervention est contraire \u00e0 tous les principes du droit international.","og_url":"https:\/\/institutfrancais.sk\/fr\/commemoration-du-triste-anniversaire-de-lagression-russe-en-ukraine\/","og_site_name":"Franc\u00fazsky in\u0161tit\u00fat na Slovensku","article_published_time":"2023-02-23T15:49:46+00:00","article_modified_time":"2023-02-23T15:55:11+00:00","og_image":[{"width":1810,"height":2560,"url":"https:\/\/institutfrancais.sk\/wp-content\/uploads\/2023\/02\/Freedom-poster_Olena-Kulish-scaled.jpg","type":"image\/jpeg"}],"author":"Silvia Litva Polak","twitter_card":"summary_large_image","twitter_misc":{"\u00c9crit par":"Silvia Litva Polak","Dur\u00e9e de lecture estim\u00e9e":"1 minute"},"schema":{"@context":"https:\/\/schema.org","@graph":[{"@type":"WebPage","@id":"https:\/\/institutfrancais.sk\/fr\/commemoration-du-triste-anniversaire-de-lagression-russe-en-ukraine\/","url":"https:\/\/institutfrancais.sk\/fr\/commemoration-du-triste-anniversaire-de-lagression-russe-en-ukraine\/","name":"Comm\u00e9moration du triste anniversaire de l'agression russe en Ukraine - Franc\u00fazsky in\u0161tit\u00fat na Slovensku","isPartOf":{"@id":"https:\/\/institutfrancais.sk\/fr\/#website"},"primaryImageOfPage":{"@id":"https:\/\/institutfrancais.sk\/fr\/commemoration-du-triste-anniversaire-de-lagression-russe-en-ukraine\/#primaryimage"},"image":{"@id":"https:\/\/institutfrancais.sk\/fr\/commemoration-du-triste-anniversaire-de-lagression-russe-en-ukraine\/#primaryimage"},"thumbnailUrl":"https:\/\/institutfrancais.sk\/wp-content\/uploads\/2023\/02\/Freedom-poster_Olena-Kulish-scaled.jpg","datePublished":"2023-02-23T15:49:46+00:00","dateModified":"2023-02-23T15:55:11+00:00","author":{"@id":"https:\/\/institutfrancais.sk\/fr\/#\/schema\/person\/38abf1b8c029535fe5735e69e3aa8ad8"},"description":"Ce 24 f\u00e9vrier 2023 marque le triste anniversaire de l\u2019agression russe en Ukraine. Cette intervention est contraire \u00e0 tous les principes du droit international.","breadcrumb":{"@id":"https:\/\/institutfrancais.sk\/fr\/commemoration-du-triste-anniversaire-de-lagression-russe-en-ukraine\/#breadcrumb"},"inLanguage":"fr-FR","potentialAction":[{"@type":"ReadAction","target":["https:\/\/institutfrancais.sk\/fr\/commemoration-du-triste-anniversaire-de-lagression-russe-en-ukraine\/"]}]},{"@type":"ImageObject","inLanguage":"fr-FR","@id":"https:\/\/institutfrancais.sk\/fr\/commemoration-du-triste-anniversaire-de-lagression-russe-en-ukraine\/#primaryimage","url":"https:\/\/institutfrancais.sk\/wp-content\/uploads\/2023\/02\/Freedom-poster_Olena-Kulish-scaled.jpg","contentUrl":"https:\/\/institutfrancais.sk\/wp-content\/uploads\/2023\/02\/Freedom-poster_Olena-Kulish-scaled.jpg","width":1810,"height":2560},{"@type":"BreadcrumbList","@id":"https:\/\/institutfrancais.sk\/fr\/commemoration-du-triste-anniversaire-de-lagression-russe-en-ukraine\/#breadcrumb","itemListElement":[{"@type":"ListItem","position":1,"name":"Home","item":"https:\/\/institutfrancais.sk\/fr\/"},{"@type":"ListItem","position":2,"name":"Comm\u00e9moration du triste anniversaire de l&#8217;agression russe en Ukraine"}]},{"@type":"WebSite","@id":"https:\/\/institutfrancais.sk\/fr\/#website","url":"https:\/\/institutfrancais.sk\/fr\/","name":"Franc\u00fazsky in\u0161tit\u00fat na Slovensku","description":"Franc\u00fazsky in\u0161tit\u00fat na Slovensku","potentialAction":[{"@type":"SearchAction","target":{"@type":"EntryPoint","urlTemplate":"https:\/\/institutfrancais.sk\/fr\/?s={search_term_string}"},"query-input":{"@type":"PropertyValueSpecification","valueRequired":true,"valueName":"search_term_string"}}],"inLanguage":"fr-FR"},{"@type":"Person","@id":"https:\/\/institutfrancais.sk\/fr\/#\/schema\/person\/38abf1b8c029535fe5735e69e3aa8ad8","name":"Silvia Litva Polak","sameAs":["http:\/\/www.institutfrancais.sk"],"url":"https:\/\/institutfrancais.sk\/fr\/author\/silvia\/"}]}},"_links":{"self":[{"href":"https:\/\/institutfrancais.sk\/fr\/wp-json\/wp\/v2\/posts\/26106"}],"collection":[{"href":"https:\/\/institutfrancais.sk\/fr\/wp-json\/wp\/v2\/posts"}],"about":[{"href":"https:\/\/institutfrancais.sk\/fr\/wp-json\/wp\/v2\/types\/post"}],"author":[{"embeddable":true,"href":"https:\/\/institutfrancais.sk\/fr\/wp-json\/wp\/v2\/users\/14"}],"replies":[{"embeddable":true,"href":"https:\/\/institutfrancais.sk\/fr\/wp-json\/wp\/v2\/comments?post=26106"}],"version-history":[{"count":0,"href":"https:\/\/institutfrancais.sk\/fr\/wp-json\/wp\/v2\/posts\/26106\/revisions"}],"wp:featuredmedia":[{"embeddable":true,"href":"https:\/\/institutfrancais.sk\/fr\/wp-json\/wp\/v2\/media\/26100"}],"wp:attachment":[{"href":"https:\/\/institutfrancais.sk\/fr\/wp-json\/wp\/v2\/media?parent=26106"}],"wp:term":[{"taxonomy":"category","embeddable":true,"href":"https:\/\/institutfrancais.sk\/fr\/wp-json\/wp\/v2\/categories?post=26106"},{"taxonomy":"post_tag","embeddable":true,"href":"https:\/\/institutfrancais.sk\/fr\/wp-json\/wp\/v2\/tags?post=26106"}],"curies":[{"name":"wp","href":"https:\/\/api.w.org\/{rel}","templated":true}]}}