{"id":29678,"date":"2023-12-01T15:42:33","date_gmt":"2023-12-01T14:42:33","guid":{"rendered":"https:\/\/institutfrancais.sk\/?p=29678"},"modified":"2023-12-21T14:33:08","modified_gmt":"2023-12-21T13:33:08","slug":"cours-de-francais-session-dhiver-2024","status":"publish","type":"post","link":"https:\/\/institutfrancais.sk\/fr\/cours-de-francais-session-dhiver-2024\/","title":{"rendered":"Cours de fran\u00e7ais : session d&rsquo;hiver 2024"},"content":{"rendered":"\n<h3 class=\"wp-block-heading\"> Trimestre d&rsquo;hiver \u00e0 partir du 13 janvier 2024<\/h3>\n\n\n\n<figure class=\"wp-block-table is-style-regular\"><table><tbody><tr><td><strong><strong>Inscription en ligne<\/strong> <\/strong><\/td><td><strong><strong><strong>Inscription en pr\u00e9sentiel<\/strong><\/strong> <\/strong><\/td><\/tr><tr><td>jusqu&rsquo;au 10 janvier 2024<\/td><td>8 \u2013&nbsp;10&nbsp;janvier 2024 de&nbsp;14:00 \u00e0&nbsp;18:00 &nbsp;<\/td><\/tr><\/tbody><\/table><\/figure>\n\n\n\n<p>Ne ratez pas votre remise de fid\u00e9lit\u00e9 sur le cours si vous vous inscrivez jusqu&rsquo;au 7 janvier 2024 ! &nbsp;&nbsp;&nbsp;&nbsp;&nbsp;&nbsp;&nbsp;&nbsp;&nbsp;&nbsp;&nbsp;&nbsp;&nbsp;&nbsp;&nbsp;&nbsp;&nbsp;&nbsp;&nbsp;&nbsp;&nbsp;&nbsp;&nbsp;&nbsp;&nbsp;&nbsp;&nbsp;&nbsp;La remise ne s\u2019applique qu\u2019aux cours s\u00e9lectionn\u00e9s.<\/p>\n\n\n<div class=\"space xs\"><\/div>\n\n<\/div><div class=\"more-info\" style=\"background-image:url(https:\/\/institutfrancais.sk\/wp-content\/uploads\/2021\/12\/pexels-david-dibert-774664-scaled.jpg)\"><div class=\"wrap\"><h2>R\u00e9servez votre place d\u00e8s maintenant !<\/h2><div class=\"container container-3-items\"> <div class=\"row\"><div class=\"item col-sm-4\"><a href=\"https:\/\/institutfrancais.sk\/fr\/typ-kurzov\/enfants-ados\/\"><span>Enfants et ados<\/span><\/a><\/div><div class=\"item col-sm-4\"><a href=\"https:\/\/institutfrancais.sk\/fr\/typ-kurzov\/adultes\/\"><span>Adultes<\/span><\/a><\/div><div class=\"item col-sm-4\"><a href=\"https:\/\/institutfrancais.sk\/fr\/kurz\/francais-pour-seniors\/\"><span>Seniors <\/span><\/a><\/div><\/div><\/div><\/div><\/div><div class=\"wrap narrow-wrap\">\n\n<div class=\"space sm\"><\/div>\n\n<div class=\"space sm\"><\/div>\n\n\n<h2 class=\"wp-block-heading\">Les meilleurs cours de fran\u00e7ais \u00e0 Bratislava <\/h2>\n\n\n\n<p>Le fran\u00e7ais est l\u2019une des langues les plus importantes qui vous ouvrira les portes de nombreuses possibilit\u00e9s, que ce soit sur le plan professionnel ou personnel. Ainsi, \u00e0 l\u2019Institut fran\u00e7ais de Slovaquie, nous vous offrons la possibilit\u00e9 d\u2019\u00e9tudier la langue fran\u00e7aise \u00e0 travers des&nbsp;<strong>cours de fran\u00e7ais de qualit\u00e9 en pr\u00e9sentiel ou en ligne&nbsp;<\/strong>avec des professeurs qualifi\u00e9s de FLE (fran\u00e7ais langue \u00e9trang\u00e8re). Nos professeurs comprennent vos besoins, quel que soit votre niveau de fran\u00e7ais. Venez vivre avec nous l\u2019aventure <em>\u00e0 la fran\u00e7aise<\/em>. Dans nos&nbsp;cours de fran\u00e7ais, l\u2019apprentissage rime avec joie et plaisir ! &nbsp;<\/p>\n\n\n<div class=\"space sm\"><\/div>\n\n\n<h2 class=\"wp-block-heading\">Inscrivez-vous \u00e0 un de nos cours de fran\u00e7ais&nbsp;!<\/h2>\n\n\n\n<p>Vous pouvez vous inscrire au cours de votre choix pendant la p\u00e9riode d&rsquo;inscriptions (voir les dates ci-dessus) :<\/p>\n\n\n\n<ul>\n<li><strong>Via le formulaire d&rsquo;inscription en ligne<\/strong> qui se trouve dans chaque descriptif de cours<\/li>\n\n\n\n<li><strong>En pr\u00e9sentiel \u00e0 l&rsquo;Institut fran\u00e7ais<\/strong> au sein du Service des Cours (Sedl\u00e1rska 7, Bratislava) pendant la session d&rsquo;inscriptions en pr\u00e9sentiel <\/li>\n<\/ul>\n\n\n<div class=\"space sm\"><\/div>\n\n\n<h2 class=\"wp-block-heading\">Frais administratifs<\/h2>\n\n\n<div class=\"space xxs\"><\/div>\n\n<div class=\"wp-block-image is-style-rounded\">\n<figure class=\"alignleft size-large is-resized\"><img loading=\"lazy\" decoding=\"async\" width=\"593\" height=\"364\" src=\"https:\/\/institutfrancais.sk\/wp-content\/uploads\/2020\/01\/main.png\" alt=\"\" class=\"wp-image-1239\" style=\"width:297px;height:182px\" srcset=\"https:\/\/institutfrancais.sk\/wp-content\/uploads\/2020\/01\/main.png 593w, https:\/\/institutfrancais.sk\/wp-content\/uploads\/2020\/01\/main-300x184.png 300w\" sizes=\"(max-width: 593px) 100vw, 593px\" \/><\/figure><\/div>\n\n\n<p>Les frais administratifs \u00e0 hauteur de <strong>6 euros<\/strong> couvrent les d\u00e9marches administratives lors de l\u2019inscription et sont pay\u00e9s une fois par an. &nbsp;Tous les \u00e9tudiants de l\u2019Institut fran\u00e7ais re\u00e7oivent une carte de membre, <strong>l\u2019IF Pass<\/strong>, qui est annuelle et vous offre de nombreux avantages: un acc\u00e8s illimit\u00e9 \u00e0 la m\u00e9diath\u00e8que et la biblioth\u00e8que num\u00e9rique Cultureth\u00e8que, ainsi que des r\u00e9ductions chez nos partenaires.<\/p>\n\n\n<a href=\"https:\/\/institutfrancais.sk\/if-pass\/\" class=\"btn\" target=\"blank\" rel=\"noreferrer noopener\">Toutes les r\u00e9ductions<\/a>\n\n<div class=\"space sm\"><\/div>\n\n\n<h2 class=\"wp-block-heading\">Test de positionnement<\/h2>\n\n\n<div class=\"space xxs\"><\/div>\n\n\n<p>Vous devez passer le test de positionnement pendant la p\u00e9riode d\u2019inscription, si vous avez d\u00e9j\u00e0 une certaine connaissance de la langue fran\u00e7aise. Si vous avez d\u00e9j\u00e0 suivi nos cours de fran\u00e7ais par le pass\u00e9 et apr\u00e8s une longue pause vous souhaitez reprendre l\u2019apprentissage du fran\u00e7ais, le test nous aidera \u00e0 d\u00e9terminer votre niveau actuel. Si vous \u00eates un d\u00e9butant complet, les tests ne sont pas n\u00e9cessaires. Par le biais du test de positionnement, nous \u00e9valuerons vos comp\u00e9tences linguistiques en fran\u00e7ais : <strong>l\u2019expression \u00e9crite et orale<\/strong>, <strong>la<\/strong> <strong>compr\u00e9hension \u00e9crite et orale<\/strong>. Nous d\u00e9terminerons votre niveau de langue actuel afin de pouvoir vous placer dans des groupes homog\u00e8nes et vous conseiller ainsi un cours adapt\u00e9 \u00e0 votre niveau. <\/p>\n\n\n<div class=\"space xxs\"><\/div>\n\n\n<p class=\"has-vivid-cyan-blue-color has-text-color\"><em><strong>V<\/strong><\/em><strong><em>ous pouvez passer le test de positionnement dans les locaux de l&rsquo;Institut fran\u00e7ais lors des inscriptions en pr\u00e9sentiel ou via un test en ligne.<\/em><\/strong><\/p>\n\n\n<div class=\"space xxs\"><\/div>\n\n\n<p><strong>Cours de demonstration :<\/strong><\/p>\n\n\n\n<figure class=\"wp-block-table is-style-regular\"><table><tbody><tr><td><strong>Mardi 09 janvier \u00e0 17:30<\/strong><\/td><td>Premier contact avec le fran\u00e7ais pour adultes<\/td><td>en pr\u00e9sentiel \u00e0 l&rsquo;IFS <\/td><\/tr><tr><td><strong><strong><strong>Mercredi 10 janvier \u00e0 17:30<\/strong><\/strong> <\/strong><\/td><td>Premier contact avec le fran\u00e7ais pour adultes (en ligne)<\/td><td>via ZOOM<\/td><\/tr><\/tbody><\/table><figcaption class=\"wp-element-caption\">Dur\u00e9e&nbsp;: 45 min<\/figcaption><\/figure>\n\n\n\n<ul>\n<li>&nbsp;En pr\u00e9sentiel&nbsp;&nbsp;dans une salle de classe de l\u2018IFS<\/li>\n\n\n\n<li> En ligne sur la plateforme IFS<\/li>\n<\/ul>\n\n\n<div class=\"space sm\"><\/div>\n\n<div class=\"text-center\"><a href=\"https:\/\/forms.gle\/dVyQWcXUESwv6Aak9\" class=\"btn btn-blue-invert\" target=\"blank\" rel=\"noreferrer noopener\">Inscription obligatoire<\/a><\/div>\n\n<\/div><div class=\"gray-bg\"><div class=\"cta-box\"><div class=\"wrap narrow-wrap\"><div class=\"content dark-blue\"><div class=\"cta-box-content\"><div class=\"left-side\"><div class=\"left-content\"><h3>Important<\/h3>\n<p>Le cours en pr\u00e9sentiel aura lieu \u00e0 condition que les mesures sanitaires en application au moment de son lancement le permettent. L\u2019Institut fran\u00e7ais se r\u00e9serve le droit d\u2019annuler le cours en pr\u00e9sentiel pour respecter les d\u00e9cisions des autorit\u00e9s locales et le d\u00e9placer en ligne.<\/p>\n<\/div><\/div><\/div><\/div><\/div><\/div><\/div><div class=\"wrap narrow-wrap\">\n\n\n<figure class=\"wp-block-embed is-type-video is-provider-youtube wp-block-embed-youtube wp-embed-aspect-16-9 wp-has-aspect-ratio\"><div class=\"wp-block-embed__wrapper\">\n<iframe loading=\"lazy\" title=\"Franc\u00faz\u0161tina pre deti | Ako to vyzer\u00e1 na hodine v IFS?\" width=\"500\" height=\"281\" src=\"https:\/\/www.youtube.com\/embed\/WKLYiD36-jo?feature=oembed\" frameborder=\"0\" allow=\"accelerometer; autoplay; clipboard-write; encrypted-media; gyroscope; picture-in-picture; web-share\" referrerpolicy=\"strict-origin-when-cross-origin\" allowfullscreen><\/iframe>\n<\/div><\/figure>\n\n\n<div class=\"space sm\"><\/div>\n\n\n<h2 class=\"wp-block-heading\">Depuis plus de 30 ans nous vous apportons la langue et la culture fran\u00e7aise. Rejoignez-nous dans cette aventure ! <\/h2>\n\n\n<div class=\"space xs\"><\/div>\n\n<div class=\"benefits row text-center\"><div class=\"col-6 col-sm-3\"><img decoding=\"async\" src=\"https:\/\/institutfrancais.sk\/wp-content\/uploads\/2020\/01\/student_1.png\"><div class=\"line-after-title\"><\/div><spa class=\"benefits-description\">Enseignants qualifi\u00e9s<\/span><\/div><div class=\"col-6 col-sm-3\"><img decoding=\"async\" src=\"https:\/\/institutfrancais.sk\/wp-content\/uploads\/2020\/01\/dp-b-4.png\"><div class=\"line-after-title\"><\/div><spa class=\"benefits-description\">Label qualit\u00e9<\/span><\/div><div class=\"col-6 col-sm-3\"><img decoding=\"async\" src=\"https:\/\/institutfrancais.sk\/wp-content\/uploads\/2020\/01\/dp-b-2.png\"><div class=\"line-after-title\"><\/div><spa class=\"benefits-description\">Pr\u00e9paration aux examens DELF DALF<\/span><\/div><div class=\"col-6 col-sm-3\"><img decoding=\"async\" src=\"https:\/\/institutfrancais.sk\/wp-content\/uploads\/2019\/12\/au1.png\"><div class=\"line-after-title\"><\/div><spa class=\"benefits-description\">Biblioth\u00e8que num\u00e9rique gratuite<\/span><\/div><\/div>\n\n<div class=\"space md\"><\/div>\n\n\n<h2 class=\"wp-block-heading\">Vous avez des questions ? Nous serons heureux de vous aider ! <\/h2>\n\n\n<div class=\"space xs\"><\/div>\n\n\n<p><strong><a href=\"mailto:cours@institutfrancais.sk\">cours@institutfrancais.sk<\/a><\/strong> \/ 02&nbsp;59&nbsp;34&nbsp;77&nbsp;62<\/p>\n\n\n<div class=\"space xs\"><\/div>\n\n<\/div><iframe loading=\"lazy\" src=\"https:\/\/www.google.com\/maps\/embed?pb=!1m18!1m12!1m3!1d2662.2735746915087!2d17.10532635165492!3d48.14353077912193!2m3!1f0!2f0!3f0!3m2!1i1024!2i768!4f13.1!3m3!1m2!1s0x476c8942d3867d0f%3A0xf92cfa7be90ee73!2zRnJhbmPDunpza3kgaW7FoXRpdMO6dA!5e0!3m2!1ssk!2ssk!4v1575902399794!5m2!1ssk!2ssk\" width=\"100%\" height=\"558\" frameborder=\"0\" class=\"gmap-iframe\" allowfullscreen=\"\"><\/iframe><div class=\"wrap narrow-wrap\">\n\n<div class=\"space sm\"><\/div>\n\n<\/div><div class=\"articles articles-events\"><div class=\"gray-bg\"><div class=\"lines-bg lines-bg-boldright-c\"><div class=\"wrap\"><div class=\"white-boxes\"><h2>Il pourrait &nbsp;<span class=\"orange\">\/vous int\u00e9resser<\/span><\/h2><div class=\"row posts-list\"><a class=\"articles-redirection\" href=\"https:\/\/institutfrancais.sk\/fr\/fr\/informacie\/\"><svg xmlns=\"http:\/\/www.w3.org\/2000\/svg\" viewBox=\"0 0 320 512\" width=\"20\"><path fill=\"#000\" d=\"M285.476 272.971L91.132 467.314c-9.373 9.373-24.569 9.373-33.941 0l-22.667-22.667c-9.357-9.357-9.375-24.522-.04-33.901L188.505 256 34.484 101.255c-9.335-9.379-9.317-24.544.04-33.901l22.667-22.667c9.373-9.373 24.569-9.373 33.941 0L285.475 239.03c9.373 9.372 9.373 24.568.001 33.941z\"><\/path><\/svg> <\/a><div class=\"col-lg-4 col-md-6 col-sm-6\">\n<section>\n<div class=\"post\">\n<div class=\"post-container\">\n<a href=\"https:\/\/institutfrancais.sk\/fr\/spievam-po-francuzsky-2026-2\/\"><div class=\"post-img\">\n<img decoding=\"async\" src=\"https:\/\/institutfrancais.sk\/wp-content\/uploads\/2025\/11\/SPF-2026-J1-537x235.png\" alt=\"Spievam po\u00a0franc\u00fazsky 2026 &#8211;&nbsp;le concours de la chanson francophone\" class=\"post-thumbnail\" width=\"100%\">\n<\/div><\/a>\n<div class=\"card-content\">\n<div class=\"post-meta\">\n<a href=\"https:\/\/institutfrancais.sk\/fr\/category\/non-classifiee\/\">Musique<\/a> \/<\/div>\n<a href=\"https:\/\/institutfrancais.sk\/fr\/spievam-po-francuzsky-2026-2\/\">\n<h1>Spievam po\u00a0franc\u00fazsky 2026 &#8211;&nbsp;le concours de la chanson francophone<\/h1>\n<\/a>\n<div class=\"line-after-title\"><\/div>\n<article>\n<p>Le concours de la chanson francophone&nbsp;&nbsp;Je chante en fran\u00e7ais &nbsp;est de retour en 2026 ! Vous \u00eates amateurs de chansons francophones ? Votre langue maternelle n&rsquo;est pas le fran\u00e7ais ? Vous r\u00e9sidez en Slovaquie ? Vous \u00eates \u00e0 la bonne adresse ! Inscrivez-vous jusqu\u2019au 15 mars 2026 ! Comment faire&#8230;<\/p>\n<\/article>\n<\/div>\n<\/div>\n<\/div>\n<\/section>\n<\/div>\n<div class=\"col-lg-4 col-md-6 col-sm-6\">\n<section>\n<div class=\"post\">\n<div class=\"post-container\">\n<a href=\"https:\/\/institutfrancais.sk\/fr\/mediatheque-travaux-reamenagement-nouveautes-et-reouverture\/\"><div class=\"post-img\">\n<img decoding=\"async\" src=\"https:\/\/institutfrancais.sk\/wp-content\/uploads\/2022\/12\/IMG_20221213_112335-1024x576.jpg\" alt=\"M\u00e9diath\u00e8que : travaux, r\u00e9am\u00e9nagement, nouveaut\u00e9s et r\u00e9ouverture !\" class=\"post-thumbnail\" width=\"100%\">\n<\/div><\/a>\n<div class=\"card-content\">\n<div class=\"post-meta\">\n<a href=\"https:\/\/institutfrancais.sk\/fr\/category\/mediatheque\/\">M\u00e9diath\u00e8que<\/a> \/<\/div>\n<a href=\"https:\/\/institutfrancais.sk\/fr\/mediatheque-travaux-reamenagement-nouveautes-et-reouverture\/\">\n<h1>M\u00e9diath\u00e8que : travaux, r\u00e9am\u00e9nagement, nouveaut\u00e9s et r\u00e9ouverture !<\/h1>\n<\/a>\n<div class=\"line-after-title\"><\/div>\n<article>\n<p>En attendant sa r\u00e9ouverture, nous n\u2019avons pas laiss\u00e9 notre fid\u00e8le public de c\u00f4t\u00e9 pour autant. Notre m\u00e9diath\u00e8que num\u00e9rique Cultureth\u00e8que a&nbsp;d\u00e9j\u00e0 fait de nombreux adeptes, et pour cause, durant cette p\u00e9riode de froid hivernal, quoi de plus confortable que de pouvoir continuer \u00e0 profiter d\u2019une multitude de ressources et de nouveaut\u00e9s&#8230;<\/p>\n<\/article>\n<\/div>\n<\/div>\n<\/div>\n<\/section>\n<\/div>\n<div class=\"col-lg-4 col-md-6 col-sm-6\">\n<section>\n<div class=\"post\">\n<div class=\"post-container\">\n<a href=\"https:\/\/institutfrancais.sk\/fr\/spievam-po-francuzsky-2023-zapisy-su-otvorene\/\"><div class=\"post-img\">\n<img decoding=\"async\" src=\"https:\/\/institutfrancais.sk\/wp-content\/uploads\/2022\/11\/pexels-wendy-wei-1864640-1024x683.jpg\" alt=\"Spievam po&nbsp;franc\u00fazsky 2023 : inscriptions ouvertes\" class=\"post-thumbnail\" width=\"100%\">\n<\/div><\/a>\n<div class=\"card-content\">\n<div class=\"post-meta\">\n<a href=\"https:\/\/institutfrancais.sk\/fr\/category\/appel\/\">Appel<\/a> \/<\/div>\n<a href=\"https:\/\/institutfrancais.sk\/fr\/spievam-po-francuzsky-2023-zapisy-su-otvorene\/\">\n<h1>Spievam po&nbsp;franc\u00fazsky 2023 : inscriptions ouvertes<\/h1>\n<\/a>\n<div class=\"line-after-title\"><\/div>\n<article>\n<p>Inscrivez-vous jusqu&rsquo;au 1er mars 2023 ! Comment faire ? Avant de proc\u00e9der \u00e0 l\u2019inscription, veuillez prendre connaissance du\u00a0r\u00e9glement du concours Inscrivez-vous via le formulaire d&rsquo;inscription Veuillez prendre connaissance du catalogue des chansons, , qui est \u00e0 titre indicatif. Vous pouvez donc choisir une chanson hors catalogue. Dates \u00e0 retenir Demi-finales&#8230;<\/p>\n<\/article>\n<\/div>\n<\/div>\n<\/div>\n<\/section>\n<\/div>\n<\/div><\/div><div class=\"btn-articles-redirection\"><a class=\"btn btn-black\" href=\"https:\/\/institutfrancais.sk\/fr\/informacie\/\">Plus d&rsquo;infos<\/a><\/div><\/div><\/div><\/div><\/div><div class=\"wrap narrow-wrap\">","protected":false},"excerpt":{"rendered":"<p>Trimestre d&rsquo;hiver \u00e0 partir du 13 janvier 2024 Inscription en ligne Inscription en pr\u00e9sentiel jusqu&rsquo;au 10 janvier 2024&nbsp;8 \u2013&nbsp;10&nbsp;janvier 2024 de&nbsp;14:00 \u00e0&nbsp;18:00 &nbsp;&nbsp;Ne ratez pas votre remise de fid\u00e9lit\u00e9 sur le cours si vous vous inscrivez jusqu&rsquo;au 7 janvier 2024 ! &nbsp;&nbsp;&nbsp;&nbsp;&nbsp;&nbsp;&nbsp;&nbsp;&nbsp;&nbsp;&nbsp;&nbsp;&nbsp;&nbsp;&nbsp;&nbsp;&nbsp;&nbsp;&nbsp;&nbsp;&nbsp;&nbsp;&nbsp;&nbsp;&nbsp;&nbsp;&nbsp;&nbsp;La remise ne s\u2019applique qu\u2019aux cours s\u00e9lectionn\u00e9s. Les meilleurs cours de fran\u00e7ais [&hellip;]<\/p>\n","protected":false},"author":14,"featured_media":29680,"comment_status":"closed","ping_status":"closed","sticky":false,"template":"","format":"standard","meta":{"_acf_changed":false,"footnotes":""},"categories":[128,167,205,85,213],"tags":[],"acf":[],"yoast_head":"<!-- This site is optimized with the Yoast SEO plugin v24.5 - https:\/\/yoast.com\/wordpress\/plugins\/seo\/ -->\n<title>Cours de fran\u00e7ais : session d&#039;hiver 2024 - Franc\u00fazsky in\u0161tit\u00fat na Slovensku<\/title>\n<meta name=\"description\" content=\"Zimn\u00e9 kurzy franc\u00faz\u0161tiny: nov\u00e1 ponuka kurzov franc\u00faz\u0161tiny pre dospel\u00fdch a pre deti, prezen\u010dne alebo online.\" \/>\n<meta name=\"robots\" content=\"index, follow, max-snippet:-1, max-image-preview:large, max-video-preview:-1\" \/>\n<link rel=\"canonical\" href=\"https:\/\/institutfrancais.sk\/fr\/cours-de-francais-session-dhiver-2024\/\" \/>\n<meta property=\"og:locale\" content=\"fr_FR\" \/>\n<meta property=\"og:type\" content=\"article\" \/>\n<meta property=\"og:title\" content=\"Cours de fran\u00e7ais : session d&#039;hiver 2024 - Franc\u00fazsky in\u0161tit\u00fat na Slovensku\" \/>\n<meta property=\"og:description\" content=\"Zimn\u00e9 kurzy franc\u00faz\u0161tiny: nov\u00e1 ponuka kurzov franc\u00faz\u0161tiny pre dospel\u00fdch a pre deti, prezen\u010dne alebo online.\" \/>\n<meta property=\"og:url\" content=\"https:\/\/institutfrancais.sk\/fr\/cours-de-francais-session-dhiver-2024\/\" \/>\n<meta property=\"og:site_name\" content=\"Franc\u00fazsky in\u0161tit\u00fat na Slovensku\" \/>\n<meta property=\"article:published_time\" content=\"2023-12-01T14:42:33+00:00\" \/>\n<meta property=\"article:modified_time\" content=\"2023-12-21T13:33:08+00:00\" \/>\n<meta property=\"og:image\" content=\"https:\/\/institutfrancais.sk\/wp-content\/uploads\/2023\/11\/23-scaled.jpg\" \/>\n\t<meta property=\"og:image:width\" content=\"2560\" \/>\n\t<meta property=\"og:image:height\" content=\"1706\" \/>\n\t<meta property=\"og:image:type\" content=\"image\/jpeg\" \/>\n<meta name=\"author\" content=\"Silvia Litva Polak\" \/>\n<meta name=\"twitter:card\" content=\"summary_large_image\" \/>\n<meta name=\"twitter:label1\" content=\"\u00c9crit par\" \/>\n\t<meta name=\"twitter:data1\" content=\"Silvia Litva Polak\" \/>\n\t<meta name=\"twitter:label2\" content=\"Dur\u00e9e de lecture estim\u00e9e\" \/>\n\t<meta name=\"twitter:data2\" content=\"4 minutes\" \/>\n<script type=\"application\/ld+json\" class=\"yoast-schema-graph\">{\"@context\":\"https:\/\/schema.org\",\"@graph\":[{\"@type\":\"WebPage\",\"@id\":\"https:\/\/institutfrancais.sk\/fr\/cours-de-francais-session-dhiver-2024\/\",\"url\":\"https:\/\/institutfrancais.sk\/fr\/cours-de-francais-session-dhiver-2024\/\",\"name\":\"Cours de fran\u00e7ais : session d'hiver 2024 - Franc\u00fazsky in\u0161tit\u00fat na Slovensku\",\"isPartOf\":{\"@id\":\"https:\/\/institutfrancais.sk\/fr\/#website\"},\"primaryImageOfPage\":{\"@id\":\"https:\/\/institutfrancais.sk\/fr\/cours-de-francais-session-dhiver-2024\/#primaryimage\"},\"image\":{\"@id\":\"https:\/\/institutfrancais.sk\/fr\/cours-de-francais-session-dhiver-2024\/#primaryimage\"},\"thumbnailUrl\":\"https:\/\/institutfrancais.sk\/wp-content\/uploads\/2023\/11\/23-scaled.jpg\",\"datePublished\":\"2023-12-01T14:42:33+00:00\",\"dateModified\":\"2023-12-21T13:33:08+00:00\",\"author\":{\"@id\":\"https:\/\/institutfrancais.sk\/fr\/#\/schema\/person\/38abf1b8c029535fe5735e69e3aa8ad8\"},\"description\":\"Zimn\u00e9 kurzy franc\u00faz\u0161tiny: nov\u00e1 ponuka kurzov franc\u00faz\u0161tiny pre dospel\u00fdch a pre deti, prezen\u010dne alebo online.\",\"breadcrumb\":{\"@id\":\"https:\/\/institutfrancais.sk\/fr\/cours-de-francais-session-dhiver-2024\/#breadcrumb\"},\"inLanguage\":\"fr-FR\",\"potentialAction\":[{\"@type\":\"ReadAction\",\"target\":[\"https:\/\/institutfrancais.sk\/fr\/cours-de-francais-session-dhiver-2024\/\"]}]},{\"@type\":\"ImageObject\",\"inLanguage\":\"fr-FR\",\"@id\":\"https:\/\/institutfrancais.sk\/fr\/cours-de-francais-session-dhiver-2024\/#primaryimage\",\"url\":\"https:\/\/institutfrancais.sk\/wp-content\/uploads\/2023\/11\/23-scaled.jpg\",\"contentUrl\":\"https:\/\/institutfrancais.sk\/wp-content\/uploads\/2023\/11\/23-scaled.jpg\",\"width\":2560,\"height\":1706,\"caption\":\"Kurzy franc\u00faz\u0161tiny\"},{\"@type\":\"BreadcrumbList\",\"@id\":\"https:\/\/institutfrancais.sk\/fr\/cours-de-francais-session-dhiver-2024\/#breadcrumb\",\"itemListElement\":[{\"@type\":\"ListItem\",\"position\":1,\"name\":\"Home\",\"item\":\"https:\/\/institutfrancais.sk\/fr\/\"},{\"@type\":\"ListItem\",\"position\":2,\"name\":\"Cours de fran\u00e7ais : session d&#8217;hiver 2024\"}]},{\"@type\":\"WebSite\",\"@id\":\"https:\/\/institutfrancais.sk\/fr\/#website\",\"url\":\"https:\/\/institutfrancais.sk\/fr\/\",\"name\":\"Franc\u00fazsky in\u0161tit\u00fat na Slovensku\",\"description\":\"Franc\u00fazsky in\u0161tit\u00fat na Slovensku\",\"potentialAction\":[{\"@type\":\"SearchAction\",\"target\":{\"@type\":\"EntryPoint\",\"urlTemplate\":\"https:\/\/institutfrancais.sk\/fr\/?s={search_term_string}\"},\"query-input\":{\"@type\":\"PropertyValueSpecification\",\"valueRequired\":true,\"valueName\":\"search_term_string\"}}],\"inLanguage\":\"fr-FR\"},{\"@type\":\"Person\",\"@id\":\"https:\/\/institutfrancais.sk\/fr\/#\/schema\/person\/38abf1b8c029535fe5735e69e3aa8ad8\",\"name\":\"Silvia Litva Polak\",\"sameAs\":[\"http:\/\/www.institutfrancais.sk\"],\"url\":\"https:\/\/institutfrancais.sk\/fr\/author\/silvia\/\"}]}<\/script>\n<!-- \/ Yoast SEO plugin. -->","yoast_head_json":{"title":"Cours de fran\u00e7ais : session d'hiver 2024 - Franc\u00fazsky in\u0161tit\u00fat na Slovensku","description":"Zimn\u00e9 kurzy franc\u00faz\u0161tiny: nov\u00e1 ponuka kurzov franc\u00faz\u0161tiny pre dospel\u00fdch a pre deti, prezen\u010dne alebo online.","robots":{"index":"index","follow":"follow","max-snippet":"max-snippet:-1","max-image-preview":"max-image-preview:large","max-video-preview":"max-video-preview:-1"},"canonical":"https:\/\/institutfrancais.sk\/fr\/cours-de-francais-session-dhiver-2024\/","og_locale":"fr_FR","og_type":"article","og_title":"Cours de fran\u00e7ais : session d'hiver 2024 - Franc\u00fazsky in\u0161tit\u00fat na Slovensku","og_description":"Zimn\u00e9 kurzy franc\u00faz\u0161tiny: nov\u00e1 ponuka kurzov franc\u00faz\u0161tiny pre dospel\u00fdch a pre deti, prezen\u010dne alebo online.","og_url":"https:\/\/institutfrancais.sk\/fr\/cours-de-francais-session-dhiver-2024\/","og_site_name":"Franc\u00fazsky in\u0161tit\u00fat na Slovensku","article_published_time":"2023-12-01T14:42:33+00:00","article_modified_time":"2023-12-21T13:33:08+00:00","og_image":[{"width":2560,"height":1706,"url":"https:\/\/institutfrancais.sk\/wp-content\/uploads\/2023\/11\/23-scaled.jpg","type":"image\/jpeg"}],"author":"Silvia Litva Polak","twitter_card":"summary_large_image","twitter_misc":{"\u00c9crit par":"Silvia Litva Polak","Dur\u00e9e de lecture estim\u00e9e":"4 minutes"},"schema":{"@context":"https:\/\/schema.org","@graph":[{"@type":"WebPage","@id":"https:\/\/institutfrancais.sk\/fr\/cours-de-francais-session-dhiver-2024\/","url":"https:\/\/institutfrancais.sk\/fr\/cours-de-francais-session-dhiver-2024\/","name":"Cours de fran\u00e7ais : session d'hiver 2024 - Franc\u00fazsky in\u0161tit\u00fat na Slovensku","isPartOf":{"@id":"https:\/\/institutfrancais.sk\/fr\/#website"},"primaryImageOfPage":{"@id":"https:\/\/institutfrancais.sk\/fr\/cours-de-francais-session-dhiver-2024\/#primaryimage"},"image":{"@id":"https:\/\/institutfrancais.sk\/fr\/cours-de-francais-session-dhiver-2024\/#primaryimage"},"thumbnailUrl":"https:\/\/institutfrancais.sk\/wp-content\/uploads\/2023\/11\/23-scaled.jpg","datePublished":"2023-12-01T14:42:33+00:00","dateModified":"2023-12-21T13:33:08+00:00","author":{"@id":"https:\/\/institutfrancais.sk\/fr\/#\/schema\/person\/38abf1b8c029535fe5735e69e3aa8ad8"},"description":"Zimn\u00e9 kurzy franc\u00faz\u0161tiny: nov\u00e1 ponuka kurzov franc\u00faz\u0161tiny pre dospel\u00fdch a pre deti, prezen\u010dne alebo online.","breadcrumb":{"@id":"https:\/\/institutfrancais.sk\/fr\/cours-de-francais-session-dhiver-2024\/#breadcrumb"},"inLanguage":"fr-FR","potentialAction":[{"@type":"ReadAction","target":["https:\/\/institutfrancais.sk\/fr\/cours-de-francais-session-dhiver-2024\/"]}]},{"@type":"ImageObject","inLanguage":"fr-FR","@id":"https:\/\/institutfrancais.sk\/fr\/cours-de-francais-session-dhiver-2024\/#primaryimage","url":"https:\/\/institutfrancais.sk\/wp-content\/uploads\/2023\/11\/23-scaled.jpg","contentUrl":"https:\/\/institutfrancais.sk\/wp-content\/uploads\/2023\/11\/23-scaled.jpg","width":2560,"height":1706,"caption":"Kurzy franc\u00faz\u0161tiny"},{"@type":"BreadcrumbList","@id":"https:\/\/institutfrancais.sk\/fr\/cours-de-francais-session-dhiver-2024\/#breadcrumb","itemListElement":[{"@type":"ListItem","position":1,"name":"Home","item":"https:\/\/institutfrancais.sk\/fr\/"},{"@type":"ListItem","position":2,"name":"Cours de fran\u00e7ais : session d&#8217;hiver 2024"}]},{"@type":"WebSite","@id":"https:\/\/institutfrancais.sk\/fr\/#website","url":"https:\/\/institutfrancais.sk\/fr\/","name":"Franc\u00fazsky in\u0161tit\u00fat na Slovensku","description":"Franc\u00fazsky in\u0161tit\u00fat na Slovensku","potentialAction":[{"@type":"SearchAction","target":{"@type":"EntryPoint","urlTemplate":"https:\/\/institutfrancais.sk\/fr\/?s={search_term_string}"},"query-input":{"@type":"PropertyValueSpecification","valueRequired":true,"valueName":"search_term_string"}}],"inLanguage":"fr-FR"},{"@type":"Person","@id":"https:\/\/institutfrancais.sk\/fr\/#\/schema\/person\/38abf1b8c029535fe5735e69e3aa8ad8","name":"Silvia Litva Polak","sameAs":["http:\/\/www.institutfrancais.sk"],"url":"https:\/\/institutfrancais.sk\/fr\/author\/silvia\/"}]}},"_links":{"self":[{"href":"https:\/\/institutfrancais.sk\/fr\/wp-json\/wp\/v2\/posts\/29678"}],"collection":[{"href":"https:\/\/institutfrancais.sk\/fr\/wp-json\/wp\/v2\/posts"}],"about":[{"href":"https:\/\/institutfrancais.sk\/fr\/wp-json\/wp\/v2\/types\/post"}],"author":[{"embeddable":true,"href":"https:\/\/institutfrancais.sk\/fr\/wp-json\/wp\/v2\/users\/14"}],"replies":[{"embeddable":true,"href":"https:\/\/institutfrancais.sk\/fr\/wp-json\/wp\/v2\/comments?post=29678"}],"version-history":[{"count":0,"href":"https:\/\/institutfrancais.sk\/fr\/wp-json\/wp\/v2\/posts\/29678\/revisions"}],"wp:featuredmedia":[{"embeddable":true,"href":"https:\/\/institutfrancais.sk\/fr\/wp-json\/wp\/v2\/media\/29680"}],"wp:attachment":[{"href":"https:\/\/institutfrancais.sk\/fr\/wp-json\/wp\/v2\/media?parent=29678"}],"wp:term":[{"taxonomy":"category","embeddable":true,"href":"https:\/\/institutfrancais.sk\/fr\/wp-json\/wp\/v2\/categories?post=29678"},{"taxonomy":"post_tag","embeddable":true,"href":"https:\/\/institutfrancais.sk\/fr\/wp-json\/wp\/v2\/tags?post=29678"}],"curies":[{"name":"wp","href":"https:\/\/api.w.org\/{rel}","templated":true}]}}