{"id":29763,"date":"2024-12-07T16:17:30","date_gmt":"2024-12-07T15:17:30","guid":{"rendered":"https:\/\/institutfrancais.sk\/?p=29763"},"modified":"2024-12-07T16:18:28","modified_gmt":"2024-12-07T15:18:28","slug":"apres-midi-francais-de-noel","status":"publish","type":"post","link":"https:\/\/institutfrancais.sk\/fr\/apres-midi-francais-de-noel\/","title":{"rendered":"Apr\u00e8s-midi fran\u00e7ais de No\u00ebl"},"content":{"rendered":"\n<h2 class=\"wp-block-heading\">13\/12\/2024 de 15h \u00e0 18h30<\/h2>\n\n\n\n<p>L&rsquo;Institut fran\u00e7ais de Slovaquie vous invite \u00e0 son apr\u00e8s-midi fran\u00e7ais de No\u00ebl qui aura lieu le vendredi 13 d\u00e9cembre 2024 de 15h \u00e0 18h30 dans ses locaux, Sedl\u00e1rska 7, 812&nbsp;83 Bratislava.<\/p>\n\n\n\n<p><strong>Un programme d&rsquo;activit\u00e9s attend les visiteurs de tout \u00e2ge&nbsp;:<\/strong><strong><\/strong><\/p>\n\n\n\n<p class=\"has-white-color has-text-color has-background\" style=\"background-color:#1a3270\"><strong>Cours de fran\u00e7ais de d\u00e9monstration<\/strong><\/p>\n\n\n\n<p>Lors de cet apr\u00e8s-midi sp\u00e9cial, les visiteurs auront l&rsquo;occasion de participer \u00e0 des cours de d\u00e9monstration de fran\u00e7ais avec nos professeurs qualifi\u00e9s. Ils pourront \u00e9galement se renseigner sur les modalit\u00e9s d&rsquo;inscription aux cours de fran\u00e7ais du semestre d&rsquo;hiver, qui d\u00e9butera le 13 janvier 2025.<\/p>\n\n\n\n<figure class=\"wp-block-table\"><table><tbody><tr><td><strong>Ven. 13 d\u00e9cembre \u00e0 16h30 \u2013&nbsp;17h15<\/strong><\/td><td>Adultes \u2013&nbsp;d\u00e9butants complets<\/td><td>en pr\u00e9sentiel \u00e0 IFS<\/td><\/tr><tr><td><strong>Ven. 13 d\u00e9cembre \u00e0 17h30 \u2013&nbsp;18h15<\/strong><\/td><td>Le fran\u00e7ais juridique, niveau : B1-B2-C1<\/td><td>en pr\u00e9sentiel \u00e0 IFS<\/td><\/tr><tr><td><strong>Mar. 7 janvier \u00e0 17h30 \u2013&nbsp;18h15<\/strong><\/td><td>Adultes \u2013&nbsp;d\u00e9butants complets<\/td><td>en pr\u00e9sentiel \u00e0 IFS<\/td><\/tr><tr><td><strong>Mar. 7 janvier \u00e0 18h00 \u2013 18h45<\/strong><\/td><td>Adultes \u2013&nbsp;d\u00e9butants complets<\/td><td>en ligne<\/td><\/tr><tr><td><strong>Mar. 7 janvier \u00e0 17h30 \u2013 18h15<\/strong><\/td><td>Le fran\u00e7ais juridique, niveau : B1-B2-C1<\/td><td>en ligne<\/td><\/tr><tr><td><strong>Mar. 7 janvier \u00e0 18h30 \u2013 19h15<\/strong><\/td><td>Fran\u00e7ais des affaires, niveau : A2-B1<\/td><td>en ligne<\/td><\/tr><\/tbody><\/table><\/figure>\n\n\n\n<p>Dur\u00e9e : 45 min<\/p>\n\n\n\n<ul>\n<li>En pr\u00e9sentiel&nbsp;dans une salle de classe de l\u2019Institut fran\u00e7ais de Slovaquie, Sedl\u00e1rska 7, Bratislava.<\/li>\n\n\n\n<li>En ligne via l\u2019application ZOOM.<\/li>\n<\/ul>\n\n\n<div class=\"text-center\"><a href=\"https:\/\/forms.gle\/E1Z2QetLX8HdsZvc6\" class=\"btn btn-blue-invert\">Inscription obligatoire<\/a><\/div>\n\n<a href=\"\" class=\"btn\"><\/a>\n\n\n<h2 class=\"wp-block-heading\">Vous avez des questions ?<\/h2>\n\n\n\n<h2 class=\"wp-block-heading\">Contactez-nous !<\/h2>\n\n\n\n<p>Par mail&nbsp;<strong><a href=\"mailto:cours@institutfrancais.sk\">cours@institutfrancais.sk<\/a><\/strong>&nbsp;ou par t\u00e9l\u00e9phone au 02 \/ 59&nbsp;34&nbsp;77&nbsp;62.<\/p>\n\n\n\n<p class=\"has-white-color has-vivid-red-background-color has-text-color has-background\"><strong>March\u00e9 de No\u00ebl fran\u00e7ais<\/strong><\/p>\n\n\n\n<p>Un petit march\u00e9 de No\u00ebl fran\u00e7ais se tiendra dans la galerie et dans la cour de l&rsquo;Institut, o\u00f9 les visiteurs pourront acheter des cr\u00eapes, des boissons chaudes de No\u00ebl et des chocolats aupr\u00e8s de nos partenaires.<\/p>\n\n\n\n<p class=\"has-white-color has-luminous-vivid-amber-background-color has-text-color has-background\"><strong>Voyage de No\u00ebl \u00e0 travers l&rsquo;Institut fran\u00e7ais<\/strong><\/p>\n\n\n\n<p>Un concours a&nbsp;\u00e9t\u00e9 concoct\u00e9 pour les visiteurs : le \u00ab&nbsp;<em>Voyage de No\u00ebl \u00e0 travers l&rsquo;Institut fran\u00e7ais&nbsp;\u00bb<\/em>&nbsp;! Apr\u00e8s avoir r\u00e9alis\u00e9 les activit\u00e9s propos\u00e9es \u00e0 diff\u00e9rents points-\u00e9tapes du rez-de-chauss\u00e9e, les visiteurs-aventuriers pourront obtenir une r\u00e9compense bien m\u00e9rit\u00e9e&nbsp;pour ce p\u00e9riple ! Voil\u00e0 les \u00e9tapes de ce \u00ab&nbsp;Voyage de No\u00ebl \u00e0 travers l\u2019Institut fran\u00e7ais&nbsp;\u00bb :<\/p>\n\n\n\n<ul>\n<li>Assemblez le plus grand nombre de n\u0153uds de cadeaux possible en une minute.<\/li>\n\n\n\n<li>Trouver sur la carte les villes\/pays francophones o\u00f9 le fran\u00e7ais est parl\u00e9<\/li>\n\n\n\n<li>Construire la Tour Eiffel \u00e0 partir de cadeaux.<\/li>\n\n\n\n<li>R\u00e9soudre un puzzle des mots fran\u00e7ais \u00e0 l\u2019aide des dictionnaires.<\/li>\n\n\n\n<li>Visiter la cath\u00e9drale Notre-Dame de Paris avec les casques de r\u00e9alit\u00e9 virtuelle.<\/li>\n\n\n\n<li>Apprendre des mots fran\u00e7ais gr\u00e2ce \u00e0 un jeu de m\u00e9moire.<\/li>\n\n\n\n<li>Tirez au sort votre cadeau de No\u00ebl.<\/li>\n<\/ul>\n\n\n\n<p class=\"has-white-color has-vivid-green-cyan-background-color has-text-color has-background\"><strong>Ateliers cr\u00e9atifs de No\u00ebl<\/strong><\/p>\n\n\n\n<p>Tout au long de l&rsquo;apr\u00e8s-midi, des ateliers de No\u00ebl seront \u00e9galement organis\u00e9s dans la salle de la&nbsp;M\u00e9diath\u00e8que de l&rsquo;Institut fran\u00e7ais, o\u00f9 les visiteurs pourront fabriquer une carte de No\u00ebl ou un renne en papier.<\/p>\n\n\n\n<h2 class=\"wp-block-heading\">Le vocabulaire du Nouvel An \/ Novoro\u010dn\u00fd slovn\u00edk<\/h2>\n\n\n\n<div class=\"wp-block-group is-vertical is-layout-flex wp-container-core-group-is-layout-1 wp-block-group-is-layout-flex\">\n<p>Le r\u00e9veillon : Silvestrovsk\u00e1 ve\u010dera <\/p>\n\n\n\n<p>Les feux d&rsquo;artifice : oh\u0148ostroj <\/p>\n\n\n\n<p>Le compte \u00e0 rebours : odpo\u010d\u00edtavanie <\/p>\n\n\n\n<p>Bonne ann\u00e9e ! : \u0160\u0165astn\u00fd nov\u00fd rok! <\/p>\n\n\n\n<p>Le champagne : \u0161ampansk\u00e9 <\/p>\n\n\n\n<p>La f\u00eate : z\u00e1bava <\/p>\n\n\n\n<p>Le calendrier : kalend\u00e1r <\/p>\n\n\n\n<p>Minuit : polnoc<\/p>\n<\/div>\n","protected":false},"excerpt":{"rendered":"<p>13\/12\/2024 de 15h \u00e0 18h30 L&rsquo;Institut fran\u00e7ais de Slovaquie vous invite \u00e0 son apr\u00e8s-midi fran\u00e7ais de No\u00ebl qui aura lieu le vendredi 13 d\u00e9cembre 2024 de 15h \u00e0 18h30 dans ses locaux, Sedl\u00e1rska 7, 812&nbsp;83 Bratislava. Un programme d&rsquo;activit\u00e9s attend les visiteurs de tout \u00e2ge&nbsp;: Cours de fran\u00e7ais de d\u00e9monstration Lors de cet apr\u00e8s-midi sp\u00e9cial, [&hellip;]<\/p>\n","protected":false},"author":14,"featured_media":34374,"comment_status":"closed","ping_status":"closed","sticky":false,"template":"","format":"standard","meta":{"_acf_changed":false,"footnotes":""},"categories":[102,162],"tags":[],"acf":[],"yoast_head":"<!-- This site is optimized with the Yoast SEO plugin v24.5 - https:\/\/yoast.com\/wordpress\/plugins\/seo\/ -->\n<title>Apr\u00e8s-midi fran\u00e7ais de No\u00ebl - Franc\u00fazsky in\u0161tit\u00fat na Slovensku<\/title>\n<meta name=\"robots\" content=\"index, follow, max-snippet:-1, max-image-preview:large, max-video-preview:-1\" \/>\n<link rel=\"canonical\" href=\"https:\/\/institutfrancais.sk\/fr\/apres-midi-francais-de-noel\/\" \/>\n<meta property=\"og:locale\" content=\"fr_FR\" \/>\n<meta property=\"og:type\" content=\"article\" \/>\n<meta property=\"og:title\" content=\"Apr\u00e8s-midi fran\u00e7ais de No\u00ebl - Franc\u00fazsky in\u0161tit\u00fat na Slovensku\" \/>\n<meta property=\"og:description\" content=\"13\/12\/2024 de 15h \u00e0 18h30 L&rsquo;Institut fran\u00e7ais de Slovaquie vous invite \u00e0 son apr\u00e8s-midi fran\u00e7ais de No\u00ebl qui aura lieu le vendredi 13 d\u00e9cembre 2024 de 15h \u00e0 18h30 dans ses locaux, Sedl\u00e1rska 7, 812&nbsp;83 Bratislava. Un programme d&rsquo;activit\u00e9s attend les visiteurs de tout \u00e2ge&nbsp;: Cours de fran\u00e7ais de d\u00e9monstration Lors de cet apr\u00e8s-midi sp\u00e9cial, [&hellip;]\" \/>\n<meta property=\"og:url\" content=\"https:\/\/institutfrancais.sk\/fr\/apres-midi-francais-de-noel\/\" \/>\n<meta property=\"og:site_name\" content=\"Franc\u00fazsky in\u0161tit\u00fat na Slovensku\" \/>\n<meta property=\"article:published_time\" content=\"2024-12-07T15:17:30+00:00\" \/>\n<meta property=\"article:modified_time\" content=\"2024-12-07T15:18:28+00:00\" \/>\n<meta property=\"og:image\" content=\"https:\/\/institutfrancais.sk\/wp-content\/uploads\/2023\/12\/VT.png\" \/>\n\t<meta property=\"og:image:width\" content=\"1080\" \/>\n\t<meta property=\"og:image:height\" content=\"1080\" \/>\n\t<meta property=\"og:image:type\" content=\"image\/png\" \/>\n<meta name=\"author\" content=\"Silvia Litva Polak\" \/>\n<meta name=\"twitter:card\" content=\"summary_large_image\" \/>\n<meta name=\"twitter:label1\" content=\"\u00c9crit par\" \/>\n\t<meta name=\"twitter:data1\" content=\"Silvia Litva Polak\" \/>\n\t<meta name=\"twitter:label2\" content=\"Dur\u00e9e de lecture estim\u00e9e\" \/>\n\t<meta name=\"twitter:data2\" content=\"3 minutes\" \/>\n<script type=\"application\/ld+json\" class=\"yoast-schema-graph\">{\"@context\":\"https:\/\/schema.org\",\"@graph\":[{\"@type\":\"WebPage\",\"@id\":\"https:\/\/institutfrancais.sk\/fr\/apres-midi-francais-de-noel\/\",\"url\":\"https:\/\/institutfrancais.sk\/fr\/apres-midi-francais-de-noel\/\",\"name\":\"Apr\u00e8s-midi fran\u00e7ais de No\u00ebl - Franc\u00fazsky in\u0161tit\u00fat na Slovensku\",\"isPartOf\":{\"@id\":\"https:\/\/institutfrancais.sk\/fr\/#website\"},\"primaryImageOfPage\":{\"@id\":\"https:\/\/institutfrancais.sk\/fr\/apres-midi-francais-de-noel\/#primaryimage\"},\"image\":{\"@id\":\"https:\/\/institutfrancais.sk\/fr\/apres-midi-francais-de-noel\/#primaryimage\"},\"thumbnailUrl\":\"https:\/\/institutfrancais.sk\/wp-content\/uploads\/2023\/12\/VT.png\",\"datePublished\":\"2024-12-07T15:17:30+00:00\",\"dateModified\":\"2024-12-07T15:18:28+00:00\",\"author\":{\"@id\":\"https:\/\/institutfrancais.sk\/fr\/#\/schema\/person\/38abf1b8c029535fe5735e69e3aa8ad8\"},\"breadcrumb\":{\"@id\":\"https:\/\/institutfrancais.sk\/fr\/apres-midi-francais-de-noel\/#breadcrumb\"},\"inLanguage\":\"fr-FR\",\"potentialAction\":[{\"@type\":\"ReadAction\",\"target\":[\"https:\/\/institutfrancais.sk\/fr\/apres-midi-francais-de-noel\/\"]}]},{\"@type\":\"ImageObject\",\"inLanguage\":\"fr-FR\",\"@id\":\"https:\/\/institutfrancais.sk\/fr\/apres-midi-francais-de-noel\/#primaryimage\",\"url\":\"https:\/\/institutfrancais.sk\/wp-content\/uploads\/2023\/12\/VT.png\",\"contentUrl\":\"https:\/\/institutfrancais.sk\/wp-content\/uploads\/2023\/12\/VT.png\",\"width\":1080,\"height\":1080},{\"@type\":\"BreadcrumbList\",\"@id\":\"https:\/\/institutfrancais.sk\/fr\/apres-midi-francais-de-noel\/#breadcrumb\",\"itemListElement\":[{\"@type\":\"ListItem\",\"position\":1,\"name\":\"Home\",\"item\":\"https:\/\/institutfrancais.sk\/fr\/\"},{\"@type\":\"ListItem\",\"position\":2,\"name\":\"Apr\u00e8s-midi fran\u00e7ais de No\u00ebl\"}]},{\"@type\":\"WebSite\",\"@id\":\"https:\/\/institutfrancais.sk\/fr\/#website\",\"url\":\"https:\/\/institutfrancais.sk\/fr\/\",\"name\":\"Franc\u00fazsky in\u0161tit\u00fat na Slovensku\",\"description\":\"Franc\u00fazsky in\u0161tit\u00fat na Slovensku\",\"potentialAction\":[{\"@type\":\"SearchAction\",\"target\":{\"@type\":\"EntryPoint\",\"urlTemplate\":\"https:\/\/institutfrancais.sk\/fr\/?s={search_term_string}\"},\"query-input\":{\"@type\":\"PropertyValueSpecification\",\"valueRequired\":true,\"valueName\":\"search_term_string\"}}],\"inLanguage\":\"fr-FR\"},{\"@type\":\"Person\",\"@id\":\"https:\/\/institutfrancais.sk\/fr\/#\/schema\/person\/38abf1b8c029535fe5735e69e3aa8ad8\",\"name\":\"Silvia Litva Polak\",\"sameAs\":[\"http:\/\/www.institutfrancais.sk\"],\"url\":\"https:\/\/institutfrancais.sk\/fr\/author\/silvia\/\"}]}<\/script>\n<!-- \/ Yoast SEO plugin. -->","yoast_head_json":{"title":"Apr\u00e8s-midi fran\u00e7ais de No\u00ebl - Franc\u00fazsky in\u0161tit\u00fat na Slovensku","robots":{"index":"index","follow":"follow","max-snippet":"max-snippet:-1","max-image-preview":"max-image-preview:large","max-video-preview":"max-video-preview:-1"},"canonical":"https:\/\/institutfrancais.sk\/fr\/apres-midi-francais-de-noel\/","og_locale":"fr_FR","og_type":"article","og_title":"Apr\u00e8s-midi fran\u00e7ais de No\u00ebl - Franc\u00fazsky in\u0161tit\u00fat na Slovensku","og_description":"13\/12\/2024 de 15h \u00e0 18h30 L&rsquo;Institut fran\u00e7ais de Slovaquie vous invite \u00e0 son apr\u00e8s-midi fran\u00e7ais de No\u00ebl qui aura lieu le vendredi 13 d\u00e9cembre 2024 de 15h \u00e0 18h30 dans ses locaux, Sedl\u00e1rska 7, 812&nbsp;83 Bratislava. Un programme d&rsquo;activit\u00e9s attend les visiteurs de tout \u00e2ge&nbsp;: Cours de fran\u00e7ais de d\u00e9monstration Lors de cet apr\u00e8s-midi sp\u00e9cial, [&hellip;]","og_url":"https:\/\/institutfrancais.sk\/fr\/apres-midi-francais-de-noel\/","og_site_name":"Franc\u00fazsky in\u0161tit\u00fat na Slovensku","article_published_time":"2024-12-07T15:17:30+00:00","article_modified_time":"2024-12-07T15:18:28+00:00","og_image":[{"width":1080,"height":1080,"url":"https:\/\/institutfrancais.sk\/wp-content\/uploads\/2023\/12\/VT.png","type":"image\/png"}],"author":"Silvia Litva Polak","twitter_card":"summary_large_image","twitter_misc":{"\u00c9crit par":"Silvia Litva Polak","Dur\u00e9e de lecture estim\u00e9e":"3 minutes"},"schema":{"@context":"https:\/\/schema.org","@graph":[{"@type":"WebPage","@id":"https:\/\/institutfrancais.sk\/fr\/apres-midi-francais-de-noel\/","url":"https:\/\/institutfrancais.sk\/fr\/apres-midi-francais-de-noel\/","name":"Apr\u00e8s-midi fran\u00e7ais de No\u00ebl - Franc\u00fazsky in\u0161tit\u00fat na Slovensku","isPartOf":{"@id":"https:\/\/institutfrancais.sk\/fr\/#website"},"primaryImageOfPage":{"@id":"https:\/\/institutfrancais.sk\/fr\/apres-midi-francais-de-noel\/#primaryimage"},"image":{"@id":"https:\/\/institutfrancais.sk\/fr\/apres-midi-francais-de-noel\/#primaryimage"},"thumbnailUrl":"https:\/\/institutfrancais.sk\/wp-content\/uploads\/2023\/12\/VT.png","datePublished":"2024-12-07T15:17:30+00:00","dateModified":"2024-12-07T15:18:28+00:00","author":{"@id":"https:\/\/institutfrancais.sk\/fr\/#\/schema\/person\/38abf1b8c029535fe5735e69e3aa8ad8"},"breadcrumb":{"@id":"https:\/\/institutfrancais.sk\/fr\/apres-midi-francais-de-noel\/#breadcrumb"},"inLanguage":"fr-FR","potentialAction":[{"@type":"ReadAction","target":["https:\/\/institutfrancais.sk\/fr\/apres-midi-francais-de-noel\/"]}]},{"@type":"ImageObject","inLanguage":"fr-FR","@id":"https:\/\/institutfrancais.sk\/fr\/apres-midi-francais-de-noel\/#primaryimage","url":"https:\/\/institutfrancais.sk\/wp-content\/uploads\/2023\/12\/VT.png","contentUrl":"https:\/\/institutfrancais.sk\/wp-content\/uploads\/2023\/12\/VT.png","width":1080,"height":1080},{"@type":"BreadcrumbList","@id":"https:\/\/institutfrancais.sk\/fr\/apres-midi-francais-de-noel\/#breadcrumb","itemListElement":[{"@type":"ListItem","position":1,"name":"Home","item":"https:\/\/institutfrancais.sk\/fr\/"},{"@type":"ListItem","position":2,"name":"Apr\u00e8s-midi fran\u00e7ais de No\u00ebl"}]},{"@type":"WebSite","@id":"https:\/\/institutfrancais.sk\/fr\/#website","url":"https:\/\/institutfrancais.sk\/fr\/","name":"Franc\u00fazsky in\u0161tit\u00fat na Slovensku","description":"Franc\u00fazsky in\u0161tit\u00fat na Slovensku","potentialAction":[{"@type":"SearchAction","target":{"@type":"EntryPoint","urlTemplate":"https:\/\/institutfrancais.sk\/fr\/?s={search_term_string}"},"query-input":{"@type":"PropertyValueSpecification","valueRequired":true,"valueName":"search_term_string"}}],"inLanguage":"fr-FR"},{"@type":"Person","@id":"https:\/\/institutfrancais.sk\/fr\/#\/schema\/person\/38abf1b8c029535fe5735e69e3aa8ad8","name":"Silvia Litva Polak","sameAs":["http:\/\/www.institutfrancais.sk"],"url":"https:\/\/institutfrancais.sk\/fr\/author\/silvia\/"}]}},"_links":{"self":[{"href":"https:\/\/institutfrancais.sk\/fr\/wp-json\/wp\/v2\/posts\/29763"}],"collection":[{"href":"https:\/\/institutfrancais.sk\/fr\/wp-json\/wp\/v2\/posts"}],"about":[{"href":"https:\/\/institutfrancais.sk\/fr\/wp-json\/wp\/v2\/types\/post"}],"author":[{"embeddable":true,"href":"https:\/\/institutfrancais.sk\/fr\/wp-json\/wp\/v2\/users\/14"}],"replies":[{"embeddable":true,"href":"https:\/\/institutfrancais.sk\/fr\/wp-json\/wp\/v2\/comments?post=29763"}],"version-history":[{"count":4,"href":"https:\/\/institutfrancais.sk\/fr\/wp-json\/wp\/v2\/posts\/29763\/revisions"}],"predecessor-version":[{"id":34404,"href":"https:\/\/institutfrancais.sk\/fr\/wp-json\/wp\/v2\/posts\/29763\/revisions\/34404"}],"wp:featuredmedia":[{"embeddable":true,"href":"https:\/\/institutfrancais.sk\/fr\/wp-json\/wp\/v2\/media\/34374"}],"wp:attachment":[{"href":"https:\/\/institutfrancais.sk\/fr\/wp-json\/wp\/v2\/media?parent=29763"}],"wp:term":[{"taxonomy":"category","embeddable":true,"href":"https:\/\/institutfrancais.sk\/fr\/wp-json\/wp\/v2\/categories?post=29763"},{"taxonomy":"post_tag","embeddable":true,"href":"https:\/\/institutfrancais.sk\/fr\/wp-json\/wp\/v2\/tags?post=29763"}],"curies":[{"name":"wp","href":"https:\/\/api.w.org\/{rel}","templated":true}]}}