{"id":30795,"date":"2025-02-18T16:26:48","date_gmt":"2025-02-18T15:26:48","guid":{"rendered":"https:\/\/institutfrancais.sk\/?p=30795"},"modified":"2025-03-03T11:54:23","modified_gmt":"2025-03-03T10:54:23","slug":"cours-de-francais-session-de-printemps-2025","status":"publish","type":"post","link":"https:\/\/institutfrancais.sk\/fr\/cours-de-francais-session-de-printemps-2025\/","title":{"rendered":"Cours de fran\u00e7ais : session de printemps 2025"},"content":{"rendered":"\n<p>Trimestre de printemps \u00e0 partir du 7 avril 2025<\/p>\n\n\n\n<figure class=\"wp-block-table\"><table><tbody><tr><td><strong>Inscription en ligne<\/strong><\/td><td><strong>Inscription en pr\u00e9sentiel<\/strong><\/td><\/tr><tr><td><em>\u00e0 partir du 1er mars 2025<\/em><\/td><td><em>du 31 mars au 1er avril 2025 de 14h00 \u00e0 18h00<\/em><\/td><\/tr><\/tbody><\/table><\/figure>\n\n\n\n<p><strong>L&rsquo;ann\u00e9e de la mer 2025<\/strong>&nbsp;est une occasion id\u00e9ale de plonger dans le monde de la langue et de la culture fran\u00e7aises, indissociablement li\u00e9es aux mers et oc\u00e9ans. Rejoignez-nous pour les cours de fran\u00e7ais de printemps, pour enfants, jeunes et adultes, o\u00f9 nous d\u00e9couvrirons ensemble les secrets des pays francophones bord\u00e9s par les mers et oc\u00e9ans.<\/p>\n\n\n\n<p><strong>Inscrivez-vous \u00e0 un cours de fran\u00e7ais !<\/strong><br>Vous pouvez vous inscrire pendant la p\u00e9riode des inscriptions :<\/p>\n\n\n\n<ul>\n<li><strong>Via le formulaire en ligne<\/strong>, disponible dans la description de chaque cours<\/li>\n\n\n\n<li><strong>\u00c0 l\u2019Institut fran\u00e7ais<\/strong>, au service des cours (Sedl\u00e1rska 7, Bratislava) pendant la p\u00e9riode des inscriptions en pr\u00e9sentiel (voir les dates ci-dessus), de&nbsp;<strong>14h00 \u00e0 18h00<\/strong>.<\/li>\n<\/ul>\n\n\n\n<h3 class=\"wp-block-heading\">Pourquoi rejoindre nos cours ?<\/h3>\n\n\n\n<p>Le fran\u00e7ais est l\u2019une des langues les plus importantes qui vous ouvrira les portes de nombreuses possibilit\u00e9s, que ce soit sur le plan professionnel ou personnel. Ainsi, \u00e0 l\u2019Institut fran\u00e7ais de Slovaquie, nous vous offrons la possibilit\u00e9 d\u2019\u00e9tudier la langue fran\u00e7aise \u00e0 travers des&nbsp;<strong>cours de fran\u00e7ais de qualit\u00e9 en pr\u00e9sentiel ou en ligne&nbsp;<\/strong>avec des professeurs qualifi\u00e9s de FLE (fran\u00e7ais langue \u00e9trang\u00e8re). Nos professeurs comprennent vos besoins, quel que soit votre niveau de fran\u00e7ais. Venez vivre avec nous l\u2019aventure <em>\u00e0 la fran\u00e7aise<\/em>. Dans nos&nbsp;cours de fran\u00e7ais, l\u2019apprentissage rime avec joie et plaisir ! <\/p>\n\n\n\n<h3 class=\"wp-block-heading\">Cours pour enfants, jeunes et adultes :<\/h3>\n\n\n\n<ul>\n<li><strong>Mini et Enfants (4-11 ans) :<\/strong>&nbsp;Des cours ludiques et interactifs, o\u00f9 les enfants apprendront les bases du fran\u00e7ais et d\u00e9couvriront le fascinant monde des mers et oc\u00e9ans \u00e0 travers des jeux, des histoires et des activit\u00e9s cr\u00e9atives.<\/li>\n\n\n\n<li><strong>Ados (12-16 ans) :<\/strong>\u00a0Nous mettrons l&rsquo;accent sur le d\u00e9veloppement des comp\u00e9tences linguistiques \u00e0 travers des th\u00e8mes tels que les voyages dans les villes c\u00f4ti\u00e8res fran\u00e7aises, les d\u00e9fis \u00e9cologiques li\u00e9s aux oc\u00e9ans et la coop\u00e9ration internationale pour la protection de la nature.<\/li>\n\n\n\n<li><strong>Adultes :<\/strong>&nbsp;Cours de diff\u00e9rents niveaux, alliant apprentissage linguistique et sujets professionnels int\u00e9ressants.<\/li>\n<\/ul>\n\n\n\n<h3 class=\"wp-block-heading\">Commencez votre voyage linguistique d\u00e8s aujourd&rsquo;hui !<\/h3>\n\n\n\n<p>Rejoignez-nous pour les&nbsp;<strong>cours de fran\u00e7ais de printemps<\/strong>&nbsp;et devenez membre de notre communaut\u00e9 linguistique. Pour plus d&rsquo;informations sur les cours et l&rsquo;inscription, cliquez sur le bouton ci-dessous.<\/p>\n\n\n\n<p><strong>Attirez une nouvelle brise de la langue fran\u00e7aise dans votre vie \u2013<\/strong><br><em>\u00ab\u00a0Le fran\u00e7ais, la langue des oc\u00e9ans et des mers.\u00a0\u00bb<\/em><\/p>\n\n\n<div class=\"space xs\"><\/div>\n\n<\/div><div class=\"more-info\" style=\"background-image:url(https:\/\/institutfrancais.sk\/wp-content\/uploads\/2025\/02\/A5-LETAK-DOSPELI-Website-1-1.jpg)\"><div class=\"wrap\"><h2>R\u00e9servez votre place d\u00e8s maintenant ! <\/h2><div class=\"container container-3-items\"> <div class=\"row\"><div class=\"item col-sm-4\"><a href=\"https:\/\/institutfrancais.sk\/fr\/typ-kurzov\/enfants-ados\/\"><span>Enfants et ados<\/span><\/a><\/div><div class=\"item col-sm-4\"><a href=\"https:\/\/institutfrancais.sk\/fr\/typ-kurzov\/adultes\/\"><span>Adultes<\/span><\/a><\/div><div class=\"item col-sm-4\"><a href=\"https:\/\/institutfrancais.sk\/fr\/kurz\/francais-pour-seniors\/\"><span>Seniors<\/span><\/a><\/div><\/div><\/div><\/div><\/div><div class=\"wrap narrow-wrap\">\n\n<\/div><div class=\"lines-bg lines-bg-threeleft-g\"><div class=\"lines-bg lines-bg-absolute lines-bg-oneright-g\"><\/div><div class=\"wrap\"><div class=\"events articles-events\"><h2>Impr\u00e9gnez-vous de l&rsquo;atmosph\u00e8re <span class=\"green\">\/d&rsquo;un cours de fran\u00e7ais !<\/span><\/h2><div class=\"row\"><div class=\"col-md-6 col-lg-4\"><a href=\"https:\/\/institutfrancais.sk\/fr\/podujatie\/cours-de-demonstration-debutants\/\" class=\"event \"><div class=\"bg\"><div class=\"bghdn\"><div class=\"img\" style=\"background-image:url(https:\/\/institutfrancais.sk\/wp-content\/uploads\/2025\/08\/FR-DEMO-537x302.jpg)\"><\/div><\/div><span class=\"type\">rencontre<\/span><\/div><div class=\"content\"><div class=\"meta\"><strong class=\"color-green\">1.4.<\/strong><\/div><h3>Cours de d\u00e9monstration gratuits<\/h3><\/div><\/a><\/div><\/div><\/div><\/div><\/div><div class=\"wrap narrow-wrap\">\n\n\n<h2 class=\"wp-block-heading\"><\/h2>\n\n\n\n<h2 class=\"wp-block-heading\">Test de positionnement<\/h2>\n\n\n<div class=\"space xxs\"><\/div>\n\n\n<p>Vous devez passer le test de positionnement pendant la p\u00e9riode d\u2019inscription, si vous avez d\u00e9j\u00e0 une certaine connaissance de la langue fran\u00e7aise. Si vous avez d\u00e9j\u00e0 suivi nos cours de fran\u00e7ais par le pass\u00e9 et apr\u00e8s une longue pause vous souhaitez reprendre l\u2019apprentissage du fran\u00e7ais, le test nous aidera \u00e0 d\u00e9terminer votre niveau actuel. Si vous \u00eates un d\u00e9butant complet, les tests ne sont pas n\u00e9cessaires. Par le biais du test de positionnement, nous \u00e9valuerons vos comp\u00e9tences linguistiques en fran\u00e7ais : <strong>l\u2019expression \u00e9crite et orale<\/strong>, <strong>la<\/strong> <strong>compr\u00e9hension \u00e9crite et orale<\/strong>. Nous d\u00e9terminerons votre niveau de langue actuel afin de pouvoir vous placer dans des groupes homog\u00e8nes et vous conseiller ainsi un cours adapt\u00e9 \u00e0 votre niveau. <\/p>\n\n\n<div class=\"space xxs\"><\/div>\n\n\n<p class=\"has-vivid-cyan-blue-color has-text-color\"><em><strong>Vous pouvez passer le test de positionnement dans les locaux de l&rsquo;Institut fran\u00e7ais lors des inscriptions en pr\u00e9sentiel ou via un test en ligne. Le test n\u2019est pas librement disponible sur notre site, le Service des cours vous enverra les codes d\u2019acc\u00e8s suite \u00e0 votre pr\u00e9inscription au cours choisi via le formulaire en ligne.<\/strong><\/em><\/p>\n\n\n<div class=\"space sm\"><\/div>\n\n\n<h2 class=\"wp-block-heading\">Depuis plus de 35 ans nous vous apportons la langue et la culture fran\u00e7aises. Rejoignez-nous dans cette aventure !<\/h2>\n\n\n<div class=\"space xs\"><\/div>\n\n<div class=\"benefits row text-center\"><div class=\"col-6 col-sm-3\"><img decoding=\"async\" src=\"https:\/\/institutfrancais.sk\/wp-content\/uploads\/2020\/01\/student_1.png\"><div class=\"line-after-title\"><\/div><spa class=\"benefits-description\">Enseignants qualifi\u00e9s<\/span><\/div><div class=\"col-6 col-sm-3\"><img decoding=\"async\" src=\"https:\/\/institutfrancais.sk\/wp-content\/uploads\/2020\/01\/dp-b-4.png\"><div class=\"line-after-title\"><\/div><spa class=\"benefits-description\">Label qualit\u00e9<\/span><\/div><div class=\"col-6 col-sm-3\"><img decoding=\"async\" src=\"https:\/\/institutfrancais.sk\/wp-content\/uploads\/2020\/01\/dp-b-2.png\"><div class=\"line-after-title\"><\/div><spa class=\"benefits-description\">Pr\u00e9paration aux examens DELF DALF<\/span><\/div><div class=\"col-6 col-sm-3\"><img decoding=\"async\" src=\"https:\/\/institutfrancais.sk\/wp-content\/uploads\/2019\/12\/au1.png\"><div class=\"line-after-title\"><\/div><spa class=\"benefits-description\">Biblioth\u00e8que num\u00e9rique gratuite<\/span><\/div><\/div>\n\n<div class=\"space md\"><\/div>\n\n\n<h2 class=\"wp-block-heading\">Vous avez des questions ? Nous serons heureux de vous aider ! <\/h2>\n\n\n<div class=\"space xs\"><\/div>\n\n\n<p><strong><a href=\"mailto:cours@institutfrancais.sk\">cours@institutfrancais.sk<\/a><\/strong> \/ 02&nbsp;59&nbsp;34&nbsp;77&nbsp;62<\/p>\n\n\n<div class=\"space xs\"><\/div>\n\n<\/div><iframe loading=\"lazy\" src=\"https:\/\/www.google.com\/maps\/embed?pb=!1m18!1m12!1m3!1d2662.2735746915087!2d17.10532635165492!3d48.14353077912193!2m3!1f0!2f0!3f0!3m2!1i1024!2i768!4f13.1!3m3!1m2!1s0x476c8942d3867d0f%3A0xf92cfa7be90ee73!2zRnJhbmPDunpza3kgaW7FoXRpdMO6dA!5e0!3m2!1ssk!2ssk!4v1575902399794!5m2!1ssk!2ssk\" width=\"100%\" height=\"558\" frameborder=\"0\" class=\"gmap-iframe\" allowfullscreen=\"\"><\/iframe><div class=\"wrap narrow-wrap\">\n\n<div class=\"space sm\"><\/div>","protected":false},"excerpt":{"rendered":"<p>Trimestre de printemps \u00e0 partir du 7 avril 2025 Inscription en ligne Inscription en pr\u00e9sentiel \u00e0 partir du 1er mars 2025 du 31 mars au 1er avril 2025 de 14h00 \u00e0 18h00 L&rsquo;ann\u00e9e de la mer 2025&nbsp;est une occasion id\u00e9ale de plonger dans le monde de la langue et de la culture fran\u00e7aises, indissociablement li\u00e9es [&hellip;]<\/p>\n","protected":false},"author":14,"featured_media":35098,"comment_status":"closed","ping_status":"closed","sticky":false,"template":"","format":"standard","meta":{"_acf_changed":false,"footnotes":""},"categories":[128,205],"tags":[],"acf":[],"yoast_head":"<!-- This site is optimized with the Yoast SEO plugin v24.5 - https:\/\/yoast.com\/wordpress\/plugins\/seo\/ -->\n<title>Cours de fran\u00e7ais : session de printemps 2025 - Franc\u00fazsky in\u0161tit\u00fat na Slovensku<\/title>\n<meta name=\"description\" content=\"Jarn\u00e9 kurzy franc\u00faz\u0161tiny: nov\u00e1 ponuka kurzov franc\u00faz\u0161tiny pre dospel\u00fdch, deti a seniorov prezen\u010dne alebo online.\" \/>\n<meta name=\"robots\" content=\"index, follow, max-snippet:-1, max-image-preview:large, max-video-preview:-1\" \/>\n<link rel=\"canonical\" href=\"https:\/\/institutfrancais.sk\/fr\/cours-de-francais-session-de-printemps-2025\/\" \/>\n<meta property=\"og:locale\" content=\"fr_FR\" \/>\n<meta property=\"og:type\" content=\"article\" \/>\n<meta property=\"og:title\" content=\"Cours de fran\u00e7ais : session de printemps 2025 - Franc\u00fazsky in\u0161tit\u00fat na Slovensku\" \/>\n<meta property=\"og:description\" content=\"Jarn\u00e9 kurzy franc\u00faz\u0161tiny: nov\u00e1 ponuka kurzov franc\u00faz\u0161tiny pre dospel\u00fdch, deti a seniorov prezen\u010dne alebo online.\" \/>\n<meta property=\"og:url\" content=\"https:\/\/institutfrancais.sk\/fr\/cours-de-francais-session-de-printemps-2025\/\" \/>\n<meta property=\"og:site_name\" content=\"Franc\u00fazsky in\u0161tit\u00fat na Slovensku\" \/>\n<meta property=\"article:published_time\" content=\"2025-02-18T15:26:48+00:00\" \/>\n<meta property=\"article:modified_time\" content=\"2025-03-03T10:54:23+00:00\" \/>\n<meta property=\"og:image\" content=\"https:\/\/institutfrancais.sk\/wp-content\/uploads\/2025\/02\/Jarne-kurzy-1080-x-1080-px-Website-16-537x302.jpg\" \/>\n\t<meta property=\"og:image:width\" content=\"537\" \/>\n\t<meta property=\"og:image:height\" content=\"302\" \/>\n\t<meta property=\"og:image:type\" content=\"image\/jpeg\" \/>\n<meta name=\"author\" content=\"Silvia Litva Polak\" \/>\n<meta name=\"twitter:card\" content=\"summary_large_image\" \/>\n<meta name=\"twitter:label1\" content=\"\u00c9crit par\" \/>\n\t<meta name=\"twitter:data1\" content=\"Silvia Litva Polak\" \/>\n\t<meta name=\"twitter:label2\" content=\"Dur\u00e9e de lecture estim\u00e9e\" \/>\n\t<meta name=\"twitter:data2\" content=\"4 minutes\" \/>\n<script type=\"application\/ld+json\" class=\"yoast-schema-graph\">{\"@context\":\"https:\/\/schema.org\",\"@graph\":[{\"@type\":\"WebPage\",\"@id\":\"https:\/\/institutfrancais.sk\/fr\/cours-de-francais-session-de-printemps-2025\/\",\"url\":\"https:\/\/institutfrancais.sk\/fr\/cours-de-francais-session-de-printemps-2025\/\",\"name\":\"Cours de fran\u00e7ais : session de printemps 2025 - Franc\u00fazsky in\u0161tit\u00fat na Slovensku\",\"isPartOf\":{\"@id\":\"https:\/\/institutfrancais.sk\/fr\/#website\"},\"primaryImageOfPage\":{\"@id\":\"https:\/\/institutfrancais.sk\/fr\/cours-de-francais-session-de-printemps-2025\/#primaryimage\"},\"image\":{\"@id\":\"https:\/\/institutfrancais.sk\/fr\/cours-de-francais-session-de-printemps-2025\/#primaryimage\"},\"thumbnailUrl\":\"https:\/\/institutfrancais.sk\/wp-content\/uploads\/2025\/02\/Jarne-kurzy-1080-x-1080-px-Website-16.jpg\",\"datePublished\":\"2025-02-18T15:26:48+00:00\",\"dateModified\":\"2025-03-03T10:54:23+00:00\",\"author\":{\"@id\":\"https:\/\/institutfrancais.sk\/fr\/#\/schema\/person\/38abf1b8c029535fe5735e69e3aa8ad8\"},\"description\":\"Jarn\u00e9 kurzy franc\u00faz\u0161tiny: nov\u00e1 ponuka kurzov franc\u00faz\u0161tiny pre dospel\u00fdch, deti a seniorov prezen\u010dne alebo online.\",\"breadcrumb\":{\"@id\":\"https:\/\/institutfrancais.sk\/fr\/cours-de-francais-session-de-printemps-2025\/#breadcrumb\"},\"inLanguage\":\"fr-FR\",\"potentialAction\":[{\"@type\":\"ReadAction\",\"target\":[\"https:\/\/institutfrancais.sk\/fr\/cours-de-francais-session-de-printemps-2025\/\"]}]},{\"@type\":\"ImageObject\",\"inLanguage\":\"fr-FR\",\"@id\":\"https:\/\/institutfrancais.sk\/fr\/cours-de-francais-session-de-printemps-2025\/#primaryimage\",\"url\":\"https:\/\/institutfrancais.sk\/wp-content\/uploads\/2025\/02\/Jarne-kurzy-1080-x-1080-px-Website-16.jpg\",\"contentUrl\":\"https:\/\/institutfrancais.sk\/wp-content\/uploads\/2025\/02\/Jarne-kurzy-1080-x-1080-px-Website-16.jpg\",\"width\":2561,\"height\":1440,\"caption\":\"Cours du fran\u00e7ais\"},{\"@type\":\"BreadcrumbList\",\"@id\":\"https:\/\/institutfrancais.sk\/fr\/cours-de-francais-session-de-printemps-2025\/#breadcrumb\",\"itemListElement\":[{\"@type\":\"ListItem\",\"position\":1,\"name\":\"Home\",\"item\":\"https:\/\/institutfrancais.sk\/fr\/\"},{\"@type\":\"ListItem\",\"position\":2,\"name\":\"Cours de fran\u00e7ais : session de printemps 2025\"}]},{\"@type\":\"WebSite\",\"@id\":\"https:\/\/institutfrancais.sk\/fr\/#website\",\"url\":\"https:\/\/institutfrancais.sk\/fr\/\",\"name\":\"Franc\u00fazsky in\u0161tit\u00fat na Slovensku\",\"description\":\"Franc\u00fazsky in\u0161tit\u00fat na Slovensku\",\"potentialAction\":[{\"@type\":\"SearchAction\",\"target\":{\"@type\":\"EntryPoint\",\"urlTemplate\":\"https:\/\/institutfrancais.sk\/fr\/?s={search_term_string}\"},\"query-input\":{\"@type\":\"PropertyValueSpecification\",\"valueRequired\":true,\"valueName\":\"search_term_string\"}}],\"inLanguage\":\"fr-FR\"},{\"@type\":\"Person\",\"@id\":\"https:\/\/institutfrancais.sk\/fr\/#\/schema\/person\/38abf1b8c029535fe5735e69e3aa8ad8\",\"name\":\"Silvia Litva Polak\",\"sameAs\":[\"http:\/\/www.institutfrancais.sk\"],\"url\":\"https:\/\/institutfrancais.sk\/fr\/author\/silvia\/\"}]}<\/script>\n<!-- \/ Yoast SEO plugin. -->","yoast_head_json":{"title":"Cours de fran\u00e7ais : session de printemps 2025 - Franc\u00fazsky in\u0161tit\u00fat na Slovensku","description":"Jarn\u00e9 kurzy franc\u00faz\u0161tiny: nov\u00e1 ponuka kurzov franc\u00faz\u0161tiny pre dospel\u00fdch, deti a seniorov prezen\u010dne alebo online.","robots":{"index":"index","follow":"follow","max-snippet":"max-snippet:-1","max-image-preview":"max-image-preview:large","max-video-preview":"max-video-preview:-1"},"canonical":"https:\/\/institutfrancais.sk\/fr\/cours-de-francais-session-de-printemps-2025\/","og_locale":"fr_FR","og_type":"article","og_title":"Cours de fran\u00e7ais : session de printemps 2025 - Franc\u00fazsky in\u0161tit\u00fat na Slovensku","og_description":"Jarn\u00e9 kurzy franc\u00faz\u0161tiny: nov\u00e1 ponuka kurzov franc\u00faz\u0161tiny pre dospel\u00fdch, deti a seniorov prezen\u010dne alebo online.","og_url":"https:\/\/institutfrancais.sk\/fr\/cours-de-francais-session-de-printemps-2025\/","og_site_name":"Franc\u00fazsky in\u0161tit\u00fat na Slovensku","article_published_time":"2025-02-18T15:26:48+00:00","article_modified_time":"2025-03-03T10:54:23+00:00","og_image":[{"width":537,"height":302,"url":"https:\/\/institutfrancais.sk\/wp-content\/uploads\/2025\/02\/Jarne-kurzy-1080-x-1080-px-Website-16-537x302.jpg","type":"image\/jpeg"}],"author":"Silvia Litva Polak","twitter_card":"summary_large_image","twitter_misc":{"\u00c9crit par":"Silvia Litva Polak","Dur\u00e9e de lecture estim\u00e9e":"4 minutes"},"schema":{"@context":"https:\/\/schema.org","@graph":[{"@type":"WebPage","@id":"https:\/\/institutfrancais.sk\/fr\/cours-de-francais-session-de-printemps-2025\/","url":"https:\/\/institutfrancais.sk\/fr\/cours-de-francais-session-de-printemps-2025\/","name":"Cours de fran\u00e7ais : session de printemps 2025 - Franc\u00fazsky in\u0161tit\u00fat na Slovensku","isPartOf":{"@id":"https:\/\/institutfrancais.sk\/fr\/#website"},"primaryImageOfPage":{"@id":"https:\/\/institutfrancais.sk\/fr\/cours-de-francais-session-de-printemps-2025\/#primaryimage"},"image":{"@id":"https:\/\/institutfrancais.sk\/fr\/cours-de-francais-session-de-printemps-2025\/#primaryimage"},"thumbnailUrl":"https:\/\/institutfrancais.sk\/wp-content\/uploads\/2025\/02\/Jarne-kurzy-1080-x-1080-px-Website-16.jpg","datePublished":"2025-02-18T15:26:48+00:00","dateModified":"2025-03-03T10:54:23+00:00","author":{"@id":"https:\/\/institutfrancais.sk\/fr\/#\/schema\/person\/38abf1b8c029535fe5735e69e3aa8ad8"},"description":"Jarn\u00e9 kurzy franc\u00faz\u0161tiny: nov\u00e1 ponuka kurzov franc\u00faz\u0161tiny pre dospel\u00fdch, deti a seniorov prezen\u010dne alebo online.","breadcrumb":{"@id":"https:\/\/institutfrancais.sk\/fr\/cours-de-francais-session-de-printemps-2025\/#breadcrumb"},"inLanguage":"fr-FR","potentialAction":[{"@type":"ReadAction","target":["https:\/\/institutfrancais.sk\/fr\/cours-de-francais-session-de-printemps-2025\/"]}]},{"@type":"ImageObject","inLanguage":"fr-FR","@id":"https:\/\/institutfrancais.sk\/fr\/cours-de-francais-session-de-printemps-2025\/#primaryimage","url":"https:\/\/institutfrancais.sk\/wp-content\/uploads\/2025\/02\/Jarne-kurzy-1080-x-1080-px-Website-16.jpg","contentUrl":"https:\/\/institutfrancais.sk\/wp-content\/uploads\/2025\/02\/Jarne-kurzy-1080-x-1080-px-Website-16.jpg","width":2561,"height":1440,"caption":"Cours du fran\u00e7ais"},{"@type":"BreadcrumbList","@id":"https:\/\/institutfrancais.sk\/fr\/cours-de-francais-session-de-printemps-2025\/#breadcrumb","itemListElement":[{"@type":"ListItem","position":1,"name":"Home","item":"https:\/\/institutfrancais.sk\/fr\/"},{"@type":"ListItem","position":2,"name":"Cours de fran\u00e7ais : session de printemps 2025"}]},{"@type":"WebSite","@id":"https:\/\/institutfrancais.sk\/fr\/#website","url":"https:\/\/institutfrancais.sk\/fr\/","name":"Franc\u00fazsky in\u0161tit\u00fat na Slovensku","description":"Franc\u00fazsky in\u0161tit\u00fat na Slovensku","potentialAction":[{"@type":"SearchAction","target":{"@type":"EntryPoint","urlTemplate":"https:\/\/institutfrancais.sk\/fr\/?s={search_term_string}"},"query-input":{"@type":"PropertyValueSpecification","valueRequired":true,"valueName":"search_term_string"}}],"inLanguage":"fr-FR"},{"@type":"Person","@id":"https:\/\/institutfrancais.sk\/fr\/#\/schema\/person\/38abf1b8c029535fe5735e69e3aa8ad8","name":"Silvia Litva Polak","sameAs":["http:\/\/www.institutfrancais.sk"],"url":"https:\/\/institutfrancais.sk\/fr\/author\/silvia\/"}]}},"_links":{"self":[{"href":"https:\/\/institutfrancais.sk\/fr\/wp-json\/wp\/v2\/posts\/30795"}],"collection":[{"href":"https:\/\/institutfrancais.sk\/fr\/wp-json\/wp\/v2\/posts"}],"about":[{"href":"https:\/\/institutfrancais.sk\/fr\/wp-json\/wp\/v2\/types\/post"}],"author":[{"embeddable":true,"href":"https:\/\/institutfrancais.sk\/fr\/wp-json\/wp\/v2\/users\/14"}],"replies":[{"embeddable":true,"href":"https:\/\/institutfrancais.sk\/fr\/wp-json\/wp\/v2\/comments?post=30795"}],"version-history":[{"count":7,"href":"https:\/\/institutfrancais.sk\/fr\/wp-json\/wp\/v2\/posts\/30795\/revisions"}],"predecessor-version":[{"id":35542,"href":"https:\/\/institutfrancais.sk\/fr\/wp-json\/wp\/v2\/posts\/30795\/revisions\/35542"}],"wp:featuredmedia":[{"embeddable":true,"href":"https:\/\/institutfrancais.sk\/fr\/wp-json\/wp\/v2\/media\/35098"}],"wp:attachment":[{"href":"https:\/\/institutfrancais.sk\/fr\/wp-json\/wp\/v2\/media?parent=30795"}],"wp:term":[{"taxonomy":"category","embeddable":true,"href":"https:\/\/institutfrancais.sk\/fr\/wp-json\/wp\/v2\/categories?post=30795"},{"taxonomy":"post_tag","embeddable":true,"href":"https:\/\/institutfrancais.sk\/fr\/wp-json\/wp\/v2\/tags?post=30795"}],"curies":[{"name":"wp","href":"https:\/\/api.w.org\/{rel}","templated":true}]}}