{"id":32889,"date":"2024-08-23T14:07:09","date_gmt":"2024-08-23T12:07:09","guid":{"rendered":"https:\/\/institutfrancais.sk\/?p=32889"},"modified":"2024-08-26T11:26:01","modified_gmt":"2024-08-26T09:26:01","slug":"cours-de-francais-session-dautomne-2024","status":"publish","type":"post","link":"https:\/\/institutfrancais.sk\/fr\/cours-de-francais-session-dautomne-2024\/","title":{"rendered":"Cours de fran\u00e7ais : session d&rsquo;automne 2024"},"content":{"rendered":"\n<h1 class=\"wp-block-heading\">Rejoignez les francophones qui r\u00e9ussissent !<\/h1>\n\n\n\n<p><br>\ud83c\udf1f Un francophone est une personne qui parle le fran\u00e7ais, que ce soit sa langue maternelle ou qu&rsquo;elle l&rsquo;ait appris comme langue \u00e9trang\u00e8re. Les francophones forment une communaut\u00e9 diversifi\u00e9e et globale qui compte plus de 300 millions de personnes dans le monde. \u00catre francophone, c&rsquo;est avoir acc\u00e8s au riche patrimoine culturel, \u00e0 la litt\u00e9rature, au cin\u00e9ma, \u00e0 la musique et \u00e0 l&rsquo;art que le fran\u00e7ais apporte. De plus, la francophonie, c&rsquo;est aussi \u00eatre reli\u00e9 \u00e0 la communaut\u00e9 internationale, active dans les domaines de la diplomatie, du commerce international et de la recherche scientifique.<\/p>\n\n\n\n<p>En choisissant de faire partie de cette communaut\u00e9, vous ouvrez la porte \u00e0 de nouvelles opportunit\u00e9s et exp\u00e9riences qui peuvent enrichir votre vie personnelle et professionnelle.<\/p>\n\n\n\n<h3 class=\"wp-block-heading\">Trimestre d&rsquo;automne du 27 septembre jusqu&rsquo;\u00e0 d\u00e9cembre 2024<\/h3>\n\n\n\n<figure class=\"wp-block-table is-style-regular\"><table><tbody><tr><td><strong> <strong>Inscription en ligne<\/strong> <\/strong><\/td><td><strong> <strong> <strong>Inscription en pr\u00e9sentiel<\/strong><\/strong> <\/strong><\/td><\/tr><tr><td>\u00e0 partir du 24 ao\u00fbt 2024 <\/td><td>11 \u2013&nbsp;18&nbsp;septembre 2024 de&nbsp;14:00 \u00e0&nbsp;18:00 <\/td><\/tr><\/tbody><\/table><\/figure>\n\n\n\n<p class=\"has-luminous-vivid-amber-background-color has-background\"><strong>R\u00e9servez votre place d\u00e8s maintenant ! En fonction de votre pr\u00e9-inscription, nous vous contacterons pour une \u00e9valuation initiale afin que nous puissions travailler ensemble \u00e0 la s\u00e9lection d&rsquo;un cours adapt\u00e9 \u00e0 vos besoins.<\/strong><\/p>\n\n\n\n<p>Vous pouvez vous inscrire au cours de votre choix pendant la p\u00e9riode d&rsquo;inscriptions (voir les dates ci-dessus) :<\/p>\n\n\n\n<ul>\n<li><strong>Via le formulaire d&rsquo;inscription en ligne<\/strong> qui se trouve dans chaque descriptif de cours<\/li>\n\n\n\n<li><strong>En pr\u00e9sentiel \u00e0 l&rsquo;Institut fran\u00e7ais<\/strong> au sein du Service des Cours (Sedl\u00e1rska 7, Bratislava) pendant la session d&rsquo;inscriptions en pr\u00e9sentiel <\/li>\n<\/ul>\n\n\n<\/div><div class=\"more-info\" style=\"background-image:url(https:\/\/institutfrancais.sk\/wp-content\/uploads\/2024\/08\/WEB-PARIS-3.jpg)\"><div class=\"wrap\"><h2>Planning et inscription<\/h2><div class=\"container container-3-items\"> <div class=\"row\"><div class=\"item col-sm-4\"><a href=\"https:\/\/institutfrancais.sk\/fr\/typ-kurzov\/enfants-ados\/\"><span>Enfants et ados<\/span><\/a><\/div><div class=\"item col-sm-4\"><a href=\"https:\/\/institutfrancais.sk\/fr\/typ-kurzov\/adultes\/\"><span>Adultes<\/span><\/a><\/div><div class=\"item col-sm-4\"><a href=\"https:\/\/institutfrancais.sk\/fr\/kurz\/francais-pour-seniors\/\"><span>Seniors<\/span><\/a><\/div><\/div><\/div><\/div><\/div><div class=\"wrap narrow-wrap\">\n\n\n<p class=\"has-pale-pink-background-color has-background\"><strong>Jetez un coup d&rsquo;\u0153il \u00e0 nos cours et n&rsquo;oubliez pas de vous inscrire pour une le\u00e7on de d\u00e9monstration.<\/strong><\/p>\n\n\n<div class=\"text-center\"><a href=\"https:\/\/institutfrancais.sk\/fr\/podujatie\/cours-de-demonstration-debutants\/\" class=\"btn\">COURS DE D\u00c9MONSTRATION<\/a><\/div>\n\n<div class=\"space md\"><\/div>\n\n\n<h2 class=\"wp-block-heading\">\ud83d\ude80 Nos atouts :<\/h2>\n\n\n\n<p>Des cours de haute qualit\u00e9 : Groupes \u00e0 taille humaine, formateurs de qualit\u00e9, apprentissage interactif.<br>R\u00e9seau mondial : Connectez-vous avec une communaut\u00e9 francophone mondiale.<br>Des \u00e9v\u00e9nements exclusifs : Renforcez vos comp\u00e9tences linguistiques lors d&rsquo;ateliers, de conf\u00e9rences, de soir\u00e9es cin\u00e9ma, d&rsquo;activit\u00e9s r\u00e9guli\u00e8res dans les m\u00e9dias et les galeries d&rsquo;art.<\/p>\n\n\n\n<p><\/p>\n\n\n\n<h2 class=\"wp-block-heading\">IF Pass<\/h2>\n\n\n\n<p>Tous les \u00e9tudiants de l\u2019Institut fran\u00e7ais re\u00e7oivent une carte de membre, <strong><a href=\"https:\/\/institutfrancais.sk\/fr\/if-pass\/\">l\u2019IF Pass<\/a><\/strong>, qui est annuelle et vous offre de nombreux avantages: un acc\u00e8s illimit\u00e9 \u00e0 la m\u00e9diath\u00e8que et la biblioth\u00e8que num\u00e9rique Cultureth\u00e8que, ainsi que des r\u00e9ductions chez nos partenaires.<\/p>\n\n\n<div class=\"space sm\"><\/div>\n\n\n<h2 class=\"wp-block-heading\">Test de positionnement<\/h2>\n\n\n\n<p>Vous devez passer le test de positionnement pendant la p\u00e9riode d\u2019inscription, si vous avez d\u00e9j\u00e0 une certaine connaissance de la langue fran\u00e7aise. Si vous avez d\u00e9j\u00e0 suivi nos cours de fran\u00e7ais par le pass\u00e9 et apr\u00e8s une longue pause vous souhaitez reprendre l\u2019apprentissage du fran\u00e7ais, le test nous aidera \u00e0 d\u00e9terminer votre niveau actuel. Si vous \u00eates un d\u00e9butant complet, les tests ne sont pas n\u00e9cessaires. Par le biais du test de positionnement, nous \u00e9valuerons vos comp\u00e9tences linguistiques en fran\u00e7ais : <strong>l\u2019expression \u00e9crite et orale<\/strong>, <strong>la<\/strong> <strong>compr\u00e9hension \u00e9crite et orale<\/strong>. Nous d\u00e9terminerons votre niveau de langue actuel afin de pouvoir vous placer dans des groupes homog\u00e8nes et vous conseiller ainsi un cours adapt\u00e9 \u00e0 votre niveau. <\/p>\n\n\n\n<p class=\"has-vivid-cyan-blue-color has-text-color\"><em><strong>V<\/strong><\/em><strong><em>ous pouvez passer le test de positionnement dans les locaux de l&rsquo;Institut fran\u00e7ais lors des inscriptions en pr\u00e9sentiel ou via un test en ligne.<\/em><\/strong><\/p>\n\n\n\n<h2 class=\"wp-block-heading\">Depuis plus de 30 ans nous vous apportons la langue et la culture fran\u00e7aise. Rejoignez-nous dans cette aventure ! <\/h2>\n\n\n<div class=\"space xs\"><\/div>\n\n<div class=\"benefits row text-center\"><div class=\"col-6 col-sm-3\"><img decoding=\"async\" src=\"https:\/\/institutfrancais.sk\/wp-content\/uploads\/2020\/01\/student_1.png\"><div class=\"line-after-title\"><\/div><spa class=\"benefits-description\">Enseignants qualifi\u00e9s<\/span><\/div><div class=\"col-6 col-sm-3\"><img decoding=\"async\" src=\"https:\/\/institutfrancais.sk\/wp-content\/uploads\/2020\/01\/dp-b-4.png\"><div class=\"line-after-title\"><\/div><spa class=\"benefits-description\">Label qualit\u00e9<\/span><\/div><div class=\"col-6 col-sm-3\"><img decoding=\"async\" src=\"https:\/\/institutfrancais.sk\/wp-content\/uploads\/2020\/01\/dp-b-2.png\"><div class=\"line-after-title\"><\/div><spa class=\"benefits-description\">Pr\u00e9paration aux examens DELF DALF<\/span><\/div><div class=\"col-6 col-sm-3\"><img decoding=\"async\" src=\"https:\/\/institutfrancais.sk\/wp-content\/uploads\/2019\/12\/au1.png\"><div class=\"line-after-title\"><\/div><spa class=\"benefits-description\">Biblioth\u00e8que num\u00e9rique gratuite<\/span><\/div><\/div>\n\n\n<h2 class=\"wp-block-heading\">Vous avez des questions ? Nous serons heureux de vous aider ! <\/h2>\n\n\n<div class=\"space xs\"><\/div>\n\n\n<p><strong><a href=\"mailto:cours@institutfrancais.sk\">cours@institutfrancais.sk<\/a><\/strong> \/ 02&nbsp;59&nbsp;34&nbsp;77&nbsp;62<\/p>\n\n\n<\/div><div class=\"articles articles-events\"><div class=\"gray-bg\"><div class=\"lines-bg lines-bg-boldright-c\"><div class=\"wrap\"><div class=\"white-boxes\"><h2>Cela pourrait <span class=\"orange\">\/vous int\u00e9resser<\/span><\/h2><div class=\"row posts-list\"><a class=\"articles-redirection\" href=\"https:\/\/institutfrancais.sk\/fr\/fr\/informacie\/\"><svg xmlns=\"http:\/\/www.w3.org\/2000\/svg\" viewBox=\"0 0 320 512\" width=\"20\"><path fill=\"#000\" d=\"M285.476 272.971L91.132 467.314c-9.373 9.373-24.569 9.373-33.941 0l-22.667-22.667c-9.357-9.357-9.375-24.522-.04-33.901L188.505 256 34.484 101.255c-9.335-9.379-9.317-24.544.04-33.901l22.667-22.667c9.373-9.373 24.569-9.373 33.941 0L285.475 239.03c9.373 9.372 9.373 24.568.001 33.941z\"><\/path><\/svg> <\/a><div class=\"col-lg-4 col-md-6 col-sm-6\">\n<section>\n<div class=\"post\">\n<div class=\"post-container\">\n<a href=\"https:\/\/institutfrancais.sk\/fr\/spievam-po-francuzsky-2026-2\/\"><div class=\"post-img\">\n<img decoding=\"async\" src=\"https:\/\/institutfrancais.sk\/wp-content\/uploads\/2025\/11\/SPF-2026-J1-537x235.png\" alt=\"Spievam po\u00a0franc\u00fazsky 2026 &#8211;&nbsp;le concours de la chanson francophone\" class=\"post-thumbnail\" width=\"100%\">\n<\/div><\/a>\n<div class=\"card-content\">\n<div class=\"post-meta\">\n<a href=\"https:\/\/institutfrancais.sk\/fr\/category\/non-classifiee\/\">Musique<\/a> \/<\/div>\n<a href=\"https:\/\/institutfrancais.sk\/fr\/spievam-po-francuzsky-2026-2\/\">\n<h1>Spievam po\u00a0franc\u00fazsky 2026 &#8211;&nbsp;le concours de la chanson francophone<\/h1>\n<\/a>\n<div class=\"line-after-title\"><\/div>\n<article>\n<p>Le concours de la chanson francophone&nbsp;&nbsp;Je chante en fran\u00e7ais &nbsp;est de retour en 2026 ! Vous \u00eates amateurs de chansons francophones ? Votre langue maternelle n&rsquo;est pas le fran\u00e7ais ? Vous r\u00e9sidez en Slovaquie ? Vous \u00eates \u00e0 la bonne adresse ! Inscrivez-vous jusqu\u2019au 15 mars 2026 ! Comment faire&#8230;<\/p>\n<\/article>\n<\/div>\n<\/div>\n<\/div>\n<\/section>\n<\/div>\n<div class=\"col-lg-4 col-md-6 col-sm-6\">\n<section>\n<div class=\"post\">\n<div class=\"post-container\">\n<a href=\"https:\/\/institutfrancais.sk\/fr\/apprendre-le-francais-avec-les-series-tele-cest-efficace\/\"><div class=\"post-img\">\n<img decoding=\"async\" src=\"https:\/\/institutfrancais.sk\/wp-content\/uploads\/2022\/06\/untitled_1-1024x595.png\" alt=\"Apprendre le fran\u00e7ais avec les s\u00e9ries t\u00e9l\u00e9, c&rsquo;est efficace !\" class=\"post-thumbnail\" width=\"100%\">\n<\/div><\/a>\n<div class=\"card-content\">\n<div class=\"post-meta\">\n<a href=\"https:\/\/institutfrancais.sk\/fr\/category\/langue-francaise\/\">Langue fran\u00e7aise<\/a> \/<\/div>\n<a href=\"https:\/\/institutfrancais.sk\/fr\/apprendre-le-francais-avec-les-series-tele-cest-efficace\/\">\n<h1>Apprendre le fran\u00e7ais avec les s\u00e9ries t\u00e9l\u00e9, c&rsquo;est efficace !<\/h1>\n<\/a>\n<div class=\"line-after-title\"><\/div>\n<article>\n<p>Pourquoi les s\u00e9ries ? Le premier avantage des s\u00e9ries c\u2019est qu\u2019elles font souvent appel \u00e0 un fran\u00e7ais \u00ab\u00a0de la vraie vie\u00a0\u00bb, le fran\u00e7ais que vous entendrez dans les rues. En regardant une s\u00e9rie qui se passe de nos jours, vous allez &#8230;&nbsp;: am\u00e9liorer votre vocabulaire de la vie quotidienne, apprendre&#8230;<\/p>\n<\/article>\n<\/div>\n<\/div>\n<\/div>\n<\/section>\n<\/div>\n<div class=\"col-lg-4 col-md-6 col-sm-6\">\n<section>\n<div class=\"post\">\n<div class=\"post-container\">\n<a href=\"https:\/\/institutfrancais.sk\/fr\/apprendre-une-langue-etrangere-le-plus-tot-sera-le-mieux\/\"><div class=\"post-img\">\n<img decoding=\"async\" src=\"https:\/\/institutfrancais.sk\/wp-content\/uploads\/2022\/04\/pexels-pixabay-261895-1024x678.jpg\" alt=\"Apprendre une langue \u00e9trang\u00e8re : le plus t\u00f4t sera le mieux !\" class=\"post-thumbnail\" width=\"100%\">\n<\/div><\/a>\n<div class=\"card-content\">\n<div class=\"post-meta\">\n<a href=\"https:\/\/institutfrancais.sk\/fr\/category\/education\/\">Education<\/a> \/<\/div>\n<a href=\"https:\/\/institutfrancais.sk\/fr\/apprendre-une-langue-etrangere-le-plus-tot-sera-le-mieux\/\">\n<h1>Apprendre une langue \u00e9trang\u00e8re : le plus t\u00f4t sera le mieux !<\/h1>\n<\/a>\n<div class=\"line-after-title\"><\/div>\n<article>\n<p>\u00ab Il vaut mieux bien apprendre la langue maternelle avant de commencer l\u2019apprentissage d\u2019une autre langue. \u00bb \u00ab Le bilinguisme cr\u00e9e de la confusion. \u00bb \u00ab Les enfants bilingues ont plus de mal \u00e0 l\u2019\u00e9cole dans l\u2019apprentissage. \u00bb Voil\u00e0 quelques-unes des id\u00e9es re\u00e7ues qui ont longtemps persist\u00e9 au sujet du&#8230;<\/p>\n<\/article>\n<\/div>\n<\/div>\n<\/div>\n<\/section>\n<\/div>\n<div class=\"col-lg-4 col-md-6 col-sm-6\">\n<section>\n<div class=\"post\">\n<div class=\"post-container\">\n<a href=\"https:\/\/institutfrancais.sk\/fr\/excellence-de-la-patisserie-francaise\/\"><div class=\"post-img\">\n<img decoding=\"async\" src=\"https:\/\/institutfrancais.sk\/wp-content\/uploads\/2022\/04\/pexels-jill-wellington-3776939-1024x683.jpg\" alt=\"L&rsquo;excellence de la p\u00e2tisserie fran\u00e7aise\" class=\"post-thumbnail\" width=\"100%\">\n<\/div><\/a>\n<div class=\"card-content\">\n<div class=\"post-meta\">\n<a href=\"https:\/\/institutfrancais.sk\/fr\/category\/gastronomie\/\">Gastronomie<\/a> \/<\/div>\n<a href=\"https:\/\/institutfrancais.sk\/fr\/excellence-de-la-patisserie-francaise\/\">\n<h1>L&rsquo;excellence de la p\u00e2tisserie fran\u00e7aise<\/h1>\n<\/a>\n<div class=\"line-after-title\"><\/div>\n<article>\n<p>Bien connue pour son \u00e9quilibre entre les saveurs, textures et couleurs, la p\u00e2tisserie fran\u00e7aise s\u2019exporte facilement mais reste inimitable et in\u00e9galable. Aujourd\u2019hui, les p\u00e2tissiers fran\u00e7ais, reconnus comme les plus cr\u00e9atifs au monde, redoublent d\u2019ing\u00e9niosit\u00e9 pour faire \u00e9voluer la p\u00e2tisserie et continuer \u00e0 se placer comme r\u00e9f\u00e9rence dans le domaine. Les&#8230;<\/p>\n<\/article>\n<\/div>\n<\/div>\n<\/div>\n<\/section>\n<\/div>\n<\/div><\/div><div class=\"btn-articles-redirection\"><a class=\"btn btn-black\" href=\"https:\/\/institutfrancais.sk\/fr\/informacie\/\">Plus d&rsquo;infos<\/a><\/div><\/div><\/div><\/div><\/div><div class=\"wrap narrow-wrap\">\n\n<\/div><iframe loading=\"lazy\" src=\"https:\/\/www.google.com\/maps\/embed?pb=!1m18!1m12!1m3!1d2662.2735746915087!2d17.10532635165492!3d48.14353077912193!2m3!1f0!2f0!3f0!3m2!1i1024!2i768!4f13.1!3m3!1m2!1s0x476c8942d3867d0f%3A0xf92cfa7be90ee73!2zRnJhbmPDunpza3kgaW7FoXRpdMO6dA!5e0!3m2!1ssk!2ssk!4v1575902399794!5m2!1ssk!2ssk\" width=\"100%\" height=\"558\" frameborder=\"0\" class=\"gmap-iframe\" allowfullscreen=\"\"><\/iframe><div class=\"wrap narrow-wrap\">","protected":false},"excerpt":{"rendered":"<p>Rejoignez les francophones qui r\u00e9ussissent ! \ud83c\udf1f Un francophone est une personne qui parle le fran\u00e7ais, que ce soit sa langue maternelle ou qu&rsquo;elle l&rsquo;ait appris comme langue \u00e9trang\u00e8re. Les francophones forment une communaut\u00e9 diversifi\u00e9e et globale qui compte plus de 300 millions de personnes dans le monde. \u00catre francophone, c&rsquo;est avoir acc\u00e8s au riche [&hellip;]<\/p>\n","protected":false},"author":14,"featured_media":33019,"comment_status":"closed","ping_status":"closed","sticky":false,"template":"","format":"standard","meta":{"_acf_changed":false,"footnotes":""},"categories":[128,167,205,85],"tags":[],"acf":[],"yoast_head":"<!-- This site is optimized with the Yoast SEO plugin v24.5 - https:\/\/yoast.com\/wordpress\/plugins\/seo\/ -->\n<title>Cours de fran\u00e7ais : session d&#039;automne 2024 - Franc\u00fazsky in\u0161tit\u00fat na Slovensku<\/title>\n<meta name=\"description\" content=\"Cours de fran\u00e7ais d&#039;automne : nouvelle offre de cours de fran\u00e7ais pour adultes, enfants et seniors en pr\u00e9sentiel ou en ligne !\" \/>\n<meta name=\"robots\" content=\"index, follow, max-snippet:-1, max-image-preview:large, max-video-preview:-1\" \/>\n<link rel=\"canonical\" href=\"https:\/\/institutfrancais.sk\/fr\/cours-de-francais-session-dautomne-2024\/\" \/>\n<meta property=\"og:locale\" content=\"fr_FR\" \/>\n<meta property=\"og:type\" content=\"article\" \/>\n<meta property=\"og:title\" content=\"Cours de fran\u00e7ais : session d&#039;automne 2024 - Franc\u00fazsky in\u0161tit\u00fat na Slovensku\" \/>\n<meta property=\"og:description\" content=\"Cours de fran\u00e7ais d&#039;automne : nouvelle offre de cours de fran\u00e7ais pour adultes, enfants et seniors en pr\u00e9sentiel ou en ligne !\" \/>\n<meta property=\"og:url\" content=\"https:\/\/institutfrancais.sk\/fr\/cours-de-francais-session-dautomne-2024\/\" \/>\n<meta property=\"og:site_name\" content=\"Franc\u00fazsky in\u0161tit\u00fat na Slovensku\" \/>\n<meta property=\"article:published_time\" content=\"2024-08-23T12:07:09+00:00\" \/>\n<meta property=\"article:modified_time\" content=\"2024-08-26T09:26:01+00:00\" \/>\n<meta property=\"og:image\" content=\"https:\/\/institutfrancais.sk\/wp-content\/uploads\/2024\/08\/Webstranka1-2-scaled.jpg\" \/>\n\t<meta property=\"og:image:width\" content=\"2560\" \/>\n\t<meta property=\"og:image:height\" content=\"947\" \/>\n\t<meta property=\"og:image:type\" content=\"image\/jpeg\" \/>\n<meta name=\"author\" content=\"Silvia Litva Polak\" \/>\n<meta name=\"twitter:card\" content=\"summary_large_image\" \/>\n<meta name=\"twitter:label1\" content=\"\u00c9crit par\" \/>\n\t<meta name=\"twitter:data1\" content=\"Silvia Litva Polak\" \/>\n\t<meta name=\"twitter:label2\" content=\"Dur\u00e9e de lecture estim\u00e9e\" \/>\n\t<meta name=\"twitter:data2\" content=\"4 minutes\" \/>\n<script type=\"application\/ld+json\" class=\"yoast-schema-graph\">{\"@context\":\"https:\/\/schema.org\",\"@graph\":[{\"@type\":\"WebPage\",\"@id\":\"https:\/\/institutfrancais.sk\/fr\/cours-de-francais-session-dautomne-2024\/\",\"url\":\"https:\/\/institutfrancais.sk\/fr\/cours-de-francais-session-dautomne-2024\/\",\"name\":\"Cours de fran\u00e7ais : session d'automne 2024 - Franc\u00fazsky in\u0161tit\u00fat na Slovensku\",\"isPartOf\":{\"@id\":\"https:\/\/institutfrancais.sk\/fr\/#website\"},\"primaryImageOfPage\":{\"@id\":\"https:\/\/institutfrancais.sk\/fr\/cours-de-francais-session-dautomne-2024\/#primaryimage\"},\"image\":{\"@id\":\"https:\/\/institutfrancais.sk\/fr\/cours-de-francais-session-dautomne-2024\/#primaryimage\"},\"thumbnailUrl\":\"https:\/\/institutfrancais.sk\/wp-content\/uploads\/2024\/08\/Webstranka1-2-scaled.jpg\",\"datePublished\":\"2024-08-23T12:07:09+00:00\",\"dateModified\":\"2024-08-26T09:26:01+00:00\",\"author\":{\"@id\":\"https:\/\/institutfrancais.sk\/fr\/#\/schema\/person\/38abf1b8c029535fe5735e69e3aa8ad8\"},\"description\":\"Cours de fran\u00e7ais d'automne : nouvelle offre de cours de fran\u00e7ais pour adultes, enfants et seniors en pr\u00e9sentiel ou en ligne !\",\"breadcrumb\":{\"@id\":\"https:\/\/institutfrancais.sk\/fr\/cours-de-francais-session-dautomne-2024\/#breadcrumb\"},\"inLanguage\":\"fr-FR\",\"potentialAction\":[{\"@type\":\"ReadAction\",\"target\":[\"https:\/\/institutfrancais.sk\/fr\/cours-de-francais-session-dautomne-2024\/\"]}]},{\"@type\":\"ImageObject\",\"inLanguage\":\"fr-FR\",\"@id\":\"https:\/\/institutfrancais.sk\/fr\/cours-de-francais-session-dautomne-2024\/#primaryimage\",\"url\":\"https:\/\/institutfrancais.sk\/wp-content\/uploads\/2024\/08\/Webstranka1-2-scaled.jpg\",\"contentUrl\":\"https:\/\/institutfrancais.sk\/wp-content\/uploads\/2024\/08\/Webstranka1-2-scaled.jpg\",\"width\":2560,\"height\":947},{\"@type\":\"BreadcrumbList\",\"@id\":\"https:\/\/institutfrancais.sk\/fr\/cours-de-francais-session-dautomne-2024\/#breadcrumb\",\"itemListElement\":[{\"@type\":\"ListItem\",\"position\":1,\"name\":\"Home\",\"item\":\"https:\/\/institutfrancais.sk\/fr\/\"},{\"@type\":\"ListItem\",\"position\":2,\"name\":\"Cours de fran\u00e7ais : session d&#8217;automne 2024\"}]},{\"@type\":\"WebSite\",\"@id\":\"https:\/\/institutfrancais.sk\/fr\/#website\",\"url\":\"https:\/\/institutfrancais.sk\/fr\/\",\"name\":\"Franc\u00fazsky in\u0161tit\u00fat na Slovensku\",\"description\":\"Franc\u00fazsky in\u0161tit\u00fat na Slovensku\",\"potentialAction\":[{\"@type\":\"SearchAction\",\"target\":{\"@type\":\"EntryPoint\",\"urlTemplate\":\"https:\/\/institutfrancais.sk\/fr\/?s={search_term_string}\"},\"query-input\":{\"@type\":\"PropertyValueSpecification\",\"valueRequired\":true,\"valueName\":\"search_term_string\"}}],\"inLanguage\":\"fr-FR\"},{\"@type\":\"Person\",\"@id\":\"https:\/\/institutfrancais.sk\/fr\/#\/schema\/person\/38abf1b8c029535fe5735e69e3aa8ad8\",\"name\":\"Silvia Litva Polak\",\"sameAs\":[\"http:\/\/www.institutfrancais.sk\"],\"url\":\"https:\/\/institutfrancais.sk\/fr\/author\/silvia\/\"}]}<\/script>\n<!-- \/ Yoast SEO plugin. -->","yoast_head_json":{"title":"Cours de fran\u00e7ais : session d'automne 2024 - Franc\u00fazsky in\u0161tit\u00fat na Slovensku","description":"Cours de fran\u00e7ais d'automne : nouvelle offre de cours de fran\u00e7ais pour adultes, enfants et seniors en pr\u00e9sentiel ou en ligne !","robots":{"index":"index","follow":"follow","max-snippet":"max-snippet:-1","max-image-preview":"max-image-preview:large","max-video-preview":"max-video-preview:-1"},"canonical":"https:\/\/institutfrancais.sk\/fr\/cours-de-francais-session-dautomne-2024\/","og_locale":"fr_FR","og_type":"article","og_title":"Cours de fran\u00e7ais : session d'automne 2024 - Franc\u00fazsky in\u0161tit\u00fat na Slovensku","og_description":"Cours de fran\u00e7ais d'automne : nouvelle offre de cours de fran\u00e7ais pour adultes, enfants et seniors en pr\u00e9sentiel ou en ligne !","og_url":"https:\/\/institutfrancais.sk\/fr\/cours-de-francais-session-dautomne-2024\/","og_site_name":"Franc\u00fazsky in\u0161tit\u00fat na Slovensku","article_published_time":"2024-08-23T12:07:09+00:00","article_modified_time":"2024-08-26T09:26:01+00:00","og_image":[{"width":2560,"height":947,"url":"https:\/\/institutfrancais.sk\/wp-content\/uploads\/2024\/08\/Webstranka1-2-scaled.jpg","type":"image\/jpeg"}],"author":"Silvia Litva Polak","twitter_card":"summary_large_image","twitter_misc":{"\u00c9crit par":"Silvia Litva Polak","Dur\u00e9e de lecture estim\u00e9e":"4 minutes"},"schema":{"@context":"https:\/\/schema.org","@graph":[{"@type":"WebPage","@id":"https:\/\/institutfrancais.sk\/fr\/cours-de-francais-session-dautomne-2024\/","url":"https:\/\/institutfrancais.sk\/fr\/cours-de-francais-session-dautomne-2024\/","name":"Cours de fran\u00e7ais : session d'automne 2024 - Franc\u00fazsky in\u0161tit\u00fat na Slovensku","isPartOf":{"@id":"https:\/\/institutfrancais.sk\/fr\/#website"},"primaryImageOfPage":{"@id":"https:\/\/institutfrancais.sk\/fr\/cours-de-francais-session-dautomne-2024\/#primaryimage"},"image":{"@id":"https:\/\/institutfrancais.sk\/fr\/cours-de-francais-session-dautomne-2024\/#primaryimage"},"thumbnailUrl":"https:\/\/institutfrancais.sk\/wp-content\/uploads\/2024\/08\/Webstranka1-2-scaled.jpg","datePublished":"2024-08-23T12:07:09+00:00","dateModified":"2024-08-26T09:26:01+00:00","author":{"@id":"https:\/\/institutfrancais.sk\/fr\/#\/schema\/person\/38abf1b8c029535fe5735e69e3aa8ad8"},"description":"Cours de fran\u00e7ais d'automne : nouvelle offre de cours de fran\u00e7ais pour adultes, enfants et seniors en pr\u00e9sentiel ou en ligne !","breadcrumb":{"@id":"https:\/\/institutfrancais.sk\/fr\/cours-de-francais-session-dautomne-2024\/#breadcrumb"},"inLanguage":"fr-FR","potentialAction":[{"@type":"ReadAction","target":["https:\/\/institutfrancais.sk\/fr\/cours-de-francais-session-dautomne-2024\/"]}]},{"@type":"ImageObject","inLanguage":"fr-FR","@id":"https:\/\/institutfrancais.sk\/fr\/cours-de-francais-session-dautomne-2024\/#primaryimage","url":"https:\/\/institutfrancais.sk\/wp-content\/uploads\/2024\/08\/Webstranka1-2-scaled.jpg","contentUrl":"https:\/\/institutfrancais.sk\/wp-content\/uploads\/2024\/08\/Webstranka1-2-scaled.jpg","width":2560,"height":947},{"@type":"BreadcrumbList","@id":"https:\/\/institutfrancais.sk\/fr\/cours-de-francais-session-dautomne-2024\/#breadcrumb","itemListElement":[{"@type":"ListItem","position":1,"name":"Home","item":"https:\/\/institutfrancais.sk\/fr\/"},{"@type":"ListItem","position":2,"name":"Cours de fran\u00e7ais : session d&#8217;automne 2024"}]},{"@type":"WebSite","@id":"https:\/\/institutfrancais.sk\/fr\/#website","url":"https:\/\/institutfrancais.sk\/fr\/","name":"Franc\u00fazsky in\u0161tit\u00fat na Slovensku","description":"Franc\u00fazsky in\u0161tit\u00fat na Slovensku","potentialAction":[{"@type":"SearchAction","target":{"@type":"EntryPoint","urlTemplate":"https:\/\/institutfrancais.sk\/fr\/?s={search_term_string}"},"query-input":{"@type":"PropertyValueSpecification","valueRequired":true,"valueName":"search_term_string"}}],"inLanguage":"fr-FR"},{"@type":"Person","@id":"https:\/\/institutfrancais.sk\/fr\/#\/schema\/person\/38abf1b8c029535fe5735e69e3aa8ad8","name":"Silvia Litva Polak","sameAs":["http:\/\/www.institutfrancais.sk"],"url":"https:\/\/institutfrancais.sk\/fr\/author\/silvia\/"}]}},"_links":{"self":[{"href":"https:\/\/institutfrancais.sk\/fr\/wp-json\/wp\/v2\/posts\/32889"}],"collection":[{"href":"https:\/\/institutfrancais.sk\/fr\/wp-json\/wp\/v2\/posts"}],"about":[{"href":"https:\/\/institutfrancais.sk\/fr\/wp-json\/wp\/v2\/types\/post"}],"author":[{"embeddable":true,"href":"https:\/\/institutfrancais.sk\/fr\/wp-json\/wp\/v2\/users\/14"}],"replies":[{"embeddable":true,"href":"https:\/\/institutfrancais.sk\/fr\/wp-json\/wp\/v2\/comments?post=32889"}],"version-history":[{"count":10,"href":"https:\/\/institutfrancais.sk\/fr\/wp-json\/wp\/v2\/posts\/32889\/revisions"}],"predecessor-version":[{"id":33016,"href":"https:\/\/institutfrancais.sk\/fr\/wp-json\/wp\/v2\/posts\/32889\/revisions\/33016"}],"wp:featuredmedia":[{"embeddable":true,"href":"https:\/\/institutfrancais.sk\/fr\/wp-json\/wp\/v2\/media\/33019"}],"wp:attachment":[{"href":"https:\/\/institutfrancais.sk\/fr\/wp-json\/wp\/v2\/media?parent=32889"}],"wp:term":[{"taxonomy":"category","embeddable":true,"href":"https:\/\/institutfrancais.sk\/fr\/wp-json\/wp\/v2\/categories?post=32889"},{"taxonomy":"post_tag","embeddable":true,"href":"https:\/\/institutfrancais.sk\/fr\/wp-json\/wp\/v2\/tags?post=32889"}],"curies":[{"name":"wp","href":"https:\/\/api.w.org\/{rel}","templated":true}]}}