{"id":33520,"date":"2025-11-02T18:32:28","date_gmt":"2025-11-02T17:32:28","guid":{"rendered":"https:\/\/institutfrancais.sk\/podujatie\/spievam-po-francuzsky-2025-zapisy-su-otvorene\/"},"modified":"2026-02-27T12:12:32","modified_gmt":"2026-02-27T11:12:32","slug":"spievam-po-francuzsky-2026-2","status":"publish","type":"post","link":"https:\/\/institutfrancais.sk\/fr\/spievam-po-francuzsky-2026-2\/","title":{"rendered":"Spievam po\u00a0franc\u00fazsky 2026 &#8211;&nbsp;le concours de la chanson francophone"},"content":{"rendered":"\n<p><font dir=\"auto\" style=\"vertical-align: inherit;\"><font dir=\"auto\" style=\"vertical-align: inherit;\">Le concours de la chanson francophone&nbsp;&nbsp;<\/font><\/font><strong><font dir=\"auto\" style=\"vertical-align: inherit;\"><font dir=\"auto\" style=\"vertical-align: inherit;\">Je chante en fran\u00e7ais<\/font><\/font><\/strong><font dir=\"auto\" style=\"vertical-align: inherit;\"><font dir=\"auto\" style=\"vertical-align: inherit;\"> &nbsp;est de retour en 2026 ! Vous \u00eates amateurs de chansons francophones ? Votre langue maternelle n&rsquo;est pas le fran\u00e7ais ? Vous r\u00e9sidez en Slovaquie ? Vous \u00eates \u00e0 la bonne adresse !<\/font><\/font><\/p>\n\n\n\n<p><\/p>\n\n\n\n<h2 class=\"wp-block-heading\">Inscrivez-vous jusqu\u2019au 15 mars 2026 ! Comment faire ?<\/h2>\n\n\n\n<ul>\n<li>Avant de proc\u00e9der \u00e0 l\u2019inscription, veuillez prendre connaissance du\u00a0<strong><a href=\"https:\/\/eu.jotform.com\/form\/233112093492046\" target=\"_blank\" rel=\"noreferrer noopener sponsored nofollow\">r\u00e8glement du concours<\/a><\/strong><\/li>\n\n\n\n<li>Inscrivez-vous via le<strong>\u00a0<a href=\"https:\/\/form.jotform.com\/233112093492046\" target=\"_blank\" rel=\"noreferrer noopener sponsored nofollow\">formulaire d\u2019inscription<\/a><\/strong><\/li>\n\n\n\n<li><font dir=\"auto\" style=\"vertical-align: inherit;\"><font dir=\"auto\" style=\"vertical-align: inherit;\">Veuillez prendre connaissance du <\/font><\/font><strong><a href=\"https:\/\/www.youtube.com\/playlist?list=PLVBPlkSNsOIdT83P5Z3_ACfF9XngTihVW\" target=\"_blank\" rel=\"noreferrer noopener sponsored nofollow\"><font dir=\"auto\" style=\"vertical-align: inherit;\"><font dir=\"auto\" style=\"vertical-align: inherit;\">catalogue des chansons<\/font><\/font><\/a><\/strong><font dir=\"auto\" style=\"vertical-align: inherit;\"><font dir=\"auto\" style=\"vertical-align: inherit;\">, qui est \u00e0 titre indicatif. Vous pouvez donc choisir une chanson hors catalogue.<\/font><\/font><\/li>\n<\/ul>\n\n\n\n<h2 class=\"wp-block-heading\"><font dir=\"auto\" style=\"vertical-align: inherit;\"><font dir=\"auto\" style=\"vertical-align: inherit;\">Dates importantes<\/font><\/font><\/h2>\n\n\n\n<figure class=\"wp-block-table\"><table><tbody><tr><td>Demi-finales<\/td><td><strong>25&nbsp;mars 2026&nbsp;<\/strong>(Ko\u0161ice)<br><strong>31&nbsp;mars 2026&nbsp;<\/strong>(Bratislava)<strong><br>24 avril 2026&nbsp;<\/strong>(Bansk\u00e1 Bystrica)<\/td><\/tr><tr><td>Finale<\/td><td><\/td><\/tr><tr><td>Finale (inter)nationale<\/td><td><strong>29 mai 2026<\/strong>&nbsp;(Bansk\u00e1 Bystrica)<\/td><\/tr><\/tbody><\/table><\/figure>\n\n\n\n<h2 class=\"wp-block-heading\">Inspirez-vous des finales nationales de l&rsquo;ann\u00e9e derni\u00e8re !<\/h2>\n\n\n\n<figure class=\"wp-block-embed is-type-video is-provider-youtube wp-block-embed-youtube wp-embed-aspect-16-9 wp-has-aspect-ratio\"><div class=\"wp-block-embed__wrapper\">\n<iframe loading=\"lazy\" title=\"SPF 2025 - Aftermovie - Finale nationale\" width=\"500\" height=\"281\" src=\"https:\/\/www.youtube.com\/embed\/VmM_bVZTPSk?feature=oembed\" frameborder=\"0\" allow=\"accelerometer; autoplay; clipboard-write; encrypted-media; gyroscope; picture-in-picture; web-share\" referrerpolicy=\"strict-origin-when-cross-origin\" allowfullscreen><\/iframe>\n<\/div><\/figure>\n\n\n\n<h2 class=\"wp-block-heading\">Vous avez des questions ? &nbsp;Contactez-nous !<\/h2>\n\n\n\n<p><a href=\"mailto:directionbb@afsk.sk\"><strong>directionbb@afsk.sk<\/strong><\/a>&nbsp;&nbsp;<\/p>\n","protected":false},"excerpt":{"rendered":"<p>Le concours de la chanson francophone&nbsp;&nbsp;Je chante en fran\u00e7ais &nbsp;est de retour en 2026 ! Vous \u00eates amateurs de chansons francophones ? Votre langue maternelle n&rsquo;est pas le fran\u00e7ais ? Vous r\u00e9sidez en Slovaquie ? Vous \u00eates \u00e0 la bonne adresse ! Inscrivez-vous jusqu\u2019au 15 mars 2026 ! Comment faire ? Dates importantes Demi-finales 25&nbsp;mars [&hellip;]<\/p>\n","protected":false},"author":32,"featured_media":37837,"comment_status":"closed","ping_status":"closed","sticky":true,"template":"","format":"standard","meta":{"_acf_changed":false,"footnotes":""},"categories":[248,19],"tags":[],"acf":[],"yoast_head":"<!-- This site is optimized with the Yoast SEO plugin v24.5 - https:\/\/yoast.com\/wordpress\/plugins\/seo\/ -->\n<title>Spievam po\u00a0franc\u00fazsky 2026 - le concours de la chanson francophone - Franc\u00fazsky in\u0161tit\u00fat na Slovensku<\/title>\n<meta name=\"robots\" content=\"index, follow, max-snippet:-1, max-image-preview:large, max-video-preview:-1\" \/>\n<link rel=\"canonical\" href=\"https:\/\/institutfrancais.sk\/fr\/spievam-po-francuzsky-2026-2\/\" \/>\n<meta property=\"og:locale\" content=\"fr_FR\" \/>\n<meta property=\"og:type\" content=\"article\" \/>\n<meta property=\"og:title\" content=\"Spievam po\u00a0franc\u00fazsky 2026 - le concours de la chanson francophone - Franc\u00fazsky in\u0161tit\u00fat na Slovensku\" \/>\n<meta property=\"og:description\" content=\"Le concours de la chanson francophone&nbsp;&nbsp;Je chante en fran\u00e7ais &nbsp;est de retour en 2026 ! Vous \u00eates amateurs de chansons francophones ? Votre langue maternelle n&rsquo;est pas le fran\u00e7ais ? Vous r\u00e9sidez en Slovaquie ? Vous \u00eates \u00e0 la bonne adresse ! Inscrivez-vous jusqu\u2019au 15 mars 2026 ! Comment faire ? Dates importantes Demi-finales 25&nbsp;mars [&hellip;]\" \/>\n<meta property=\"og:url\" content=\"https:\/\/institutfrancais.sk\/fr\/spievam-po-francuzsky-2026-2\/\" \/>\n<meta property=\"og:site_name\" content=\"Franc\u00fazsky in\u0161tit\u00fat na Slovensku\" \/>\n<meta property=\"article:published_time\" content=\"2025-11-02T17:32:28+00:00\" \/>\n<meta property=\"article:modified_time\" content=\"2026-02-27T11:12:32+00:00\" \/>\n<meta property=\"og:image\" content=\"https:\/\/institutfrancais.sk\/wp-content\/uploads\/2025\/11\/SPF-2026-J1-537x235.png\" \/>\n\t<meta property=\"og:image:width\" content=\"537\" \/>\n\t<meta property=\"og:image:height\" content=\"235\" \/>\n\t<meta property=\"og:image:type\" content=\"image\/png\" \/>\n<meta name=\"author\" content=\"Victor Carpentier Verdeaux\" \/>\n<meta name=\"twitter:card\" content=\"summary_large_image\" \/>\n<meta name=\"twitter:label1\" content=\"\u00c9crit par\" \/>\n\t<meta name=\"twitter:data1\" content=\"Victor Carpentier Verdeaux\" \/>\n\t<meta name=\"twitter:label2\" content=\"Dur\u00e9e de lecture estim\u00e9e\" \/>\n\t<meta name=\"twitter:data2\" content=\"1 minute\" \/>\n<script type=\"application\/ld+json\" class=\"yoast-schema-graph\">{\"@context\":\"https:\/\/schema.org\",\"@graph\":[{\"@type\":\"WebPage\",\"@id\":\"https:\/\/institutfrancais.sk\/fr\/spievam-po-francuzsky-2026-2\/\",\"url\":\"https:\/\/institutfrancais.sk\/fr\/spievam-po-francuzsky-2026-2\/\",\"name\":\"Spievam po\u00a0franc\u00fazsky 2026 - le concours de la chanson francophone - Franc\u00fazsky in\u0161tit\u00fat na Slovensku\",\"isPartOf\":{\"@id\":\"https:\/\/institutfrancais.sk\/fr\/#website\"},\"primaryImageOfPage\":{\"@id\":\"https:\/\/institutfrancais.sk\/fr\/spievam-po-francuzsky-2026-2\/#primaryimage\"},\"image\":{\"@id\":\"https:\/\/institutfrancais.sk\/fr\/spievam-po-francuzsky-2026-2\/#primaryimage\"},\"thumbnailUrl\":\"https:\/\/institutfrancais.sk\/wp-content\/uploads\/2025\/11\/SPF-2026-J1.png\",\"datePublished\":\"2025-11-02T17:32:28+00:00\",\"dateModified\":\"2026-02-27T11:12:32+00:00\",\"author\":{\"@id\":\"https:\/\/institutfrancais.sk\/fr\/#\/schema\/person\/2daae4f153db13851da88e7371441e08\"},\"breadcrumb\":{\"@id\":\"https:\/\/institutfrancais.sk\/fr\/spievam-po-francuzsky-2026-2\/#breadcrumb\"},\"inLanguage\":\"fr-FR\",\"potentialAction\":[{\"@type\":\"ReadAction\",\"target\":[\"https:\/\/institutfrancais.sk\/fr\/spievam-po-francuzsky-2026-2\/\"]}]},{\"@type\":\"ImageObject\",\"inLanguage\":\"fr-FR\",\"@id\":\"https:\/\/institutfrancais.sk\/fr\/spievam-po-francuzsky-2026-2\/#primaryimage\",\"url\":\"https:\/\/institutfrancais.sk\/wp-content\/uploads\/2025\/11\/SPF-2026-J1.png\",\"contentUrl\":\"https:\/\/institutfrancais.sk\/wp-content\/uploads\/2025\/11\/SPF-2026-J1.png\",\"width\":3000,\"height\":1312},{\"@type\":\"BreadcrumbList\",\"@id\":\"https:\/\/institutfrancais.sk\/fr\/spievam-po-francuzsky-2026-2\/#breadcrumb\",\"itemListElement\":[{\"@type\":\"ListItem\",\"position\":1,\"name\":\"Home\",\"item\":\"https:\/\/institutfrancais.sk\/fr\/\"},{\"@type\":\"ListItem\",\"position\":2,\"name\":\"Spievam po\u00a0franc\u00fazsky 2026 &#8211; le concours de la chanson francophone\"}]},{\"@type\":\"WebSite\",\"@id\":\"https:\/\/institutfrancais.sk\/fr\/#website\",\"url\":\"https:\/\/institutfrancais.sk\/fr\/\",\"name\":\"Franc\u00fazsky in\u0161tit\u00fat na Slovensku\",\"description\":\"Franc\u00fazsky in\u0161tit\u00fat na Slovensku\",\"potentialAction\":[{\"@type\":\"SearchAction\",\"target\":{\"@type\":\"EntryPoint\",\"urlTemplate\":\"https:\/\/institutfrancais.sk\/fr\/?s={search_term_string}\"},\"query-input\":{\"@type\":\"PropertyValueSpecification\",\"valueRequired\":true,\"valueName\":\"search_term_string\"}}],\"inLanguage\":\"fr-FR\"},{\"@type\":\"Person\",\"@id\":\"https:\/\/institutfrancais.sk\/fr\/#\/schema\/person\/2daae4f153db13851da88e7371441e08\",\"name\":\"Victor Carpentier Verdeaux\",\"url\":\"https:\/\/institutfrancais.sk\/fr\/author\/victor-carpentier\/\"}]}<\/script>\n<!-- \/ Yoast SEO plugin. -->","yoast_head_json":{"title":"Spievam po\u00a0franc\u00fazsky 2026 - le concours de la chanson francophone - Franc\u00fazsky in\u0161tit\u00fat na Slovensku","robots":{"index":"index","follow":"follow","max-snippet":"max-snippet:-1","max-image-preview":"max-image-preview:large","max-video-preview":"max-video-preview:-1"},"canonical":"https:\/\/institutfrancais.sk\/fr\/spievam-po-francuzsky-2026-2\/","og_locale":"fr_FR","og_type":"article","og_title":"Spievam po\u00a0franc\u00fazsky 2026 - le concours de la chanson francophone - Franc\u00fazsky in\u0161tit\u00fat na Slovensku","og_description":"Le concours de la chanson francophone&nbsp;&nbsp;Je chante en fran\u00e7ais &nbsp;est de retour en 2026 ! Vous \u00eates amateurs de chansons francophones ? Votre langue maternelle n&rsquo;est pas le fran\u00e7ais ? Vous r\u00e9sidez en Slovaquie ? Vous \u00eates \u00e0 la bonne adresse ! Inscrivez-vous jusqu\u2019au 15 mars 2026 ! Comment faire ? Dates importantes Demi-finales 25&nbsp;mars [&hellip;]","og_url":"https:\/\/institutfrancais.sk\/fr\/spievam-po-francuzsky-2026-2\/","og_site_name":"Franc\u00fazsky in\u0161tit\u00fat na Slovensku","article_published_time":"2025-11-02T17:32:28+00:00","article_modified_time":"2026-02-27T11:12:32+00:00","og_image":[{"width":537,"height":235,"url":"https:\/\/institutfrancais.sk\/wp-content\/uploads\/2025\/11\/SPF-2026-J1-537x235.png","type":"image\/png"}],"author":"Victor Carpentier Verdeaux","twitter_card":"summary_large_image","twitter_misc":{"\u00c9crit par":"Victor Carpentier Verdeaux","Dur\u00e9e de lecture estim\u00e9e":"1 minute"},"schema":{"@context":"https:\/\/schema.org","@graph":[{"@type":"WebPage","@id":"https:\/\/institutfrancais.sk\/fr\/spievam-po-francuzsky-2026-2\/","url":"https:\/\/institutfrancais.sk\/fr\/spievam-po-francuzsky-2026-2\/","name":"Spievam po\u00a0franc\u00fazsky 2026 - le concours de la chanson francophone - Franc\u00fazsky in\u0161tit\u00fat na Slovensku","isPartOf":{"@id":"https:\/\/institutfrancais.sk\/fr\/#website"},"primaryImageOfPage":{"@id":"https:\/\/institutfrancais.sk\/fr\/spievam-po-francuzsky-2026-2\/#primaryimage"},"image":{"@id":"https:\/\/institutfrancais.sk\/fr\/spievam-po-francuzsky-2026-2\/#primaryimage"},"thumbnailUrl":"https:\/\/institutfrancais.sk\/wp-content\/uploads\/2025\/11\/SPF-2026-J1.png","datePublished":"2025-11-02T17:32:28+00:00","dateModified":"2026-02-27T11:12:32+00:00","author":{"@id":"https:\/\/institutfrancais.sk\/fr\/#\/schema\/person\/2daae4f153db13851da88e7371441e08"},"breadcrumb":{"@id":"https:\/\/institutfrancais.sk\/fr\/spievam-po-francuzsky-2026-2\/#breadcrumb"},"inLanguage":"fr-FR","potentialAction":[{"@type":"ReadAction","target":["https:\/\/institutfrancais.sk\/fr\/spievam-po-francuzsky-2026-2\/"]}]},{"@type":"ImageObject","inLanguage":"fr-FR","@id":"https:\/\/institutfrancais.sk\/fr\/spievam-po-francuzsky-2026-2\/#primaryimage","url":"https:\/\/institutfrancais.sk\/wp-content\/uploads\/2025\/11\/SPF-2026-J1.png","contentUrl":"https:\/\/institutfrancais.sk\/wp-content\/uploads\/2025\/11\/SPF-2026-J1.png","width":3000,"height":1312},{"@type":"BreadcrumbList","@id":"https:\/\/institutfrancais.sk\/fr\/spievam-po-francuzsky-2026-2\/#breadcrumb","itemListElement":[{"@type":"ListItem","position":1,"name":"Home","item":"https:\/\/institutfrancais.sk\/fr\/"},{"@type":"ListItem","position":2,"name":"Spievam po\u00a0franc\u00fazsky 2026 &#8211; le concours de la chanson francophone"}]},{"@type":"WebSite","@id":"https:\/\/institutfrancais.sk\/fr\/#website","url":"https:\/\/institutfrancais.sk\/fr\/","name":"Franc\u00fazsky in\u0161tit\u00fat na Slovensku","description":"Franc\u00fazsky in\u0161tit\u00fat na Slovensku","potentialAction":[{"@type":"SearchAction","target":{"@type":"EntryPoint","urlTemplate":"https:\/\/institutfrancais.sk\/fr\/?s={search_term_string}"},"query-input":{"@type":"PropertyValueSpecification","valueRequired":true,"valueName":"search_term_string"}}],"inLanguage":"fr-FR"},{"@type":"Person","@id":"https:\/\/institutfrancais.sk\/fr\/#\/schema\/person\/2daae4f153db13851da88e7371441e08","name":"Victor Carpentier Verdeaux","url":"https:\/\/institutfrancais.sk\/fr\/author\/victor-carpentier\/"}]}},"_links":{"self":[{"href":"https:\/\/institutfrancais.sk\/fr\/wp-json\/wp\/v2\/posts\/33520"}],"collection":[{"href":"https:\/\/institutfrancais.sk\/fr\/wp-json\/wp\/v2\/posts"}],"about":[{"href":"https:\/\/institutfrancais.sk\/fr\/wp-json\/wp\/v2\/types\/post"}],"author":[{"embeddable":true,"href":"https:\/\/institutfrancais.sk\/fr\/wp-json\/wp\/v2\/users\/32"}],"replies":[{"embeddable":true,"href":"https:\/\/institutfrancais.sk\/fr\/wp-json\/wp\/v2\/comments?post=33520"}],"version-history":[{"count":10,"href":"https:\/\/institutfrancais.sk\/fr\/wp-json\/wp\/v2\/posts\/33520\/revisions"}],"predecessor-version":[{"id":38506,"href":"https:\/\/institutfrancais.sk\/fr\/wp-json\/wp\/v2\/posts\/33520\/revisions\/38506"}],"wp:featuredmedia":[{"embeddable":true,"href":"https:\/\/institutfrancais.sk\/fr\/wp-json\/wp\/v2\/media\/37837"}],"wp:attachment":[{"href":"https:\/\/institutfrancais.sk\/fr\/wp-json\/wp\/v2\/media?parent=33520"}],"wp:term":[{"taxonomy":"category","embeddable":true,"href":"https:\/\/institutfrancais.sk\/fr\/wp-json\/wp\/v2\/categories?post=33520"},{"taxonomy":"post_tag","embeddable":true,"href":"https:\/\/institutfrancais.sk\/fr\/wp-json\/wp\/v2\/tags?post=33520"}],"curies":[{"name":"wp","href":"https:\/\/api.w.org\/{rel}","templated":true}]}}