{"id":36138,"date":"2025-05-05T10:25:56","date_gmt":"2025-05-05T08:25:56","guid":{"rendered":"https:\/\/institutfrancais.sk\/?p=36138"},"modified":"2025-07-10T12:13:10","modified_gmt":"2025-07-10T10:13:10","slug":"cours-de-francais-session-dete-2025","status":"publish","type":"post","link":"https:\/\/institutfrancais.sk\/fr\/cours-de-francais-session-dete-2025\/","title":{"rendered":"Cours d\u2019\u00e9t\u00e9 de fran\u00e7ais"},"content":{"rendered":"\n<h5 class=\"wp-block-heading\"><em><strong>Tombez amoureux du fran\u00e7ais avec nos cours d\u2019\u00e9t\u00e9 !<\/strong><\/em><\/h5>\n\n\n\n<h3 class=\"wp-block-heading\">R\u00e9servez votre place : cours intensifs en pr\u00e9sentiel de 10 jours pour adultes et ateliers hebdomadaires pour enfants et jeunes.<\/h3>\n\n\n\n<p><\/p>\n\n\n\n<p><\/p>\n\n\n\n<figure class=\"wp-block-table is-style-regular\"><table class=\"has-pale-cyan-blue-background-color has-background\"><tbody><tr><td><strong>Inscriptions<\/strong><\/td><\/tr><tr><td>Adultes :<br><strong>En ligne, les inscriptions et les positionnements sont en cours.<\/strong><br><br>Enfants et ados :<br><strong>Les inscriptions en ligne et les positionnements en pr\u00e9sentiel sur RDV<\/strong> &#8211;&nbsp;<strong><strong><em><strong><a href=\"mailto:cours@institutfrancais.sk\">cours@institutfrancais.sk<\/a><\/strong>&nbsp;\/ 02&nbsp;59&nbsp;34&nbsp;77&nbsp;62<\/em><\/strong><\/strong><br>Les inscriptions<strong> <\/strong>aux ateliers Mini\/Enfant\/Ado au moins une semaine avant le d\u00e9but de chaque atelier.<br><br>Pour les r\u00e9inscriptions et les d\u00e9butants complets, le positionnement n&rsquo;est pas n\u00e9cessaire. <\/td><\/tr><\/tbody><\/table><\/figure>\n\n\n\n<figure class=\"wp-block-table is-style-regular\"><table class=\"has-background\" style=\"background-color:#ffe552\"><tbody><tr><td><strong>D\u00e9but des cours<\/strong><\/td><\/tr><tr><td>Cours intensifs d&rsquo;\u00e9t\u00e9 de juillet \u2013 14 juillet 2025<br><br>Cours intensifs d&rsquo;\u00e9t\u00e9 d&rsquo;ao\u00fbt \u2013 11 ao\u00fbt 2025<\/td><\/tr><\/tbody><\/table><\/figure>\n\n\n<\/div><div class=\"more-info\" style=\"background-image:url()\"><div class=\"wrap\"><h2>Vous avez d\u00e9j\u00e0 choisi votre cours d&rsquo;\u00e9t\u00e9 ? <\/h2><div class=\"container container-3-items\"> <div class=\"row\"><div class=\"item col-sm-4\"><a href=\"https:\/\/institutfrancais.sk\/fr\/typ-kurzov\/cours-ete\/\"><span>Cours intensifs &#8211;&nbsp;adultes<\/span><\/a><\/div><div class=\"item col-sm-4\"><a href=\"https:\/\/institutfrancais.sk\/fr\/typ-kurzov\/ateliers-ete\/\"><span>Ateliers &#8211;&nbsp;enfants et ados<\/span><\/a><\/div><div class=\"item col-sm-4\"><a href=\"https:\/\/institutfrancais.sk\/fr\/kurz\/ete-slovaque-pour-debutants\/\"><span>Slovaque pour \u00e9trangers<\/span><\/a><\/div><\/div><\/div><\/div><\/div><div class=\"wrap narrow-wrap\">\n\n\n<figure class=\"wp-block-embed is-type-video is-provider-youtube wp-block-embed-youtube wp-embed-aspect-16-9 wp-has-aspect-ratio\"><div class=\"wp-block-embed__wrapper\">\n<iframe loading=\"lazy\" title=\"Franc\u00fazsky in\u0161tit\u00fat\" width=\"500\" height=\"281\" src=\"https:\/\/www.youtube.com\/embed\/GHvILqsgp4U?feature=oembed\" frameborder=\"0\" allow=\"accelerometer; autoplay; clipboard-write; encrypted-media; gyroscope; picture-in-picture; web-share\" referrerpolicy=\"strict-origin-when-cross-origin\" allowfullscreen><\/iframe>\n<\/div><\/figure>\n\n\n\n<h2 class=\"wp-block-heading\"><\/h2>\n\n\n\n<p><\/p>\n\n\n\n<h2 class=\"wp-block-heading\">Test de positionnement<\/h2>\n\n\n\n<p>Vous devez passer le test de positionnement pendant la p\u00e9riode d\u2019inscription, si vous avez d\u00e9j\u00e0 une certaine connaissance de la langue fran\u00e7aise, vous devrez passer un test de positionnement pendant la p\u00e9riode d\u2019inscription. Si vous avez d\u00e9j\u00e0 suivi nos cours de fran\u00e7ais par le pass\u00e9 et apr\u00e8s une longue pause vous souhaitez reprendre l\u2019apprentissage du fran\u00e7ais, le test nous aidera \u00e0 d\u00e9terminer votre niveau actuel. Si vous \u00eates un d\u00e9butant complet, les tests ne sont pas n\u00e9cessaires. Par le biais du test de positionnement, nous \u00e9valuerons vos comp\u00e9tences linguistiques en fran\u00e7ais : <strong>l\u2019expression \u00e9crite et orale<\/strong>, <strong>la<\/strong> <strong>compr\u00e9hension \u00e9crite et orale<\/strong>. Nous d\u00e9terminerons votre niveau de langue actuel afin de pouvoir vous placer dans des groupes homog\u00e8nes et vous conseiller ainsi un cours adapt\u00e9 \u00e0 votre niveau.<\/p>\n\n\n\n<p class=\"has-vivid-cyan-blue-color has-text-color\"><\/p>\n\n\n\n<h2 class=\"wp-block-heading\">Forfait famille avec une remise !<\/h2>\n\n\n\n<ul>\n<li>pour les enfants qui s&rsquo;inscrivent une deuxi\u00e8me fois dans le m\u00eame format des <strong><a href=\"https:\/\/institutfrancais.sk\/fr\/typ-kurzov\/ateliers-ete\/\">ateliers d&rsquo;\u00e9t\u00e9<\/a><\/strong><\/li>\n\n\n\n<li>pour les fr\u00e8res et s\u0153urs qui s&rsquo;inscrivent dans le m\u00eame format des <strong><a href=\"https:\/\/institutfrancais.sk\/fr\/typ-kurzov\/ateliers-ete\/\">ateliers d&rsquo;\u00e9t\u00e9<\/a><\/strong><\/li>\n\n\n\n<li>pour le parent qui s&rsquo;inscrit dans le cours \u00ab\u00a0<strong><a href=\"https:\/\/institutfrancais.sk\/fr\/kurz\/ete-francais-general-pour-adultes-a1\/\">kit de survie<\/a><\/strong>\u00a0\u00bb (fran\u00e7ais g\u00e9n\u00e9ral A1) et l&rsquo;enfant qui s&rsquo;inscrit dans un atelier d&rsquo;\u00e9t\u00e9<\/li>\n<\/ul>\n\n\n\n<h2 class=\"wp-block-heading\">IF Pass<\/h2>\n\n\n\n<p>Tous les \u00e9tudiants de l\u2019Institut fran\u00e7ais re\u00e7oivent une carte de membre, <strong><a href=\"https:\/\/institutfrancais.sk\/fr\/cours-de-francais-session-de-printemps-2021\/#\" target=\"_blank\" rel=\"noreferrer noopener\">l\u2019<\/a><a href=\"https:\/\/institutfrancais.sk\/fr\/if-pass\" target=\"_blank\" rel=\"noreferrer noopener\">IF <\/a><a href=\"https:\/\/institutfrancais.sk\/fr\/cours-de-francais-session-de-printemps-2021\/#\" target=\"_blank\" rel=\"noreferrer noopener\">Pass<\/a><\/strong>, qui est annuelle et vous offre de nombreux avantages : un acc\u00e8s illimit\u00e9 \u00e0 la m\u00e9diath\u00e8que et la biblioth\u00e8que num\u00e9rique Cultureth\u00e8que, ainsi que des r\u00e9ductions chez nos partenaires.<\/p>\n\n\n\n<h2 class=\"wp-block-heading\">Les meilleurs cours de fran\u00e7ais \u00e0 Bratislava<\/h2>\n\n\n\n<p>Le fran\u00e7ais est l\u2019une des langues les plus importantes qui vous ouvrira de nombreuses portes, que ce soit sur le plan professionnel ou personnel. Ainsi, \u00e0 l\u2019Institut fran\u00e7ais de Slovaquie, nous vous offrons la possibilit\u00e9 d\u2019\u00e9tudier la langue fran\u00e7aise \u00e0 travers des&nbsp;<strong>cours de fran\u00e7ais de qualit\u00e9 en pr\u00e9sentiel ou en ligne&nbsp;<\/strong>avec des professeurs qualifi\u00e9s de FLE (fran\u00e7ais langue \u00e9trang\u00e8re). Nos professeurs comprennent vos besoins, quel que soit votre niveau de fran\u00e7ais. Venez avec nous vivre l\u2019aventure <em>\u00e0 la fran\u00e7aise<\/em>. Dans nos&nbsp;cours de fran\u00e7ais, l\u2019apprentissage rime avec joie et plaisir ! &nbsp;<\/p>\n\n\n\n<h2 class=\"wp-block-heading\">Depuis 35 ans nous vous apportons la langue et la culture fran\u00e7aises. Rejoignez-nous dans cette aventure !<\/h2>\n\n\n<div class=\"benefits row text-center\"><div class=\"col-6 col-sm-3\"><img decoding=\"async\" src=\"https:\/\/institutfrancais.sk\/wp-content\/uploads\/2020\/01\/student_1.png\"><div class=\"line-after-title\"><\/div><spa class=\"benefits-description\">Enseignants qualifi\u00e9s<\/span><\/div><div class=\"col-6 col-sm-3\"><img decoding=\"async\" src=\"https:\/\/institutfrancais.sk\/wp-content\/uploads\/2020\/01\/dp-b-2.png\"><div class=\"line-after-title\"><\/div><spa class=\"benefits-description\">Pr\u00e9paration aux examens DELF DALF<\/span><\/div><div class=\"col-6 col-sm-3\"><img decoding=\"async\" src=\"https:\/\/institutfrancais.sk\/wp-content\/uploads\/2019\/12\/au1.png\"><div class=\"line-after-title\"><\/div><spa class=\"benefits-description\">M\u00e9diath\u00e8que gratuite<\/span><\/div><\/div>\n\n\n<h2 class=\"wp-block-heading\">Vous avez des questions ? Nous serons heureux de vous aider !<\/h2>\n\n\n<div class=\"space xs\"><\/div>\n\n\n<p><strong><a href=\"mailto:cours@institutfrancais.sk\">cours@institutfrancais.sk<\/a><\/strong> \/ +421&nbsp;2&nbsp;59&nbsp;34&nbsp;77&nbsp;62<\/p>\n\n\n<div class=\"space xs\"><\/div>\n\n<\/div><iframe loading=\"lazy\" src=\"https:\/\/www.google.com\/maps\/embed?pb=!1m18!1m12!1m3!1d2662.2735746915087!2d17.10532635165492!3d48.14353077912193!2m3!1f0!2f0!3f0!3m2!1i1024!2i768!4f13.1!3m3!1m2!1s0x476c8942d3867d0f%3A0xf92cfa7be90ee73!2zRnJhbmPDunpza3kgaW7FoXRpdMO6dA!5e0!3m2!1ssk!2ssk!4v1575902399794!5m2!1ssk!2ssk\" width=\"100%\" height=\"558\" frameborder=\"0\" class=\"gmap-iframe\" allowfullscreen=\"\"><\/iframe><div class=\"wrap narrow-wrap\">\n\n<\/div><div class=\"articles articles-events\"><div class=\"gray-bg\"><div class=\"lines-bg lines-bg-boldright-c\"><div class=\"wrap\"><div class=\"white-boxes\"><h2>Cela pourrait <span class=\"orange\">\/vous int\u00e9resser<\/span><\/h2><div class=\"row posts-list\"><a class=\"articles-redirection\" href=\"https:\/\/institutfrancais.sk\/fr\/fr\/informacie\/\"><svg xmlns=\"http:\/\/www.w3.org\/2000\/svg\" viewBox=\"0 0 320 512\" width=\"20\"><path fill=\"#000\" d=\"M285.476 272.971L91.132 467.314c-9.373 9.373-24.569 9.373-33.941 0l-22.667-22.667c-9.357-9.357-9.375-24.522-.04-33.901L188.505 256 34.484 101.255c-9.335-9.379-9.317-24.544.04-33.901l22.667-22.667c9.373-9.373 24.569-9.373 33.941 0L285.475 239.03c9.373 9.372 9.373 24.568.001 33.941z\"><\/path><\/svg> <\/a><div class=\"col-lg-4 col-md-6 col-sm-6\">\n<section>\n<div class=\"post\">\n<div class=\"post-container\">\n<a href=\"https:\/\/institutfrancais.sk\/fr\/spievam-po-francuzsky-2026-2\/\"><div class=\"post-img\">\n<img decoding=\"async\" src=\"https:\/\/institutfrancais.sk\/wp-content\/uploads\/2025\/11\/SPF-2026-J1-537x235.png\" alt=\"Spievam po\u00a0franc\u00fazsky 2026 &#8211;&nbsp;le concours de la chanson francophone\" class=\"post-thumbnail\" width=\"100%\">\n<\/div><\/a>\n<div class=\"card-content\">\n<div class=\"post-meta\">\n<a href=\"https:\/\/institutfrancais.sk\/fr\/category\/non-classifiee\/\">Musique<\/a> \/<\/div>\n<a href=\"https:\/\/institutfrancais.sk\/fr\/spievam-po-francuzsky-2026-2\/\">\n<h1>Spievam po\u00a0franc\u00fazsky 2026 &#8211;&nbsp;le concours de la chanson francophone<\/h1>\n<\/a>\n<div class=\"line-after-title\"><\/div>\n<article>\n<p>Le concours de la chanson francophone&nbsp;&nbsp;Je chante en fran\u00e7ais &nbsp;est de retour en 2026 ! Vous \u00eates amateurs de chansons francophones ? Votre langue maternelle n&rsquo;est pas le fran\u00e7ais ? Vous r\u00e9sidez en Slovaquie ? Vous \u00eates \u00e0 la bonne adresse ! Inscrivez-vous jusqu\u2019au 15 mars 2026 ! Comment faire&#8230;<\/p>\n<\/article>\n<\/div>\n<\/div>\n<\/div>\n<\/section>\n<\/div>\n<div class=\"col-lg-4 col-md-6 col-sm-6\">\n<section>\n<div class=\"post\">\n<div class=\"post-container\">\n<a href=\"https:\/\/institutfrancais.sk\/fr\/les-10-destinations-dete-a-ne-pas-manquer-en-france\/\"><div class=\"post-img\">\n<img decoding=\"async\" src=\"https:\/\/institutfrancais.sk\/wp-content\/uploads\/2022\/06\/16035235823_4ac260cbe7_b.jpg\" alt=\"Les 10 destinations d&rsquo;\u00e9t\u00e9 \u00e0 ne pas manquer en France\" class=\"post-thumbnail\" width=\"100%\">\n<\/div><\/a>\n<div class=\"card-content\">\n<div class=\"post-meta\">\n<a href=\"https:\/\/institutfrancais.sk\/fr\/category\/voyage\/\">Voyage<\/a> \/<\/div>\n<a href=\"https:\/\/institutfrancais.sk\/fr\/les-10-destinations-dete-a-ne-pas-manquer-en-france\/\">\n<h1>Les 10 destinations d&rsquo;\u00e9t\u00e9 \u00e0 ne pas manquer en France<\/h1>\n<\/a>\n<div class=\"line-after-title\"><\/div>\n<article>\n<p>Annecy et sa r\u00e9gion Surnomm\u00e9e la Venise des Alpes, Annecy est la destination parfaite de l\u2019\u00e9t\u00e9. Le charme de ses rues pav\u00e9es, de ses maisons color\u00e9es sillonn\u00e9es par ses canaux en fait une ville chaleureuse. Les passionn\u00e9s de culture appr\u00e9cieront la visite du ch\u00e2teau m\u00e9di\u00e9val. Le lac et les montagnes&#8230;<\/p>\n<\/article>\n<\/div>\n<\/div>\n<\/div>\n<\/section>\n<\/div>\n<div class=\"col-lg-4 col-md-6 col-sm-6\">\n<section>\n<div class=\"post\">\n<div class=\"post-container\">\n<a href=\"https:\/\/institutfrancais.sk\/fr\/kit-de-survie-15-expression-a-connaitre-en-francais\/\"><div class=\"post-img\">\n<img decoding=\"async\" src=\"https:\/\/institutfrancais.sk\/wp-content\/uploads\/2022\/06\/pexels-nubia-navarro-nubikini-386025-1024x683.jpg\" alt=\"Kit de survie : 15 expressions \u00e0 conna\u00eetre en fran\u00e7ais !\" class=\"post-thumbnail\" width=\"100%\">\n<\/div><\/a>\n<div class=\"card-content\">\n<div class=\"post-meta\">\n<a href=\"https:\/\/institutfrancais.sk\/fr\/category\/langue-francaise\/\">Langue fran\u00e7aise<\/a> \/<\/div>\n<a href=\"https:\/\/institutfrancais.sk\/fr\/kit-de-survie-15-expression-a-connaitre-en-francais\/\">\n<h1>Kit de survie : 15 expressions \u00e0 conna\u00eetre en fran\u00e7ais !<\/h1>\n<\/a>\n<div class=\"line-after-title\"><\/div>\n<article>\n<p>Alors voici 15 expressions indispensables pour survivre dans la jungle urbaine et dans le d\u00e9sert provin\u00e7al: Bonjour ! Dobr\u00fd de\u0148! Au revoir ! A\u00a0bient\u00f4t ! Dovidenia! Uvid\u00edme sa \u010doskoro! Merci ! \u010eakujem! S\u2019il vous pla\u00eet. Pros\u00edm. Je suis slovaque, pas slov\u00e8ne ! Som Slov\u00e1k, nie Slovinec! C\u2019est combien ? Ko\u013eko&#8230;<\/p>\n<\/article>\n<\/div>\n<\/div>\n<\/div>\n<\/section>\n<\/div>\n<\/div><\/div><div class=\"btn-articles-redirection\"><a class=\"btn btn-black\" href=\"https:\/\/institutfrancais.sk\/fr\/informacie\/\">Plus d&rsquo;infos<\/a><\/div><\/div><\/div><\/div><\/div><div class=\"wrap narrow-wrap\">","protected":false},"excerpt":{"rendered":"<p>Tombez amoureux du fran\u00e7ais avec nos cours d\u2019\u00e9t\u00e9 ! R\u00e9servez votre place : cours intensifs en pr\u00e9sentiel de 10 jours pour adultes et ateliers hebdomadaires pour enfants et jeunes. Inscriptions Adultes :En ligne, les inscriptions et les positionnements sont en cours. Enfants et ados :Les inscriptions en ligne et les positionnements en pr\u00e9sentiel sur RDV [&hellip;]<\/p>\n","protected":false},"author":14,"featured_media":36190,"comment_status":"closed","ping_status":"closed","sticky":false,"template":"","format":"standard","meta":{"_acf_changed":false,"footnotes":""},"categories":[128,167,205,85],"tags":[],"acf":[],"yoast_head":"<!-- This site is optimized with the Yoast SEO plugin v24.5 - https:\/\/yoast.com\/wordpress\/plugins\/seo\/ -->\n<title>Cours d\u2019\u00e9t\u00e9 de fran\u00e7ais - Franc\u00fazsky in\u0161tit\u00fat na Slovensku<\/title>\n<meta name=\"description\" content=\"Vyu\u017eite leto a nau\u010dte sa po franc\u00fazsky! Franc\u00fazsky in\u0161tit\u00fat v\u00e1m pon\u00faka letn\u00e9 intenz\u00edvne kurzy franc\u00faz\u0161tiny prezen\u010dne alebo online.\" \/>\n<meta name=\"robots\" content=\"index, follow, max-snippet:-1, max-image-preview:large, max-video-preview:-1\" \/>\n<link rel=\"canonical\" href=\"https:\/\/institutfrancais.sk\/fr\/cours-de-francais-session-dete-2025\/\" \/>\n<meta property=\"og:locale\" content=\"fr_FR\" \/>\n<meta property=\"og:type\" content=\"article\" \/>\n<meta property=\"og:title\" content=\"Cours d\u2019\u00e9t\u00e9 de fran\u00e7ais - Franc\u00fazsky in\u0161tit\u00fat na Slovensku\" \/>\n<meta property=\"og:description\" content=\"Vyu\u017eite leto a nau\u010dte sa po franc\u00fazsky! Franc\u00fazsky in\u0161tit\u00fat v\u00e1m pon\u00faka letn\u00e9 intenz\u00edvne kurzy franc\u00faz\u0161tiny prezen\u010dne alebo online.\" \/>\n<meta property=\"og:url\" content=\"https:\/\/institutfrancais.sk\/fr\/cours-de-francais-session-dete-2025\/\" \/>\n<meta property=\"og:site_name\" content=\"Franc\u00fazsky in\u0161tit\u00fat na Slovensku\" \/>\n<meta property=\"article:published_time\" content=\"2025-05-05T08:25:56+00:00\" \/>\n<meta property=\"article:modified_time\" content=\"2025-07-10T10:13:10+00:00\" \/>\n<meta property=\"og:image\" content=\"https:\/\/institutfrancais.sk\/wp-content\/uploads\/2025\/05\/Canva-Story-2-537x302.jpg\" \/>\n\t<meta property=\"og:image:width\" content=\"537\" \/>\n\t<meta property=\"og:image:height\" content=\"302\" \/>\n\t<meta property=\"og:image:type\" content=\"image\/jpeg\" \/>\n<meta name=\"author\" content=\"Silvia Litva Polak\" \/>\n<meta name=\"twitter:card\" content=\"summary_large_image\" \/>\n<meta name=\"twitter:label1\" content=\"\u00c9crit par\" \/>\n\t<meta name=\"twitter:data1\" content=\"Silvia Litva Polak\" \/>\n\t<meta name=\"twitter:label2\" content=\"Dur\u00e9e de lecture estim\u00e9e\" \/>\n\t<meta name=\"twitter:data2\" content=\"3 minutes\" \/>\n<script type=\"application\/ld+json\" class=\"yoast-schema-graph\">{\"@context\":\"https:\/\/schema.org\",\"@graph\":[{\"@type\":\"WebPage\",\"@id\":\"https:\/\/institutfrancais.sk\/fr\/cours-de-francais-session-dete-2025\/\",\"url\":\"https:\/\/institutfrancais.sk\/fr\/cours-de-francais-session-dete-2025\/\",\"name\":\"Cours d\u2019\u00e9t\u00e9 de fran\u00e7ais - Franc\u00fazsky in\u0161tit\u00fat na Slovensku\",\"isPartOf\":{\"@id\":\"https:\/\/institutfrancais.sk\/fr\/#website\"},\"primaryImageOfPage\":{\"@id\":\"https:\/\/institutfrancais.sk\/fr\/cours-de-francais-session-dete-2025\/#primaryimage\"},\"image\":{\"@id\":\"https:\/\/institutfrancais.sk\/fr\/cours-de-francais-session-dete-2025\/#primaryimage\"},\"thumbnailUrl\":\"https:\/\/institutfrancais.sk\/wp-content\/uploads\/2025\/05\/Canva-Story-2.jpg\",\"datePublished\":\"2025-05-05T08:25:56+00:00\",\"dateModified\":\"2025-07-10T10:13:10+00:00\",\"author\":{\"@id\":\"https:\/\/institutfrancais.sk\/fr\/#\/schema\/person\/38abf1b8c029535fe5735e69e3aa8ad8\"},\"description\":\"Vyu\u017eite leto a nau\u010dte sa po franc\u00fazsky! Franc\u00fazsky in\u0161tit\u00fat v\u00e1m pon\u00faka letn\u00e9 intenz\u00edvne kurzy franc\u00faz\u0161tiny prezen\u010dne alebo online.\",\"breadcrumb\":{\"@id\":\"https:\/\/institutfrancais.sk\/fr\/cours-de-francais-session-dete-2025\/#breadcrumb\"},\"inLanguage\":\"fr-FR\",\"potentialAction\":[{\"@type\":\"ReadAction\",\"target\":[\"https:\/\/institutfrancais.sk\/fr\/cours-de-francais-session-dete-2025\/\"]}]},{\"@type\":\"ImageObject\",\"inLanguage\":\"fr-FR\",\"@id\":\"https:\/\/institutfrancais.sk\/fr\/cours-de-francais-session-dete-2025\/#primaryimage\",\"url\":\"https:\/\/institutfrancais.sk\/wp-content\/uploads\/2025\/05\/Canva-Story-2.jpg\",\"contentUrl\":\"https:\/\/institutfrancais.sk\/wp-content\/uploads\/2025\/05\/Canva-Story-2.jpg\",\"width\":2561,\"height\":1440,\"caption\":\"Cours de fran\u00e7ais\"},{\"@type\":\"BreadcrumbList\",\"@id\":\"https:\/\/institutfrancais.sk\/fr\/cours-de-francais-session-dete-2025\/#breadcrumb\",\"itemListElement\":[{\"@type\":\"ListItem\",\"position\":1,\"name\":\"Home\",\"item\":\"https:\/\/institutfrancais.sk\/fr\/\"},{\"@type\":\"ListItem\",\"position\":2,\"name\":\"Cours d\u2019\u00e9t\u00e9 de fran\u00e7ais\"}]},{\"@type\":\"WebSite\",\"@id\":\"https:\/\/institutfrancais.sk\/fr\/#website\",\"url\":\"https:\/\/institutfrancais.sk\/fr\/\",\"name\":\"Franc\u00fazsky in\u0161tit\u00fat na Slovensku\",\"description\":\"Franc\u00fazsky in\u0161tit\u00fat na Slovensku\",\"potentialAction\":[{\"@type\":\"SearchAction\",\"target\":{\"@type\":\"EntryPoint\",\"urlTemplate\":\"https:\/\/institutfrancais.sk\/fr\/?s={search_term_string}\"},\"query-input\":{\"@type\":\"PropertyValueSpecification\",\"valueRequired\":true,\"valueName\":\"search_term_string\"}}],\"inLanguage\":\"fr-FR\"},{\"@type\":\"Person\",\"@id\":\"https:\/\/institutfrancais.sk\/fr\/#\/schema\/person\/38abf1b8c029535fe5735e69e3aa8ad8\",\"name\":\"Silvia Litva Polak\",\"sameAs\":[\"http:\/\/www.institutfrancais.sk\"],\"url\":\"https:\/\/institutfrancais.sk\/fr\/author\/silvia\/\"}]}<\/script>\n<!-- \/ Yoast SEO plugin. -->","yoast_head_json":{"title":"Cours d\u2019\u00e9t\u00e9 de fran\u00e7ais - Franc\u00fazsky in\u0161tit\u00fat na Slovensku","description":"Vyu\u017eite leto a nau\u010dte sa po franc\u00fazsky! Franc\u00fazsky in\u0161tit\u00fat v\u00e1m pon\u00faka letn\u00e9 intenz\u00edvne kurzy franc\u00faz\u0161tiny prezen\u010dne alebo online.","robots":{"index":"index","follow":"follow","max-snippet":"max-snippet:-1","max-image-preview":"max-image-preview:large","max-video-preview":"max-video-preview:-1"},"canonical":"https:\/\/institutfrancais.sk\/fr\/cours-de-francais-session-dete-2025\/","og_locale":"fr_FR","og_type":"article","og_title":"Cours d\u2019\u00e9t\u00e9 de fran\u00e7ais - Franc\u00fazsky in\u0161tit\u00fat na Slovensku","og_description":"Vyu\u017eite leto a nau\u010dte sa po franc\u00fazsky! Franc\u00fazsky in\u0161tit\u00fat v\u00e1m pon\u00faka letn\u00e9 intenz\u00edvne kurzy franc\u00faz\u0161tiny prezen\u010dne alebo online.","og_url":"https:\/\/institutfrancais.sk\/fr\/cours-de-francais-session-dete-2025\/","og_site_name":"Franc\u00fazsky in\u0161tit\u00fat na Slovensku","article_published_time":"2025-05-05T08:25:56+00:00","article_modified_time":"2025-07-10T10:13:10+00:00","og_image":[{"width":537,"height":302,"url":"https:\/\/institutfrancais.sk\/wp-content\/uploads\/2025\/05\/Canva-Story-2-537x302.jpg","type":"image\/jpeg"}],"author":"Silvia Litva Polak","twitter_card":"summary_large_image","twitter_misc":{"\u00c9crit par":"Silvia Litva Polak","Dur\u00e9e de lecture estim\u00e9e":"3 minutes"},"schema":{"@context":"https:\/\/schema.org","@graph":[{"@type":"WebPage","@id":"https:\/\/institutfrancais.sk\/fr\/cours-de-francais-session-dete-2025\/","url":"https:\/\/institutfrancais.sk\/fr\/cours-de-francais-session-dete-2025\/","name":"Cours d\u2019\u00e9t\u00e9 de fran\u00e7ais - Franc\u00fazsky in\u0161tit\u00fat na Slovensku","isPartOf":{"@id":"https:\/\/institutfrancais.sk\/fr\/#website"},"primaryImageOfPage":{"@id":"https:\/\/institutfrancais.sk\/fr\/cours-de-francais-session-dete-2025\/#primaryimage"},"image":{"@id":"https:\/\/institutfrancais.sk\/fr\/cours-de-francais-session-dete-2025\/#primaryimage"},"thumbnailUrl":"https:\/\/institutfrancais.sk\/wp-content\/uploads\/2025\/05\/Canva-Story-2.jpg","datePublished":"2025-05-05T08:25:56+00:00","dateModified":"2025-07-10T10:13:10+00:00","author":{"@id":"https:\/\/institutfrancais.sk\/fr\/#\/schema\/person\/38abf1b8c029535fe5735e69e3aa8ad8"},"description":"Vyu\u017eite leto a nau\u010dte sa po franc\u00fazsky! Franc\u00fazsky in\u0161tit\u00fat v\u00e1m pon\u00faka letn\u00e9 intenz\u00edvne kurzy franc\u00faz\u0161tiny prezen\u010dne alebo online.","breadcrumb":{"@id":"https:\/\/institutfrancais.sk\/fr\/cours-de-francais-session-dete-2025\/#breadcrumb"},"inLanguage":"fr-FR","potentialAction":[{"@type":"ReadAction","target":["https:\/\/institutfrancais.sk\/fr\/cours-de-francais-session-dete-2025\/"]}]},{"@type":"ImageObject","inLanguage":"fr-FR","@id":"https:\/\/institutfrancais.sk\/fr\/cours-de-francais-session-dete-2025\/#primaryimage","url":"https:\/\/institutfrancais.sk\/wp-content\/uploads\/2025\/05\/Canva-Story-2.jpg","contentUrl":"https:\/\/institutfrancais.sk\/wp-content\/uploads\/2025\/05\/Canva-Story-2.jpg","width":2561,"height":1440,"caption":"Cours de fran\u00e7ais"},{"@type":"BreadcrumbList","@id":"https:\/\/institutfrancais.sk\/fr\/cours-de-francais-session-dete-2025\/#breadcrumb","itemListElement":[{"@type":"ListItem","position":1,"name":"Home","item":"https:\/\/institutfrancais.sk\/fr\/"},{"@type":"ListItem","position":2,"name":"Cours d\u2019\u00e9t\u00e9 de fran\u00e7ais"}]},{"@type":"WebSite","@id":"https:\/\/institutfrancais.sk\/fr\/#website","url":"https:\/\/institutfrancais.sk\/fr\/","name":"Franc\u00fazsky in\u0161tit\u00fat na Slovensku","description":"Franc\u00fazsky in\u0161tit\u00fat na Slovensku","potentialAction":[{"@type":"SearchAction","target":{"@type":"EntryPoint","urlTemplate":"https:\/\/institutfrancais.sk\/fr\/?s={search_term_string}"},"query-input":{"@type":"PropertyValueSpecification","valueRequired":true,"valueName":"search_term_string"}}],"inLanguage":"fr-FR"},{"@type":"Person","@id":"https:\/\/institutfrancais.sk\/fr\/#\/schema\/person\/38abf1b8c029535fe5735e69e3aa8ad8","name":"Silvia Litva Polak","sameAs":["http:\/\/www.institutfrancais.sk"],"url":"https:\/\/institutfrancais.sk\/fr\/author\/silvia\/"}]}},"_links":{"self":[{"href":"https:\/\/institutfrancais.sk\/fr\/wp-json\/wp\/v2\/posts\/36138"}],"collection":[{"href":"https:\/\/institutfrancais.sk\/fr\/wp-json\/wp\/v2\/posts"}],"about":[{"href":"https:\/\/institutfrancais.sk\/fr\/wp-json\/wp\/v2\/types\/post"}],"author":[{"embeddable":true,"href":"https:\/\/institutfrancais.sk\/fr\/wp-json\/wp\/v2\/users\/14"}],"replies":[{"embeddable":true,"href":"https:\/\/institutfrancais.sk\/fr\/wp-json\/wp\/v2\/comments?post=36138"}],"version-history":[{"count":9,"href":"https:\/\/institutfrancais.sk\/fr\/wp-json\/wp\/v2\/posts\/36138\/revisions"}],"predecessor-version":[{"id":36736,"href":"https:\/\/institutfrancais.sk\/fr\/wp-json\/wp\/v2\/posts\/36138\/revisions\/36736"}],"wp:featuredmedia":[{"embeddable":true,"href":"https:\/\/institutfrancais.sk\/fr\/wp-json\/wp\/v2\/media\/36190"}],"wp:attachment":[{"href":"https:\/\/institutfrancais.sk\/fr\/wp-json\/wp\/v2\/media?parent=36138"}],"wp:term":[{"taxonomy":"category","embeddable":true,"href":"https:\/\/institutfrancais.sk\/fr\/wp-json\/wp\/v2\/categories?post=36138"},{"taxonomy":"post_tag","embeddable":true,"href":"https:\/\/institutfrancais.sk\/fr\/wp-json\/wp\/v2\/tags?post=36138"}],"curies":[{"name":"wp","href":"https:\/\/api.w.org\/{rel}","templated":true}]}}