{"id":36576,"date":"2025-06-05T14:47:48","date_gmt":"2025-06-05T12:47:48","guid":{"rendered":"https:\/\/institutfrancais.sk\/afbb-oslavuje-svoje-35-narodeniny\/"},"modified":"2025-06-05T14:54:15","modified_gmt":"2025-06-05T12:54:15","slug":"afbb-oslavuje-svoje-35-narodeniny","status":"publish","type":"post","link":"https:\/\/institutfrancais.sk\/fr\/afbb-oslavuje-svoje-35-narodeniny\/","title":{"rendered":"L\u2019AFBB souffle ses 35 bougies"},"content":{"rendered":"\n<p>Le 25 avril 2025 dernier a&nbsp;eu lieu l\u2019anniversaire des 35 ans de l\u2019Alliance Fran\u00e7aise de Bansk\u00e1 Bystrica (AFBB). \u00c0 cette occasion, une grande c\u00e9r\u00e9monie a&nbsp;\u00e9t\u00e9 organis\u00e9e \u00e0 la mairie, situ\u00e9e dans le centre-ville. \u00ab Cela nous tenait vraiment \u00e0 c\u0153ur d\u2019inviter toutes ces personnes qui permettent \u00e0 l\u2019Alliance de continuer \u00e0 vivre et \u00e0 se d\u00e9velopper \u00bb, nous confie Tom\u00e1\u0161 M\u00e1rton, le pr\u00e9sident de l\u2019Alliance Fran\u00e7aise. Mentionnons la pr\u00e9sence de l\u2019Ambassadeur de France en Slovaquie, Monsieur Nicolas Suran, qui, dans son discours introductif, a&nbsp;remerci\u00e9 chaleureusement l\u2019association et ses partenaires, tout en faisant un clin d\u2019\u0153il au TreKlub de l\u2019Alliance.<\/p>\n\n\n\n<p>En matin\u00e9e, les festivit\u00e9s avaient commenc\u00e9 dans les locaux de la grande Biblioth\u00e8que d\u2019\u00c9tat, qui abrite l\u2019AF au quotidien. \u00ab&nbsp;On ne pouvait pas imaginer cette c\u00e9l\u00e9bration sans la pr\u00e9sence de Maxime Zecchini, grand pianiste parisien.&nbsp;\u00bb, s\u2019enthousiasme Thomas Laurent, directeur de l\u2019AFBB. \u00ab&nbsp;Il \u00e9tait d\u00e9j\u00e0 venu nous voir il y a&nbsp;six ans et on avait ador\u00e9 son concert \u00e0 une main mais aussi sa masterclass avec des jeunes lyc\u00e9ens. C\u2019est pourquoi, il a&nbsp;refait, cette ann\u00e9e, cette intervention passionnante.&nbsp;\u00bb L\u2019artiste a&nbsp;expliqu\u00e9 aux jeunes l\u2019\u00e9volution des diff\u00e9rentes p\u00e9riodes musicales. Il a&nbsp;\u00e9cout\u00e9 jouer les pianistes en herbe, les a&nbsp;conseill\u00e9s, puis a&nbsp;invit\u00e9 des d\u00e9butants complets \u00e0 jouer avec lui en duo.<\/p>\n\n\n\n<p>\u00c0 la mairie, c\u2019est Billyan Picot, chanteur fran\u00e7ais local qui a&nbsp;ouvert le bal avec un medley Alain Souchon \u2013 Indochine (<em>Foule sentimentale \u2013 Nos c\u00e9l\u00e9brations<\/em>). \u00ab C\u2019est vraiment un honneur pour moi de pouvoir chanter pour les 35 ans de l\u2019Alliance, une famille \u00e0 laquelle j\u2019appartiens depuis pr\u00e8s de dix ans.&nbsp;\u00bb L\u2019AFBB donne toujours sa chance \u00e0 des artistes en herbe, ce fut donc \u00e9galement le cas ce 25 avril avec Elisa Lupt\u00e1kov\u00e1, chanteuse de 15 ans, d\u00e9couverte au grand concours international <em>Spievam po&nbsp;francuzsky<\/em> (<em>Je chante en fran\u00e7ais<\/em>). Avant de laisser Maxime Zecchini nous r\u00e9galer pendant plus de 45 minutes, cinq jeunes danseuses du lyc\u00e9e Tajovsky ont investi la sc\u00e8ne au rythme de <em>Pookie<\/em> d\u2019Aya Nakamura. Apr\u00e8s une remise de dipl\u00f4mes de langue fran\u00e7aise DELF-DALF avec Monsieur l\u2019Ambassadeur et toujours Maxime Zecchini, nous nous sommes rendus au bar fran\u00e7ais <em>U Franc\u00faza<\/em> (<em>Chez le Fran\u00e7ais<\/em>) pour une longue soir\u00e9e musicale. \u00ab&nbsp;M\u00eame si on n\u2019habite pas ici, on sent que les gens \u00e9taient vraiment tous ravis de se retrouver aujourd\u2019hui&nbsp;\u00bb, pr\u00e9cise Estelle Kosnansky, directrice de la 2<sup>\u00e8me<\/sup> Alliance Fran\u00e7aise du pays, \u00e0 Ko\u0161ice. \u00ab&nbsp;C\u2019est rare en fait les moments o\u00f9 on peut regrouper tout ce monde francophone.&nbsp;\u00bb<\/p>\n\n\n\n<p>Le lendemain, \u00e9tait au programme une randonn\u00e9e ensoleill\u00e9e, avec une arriv\u00e9e sur un plateau en altitude, \u00e0 une vingtaine de kilom\u00e8tres de Bansk\u00e1 Bystrica. L\u2019indispensable Maxime Zecchini \u00e9tait des n\u00f4tres et a, lui aussi d\u00e9gust\u00e9 un goulasch fait maison dans un chalet (<em>Chata Plese<\/em>). Une fa\u00e7on parfaite pour lui de cl\u00f4turer un long weekend plein d\u2019\u00e9changes et de sourires&nbsp;: \u00ab C\u2019est vraiment super de pouvoir assister \u00e0 toutes ces c\u00e9l\u00e9brations. On a&nbsp;vu un beau m\u00e9lange culturel et interg\u00e9n\u00e9rationnel autour de la langue et de la musique. \u00bb<\/p>\n\n\n\n<p>&nbsp;&nbsp;&nbsp;&nbsp;&nbsp;&nbsp;&nbsp;&nbsp;&nbsp;&nbsp;&nbsp;&nbsp;&nbsp;&nbsp;&nbsp;&nbsp;&nbsp;&nbsp;&nbsp;&nbsp;&nbsp;&nbsp;&nbsp;&nbsp;Article&nbsp;: Nolwenn Fernandes, Capucine Hardy &amp;&nbsp;Mathilde Way (stagiaires AFBB)<\/p>\n\n\n\n<p>Photos&nbsp;: AFBB<\/p>\n\n\n\n<p>R\u00e1dio Regina Stred\u00a0: <\/p>\n\n\n\n<figure class=\"wp-block-embed is-type-video is-provider-youtube wp-block-embed-youtube wp-embed-aspect-16-9 wp-has-aspect-ratio\"><div class=\"wp-block-embed__wrapper\">\n<iframe loading=\"lazy\" title=\"35ans AFBB - R\u00e1dio Regina Stred\" width=\"500\" height=\"281\" src=\"https:\/\/www.youtube.com\/embed\/vye79rJLeGM?feature=oembed\" frameborder=\"0\" allow=\"accelerometer; autoplay; clipboard-write; encrypted-media; gyroscope; picture-in-picture; web-share\" referrerpolicy=\"strict-origin-when-cross-origin\" allowfullscreen><\/iframe>\n<\/div><\/figure>\n\n\n<\/div><div class=\"wrap carousel-gallery-title\"><h1><\/h1><\/div><div class=\"carousel-gallery\"><div class=\"modal fade\" id=\"img1cg812\" tabindex=\"-1\" role=\"dialog\" aria-hidden=\"true\"><div class=\"modal-dialog\" role=\"document\"><div class=\"modal-img\"><span class=\"img-wrap\"><button type=\"button\" class=\"close\" data-dismiss=\"modal\" aria-label=\"Close\"><span aria-hidden=\"true\">&times;<\/span><\/button><span class=\"bbimg1\"><\/span><\/span><\/div><\/div><\/div><div class=\"modal fade\" id=\"img2cg812\" tabindex=\"-1\" role=\"dialog\" aria-hidden=\"true\"><div class=\"modal-dialog\" role=\"document\"><div class=\"modal-img\"><span class=\"img-wrap\"><button type=\"button\" class=\"close\" data-dismiss=\"modal\" aria-label=\"Close\"><span aria-hidden=\"true\">&times;<\/span><\/button><span class=\"bbimg2\"><\/span><\/span><\/div><\/div><\/div><div class=\"wrap\"><div class=\"row\"><div class=\"col-sm-6\"><div class=\"bimg bimg1\" data-toggle=\"modal\" data-target=\"#img1cg812\"><\/div><\/div><div class=\"col-sm-6\"><div class=\"bimg bimg2\" data-toggle=\"modal\" data-target=\"#img2cg812\"><\/div><\/div><\/div><div class=\"owl-carousel owl-carousel-gallery\"><div class=\"img\" data-img=\"https:\/\/institutfrancais.sk\/wp-content\/uploads\/2025\/06\/2-Affiche-1-537x387.jpg\" data-link=\"https:\/\/institutfrancais.sk\/wp-content\/uploads\/2025\/06\/2-Affiche-1-1387x1000.jpg\"><img decoding=\"async\" src=\"https:\/\/institutfrancais.sk\/wp-content\/uploads\/2025\/06\/2-Affiche-1-537x387.jpg\" alt=\"\" data-position=\"-2\"><\/div><div class=\"img\" data-img=\"https:\/\/institutfrancais.sk\/wp-content\/uploads\/2025\/06\/4-35-ans-gateaux-537x454.jpg\" data-link=\"https:\/\/institutfrancais.sk\/wp-content\/uploads\/2025\/06\/4-35-ans-gateaux-1182x1000.jpg\"><img decoding=\"async\" src=\"https:\/\/institutfrancais.sk\/wp-content\/uploads\/2025\/06\/4-35-ans-gateaux-537x454.jpg\" alt=\"\" data-position=\"-1\"><\/div><div class=\"img\" data-img=\"https:\/\/institutfrancais.sk\/wp-content\/uploads\/2025\/06\/5-Masterclass-Maxime-Zecchini-537x358.jpg\" data-link=\"https:\/\/institutfrancais.sk\/wp-content\/uploads\/2025\/06\/5-Masterclass-Maxime-Zecchini-1500x1000.jpg\"><img decoding=\"async\" src=\"https:\/\/institutfrancais.sk\/wp-content\/uploads\/2025\/06\/5-Masterclass-Maxime-Zecchini-537x358.jpg\" alt=\"\" data-position=\"0\"><\/div><div class=\"img\" data-img=\"https:\/\/institutfrancais.sk\/wp-content\/uploads\/2025\/06\/7-Ceremonie-Ambassadeur-de-France-537x358.jpg\" data-link=\"https:\/\/institutfrancais.sk\/wp-content\/uploads\/2025\/06\/7-Ceremonie-Ambassadeur-de-France-1500x1000.jpg\"><img decoding=\"async\" src=\"https:\/\/institutfrancais.sk\/wp-content\/uploads\/2025\/06\/7-Ceremonie-Ambassadeur-de-France-537x358.jpg\" alt=\"\" data-position=\"1\"><\/div><div class=\"img\" data-img=\"https:\/\/institutfrancais.sk\/wp-content\/uploads\/2025\/06\/8-Ceremonie-Public-Franta-537x358.jpg\" data-link=\"https:\/\/institutfrancais.sk\/wp-content\/uploads\/2025\/06\/8-Ceremonie-Public-Franta-1500x1000.jpg\"><img decoding=\"async\" src=\"https:\/\/institutfrancais.sk\/wp-content\/uploads\/2025\/06\/8-Ceremonie-Public-Franta-537x358.jpg\" alt=\"\" data-position=\"2\"><\/div><div class=\"img\" data-img=\"https:\/\/institutfrancais.sk\/wp-content\/uploads\/2025\/06\/9-Afterparty-Whynots-537x395.jpg\" data-link=\"https:\/\/institutfrancais.sk\/wp-content\/uploads\/2025\/06\/9-Afterparty-Whynots-1358x1000.jpg\"><img decoding=\"async\" src=\"https:\/\/institutfrancais.sk\/wp-content\/uploads\/2025\/06\/9-Afterparty-Whynots-537x395.jpg\" alt=\"\" data-position=\"3\"><\/div><div class=\"img\" data-img=\"https:\/\/institutfrancais.sk\/wp-content\/uploads\/2025\/06\/11-Ceremonie-presentatrices-537x358.jpg\" data-link=\"https:\/\/institutfrancais.sk\/wp-content\/uploads\/2025\/06\/11-Ceremonie-presentatrices-1500x1000.jpg\"><img decoding=\"async\" src=\"https:\/\/institutfrancais.sk\/wp-content\/uploads\/2025\/06\/11-Ceremonie-presentatrices-537x358.jpg\" alt=\"\" data-position=\"4\"><\/div><div class=\"img\" data-img=\"https:\/\/institutfrancais.sk\/wp-content\/uploads\/2025\/06\/12-Ceremonie-Billyan-Picot-358x537.jpg\" data-link=\"https:\/\/institutfrancais.sk\/wp-content\/uploads\/2025\/06\/12-Ceremonie-Billyan-Picot-667x1000.jpg\"><img decoding=\"async\" src=\"https:\/\/institutfrancais.sk\/wp-content\/uploads\/2025\/06\/12-Ceremonie-Billyan-Picot-358x537.jpg\" alt=\"\" data-position=\"5\"><\/div><div class=\"img\" data-img=\"https:\/\/institutfrancais.sk\/wp-content\/uploads\/2025\/06\/15-Ceremonie-Elisa-Luptakova-537x358.jpg\" data-link=\"https:\/\/institutfrancais.sk\/wp-content\/uploads\/2025\/06\/15-Ceremonie-Elisa-Luptakova-1500x1000.jpg\"><img decoding=\"async\" src=\"https:\/\/institutfrancais.sk\/wp-content\/uploads\/2025\/06\/15-Ceremonie-Elisa-Luptakova-537x358.jpg\" alt=\"\" data-position=\"6\"><\/div><div class=\"img\" data-img=\"https:\/\/institutfrancais.sk\/wp-content\/uploads\/2025\/06\/17-Ceremonie-danseuses-537x358.jpg\" data-link=\"https:\/\/institutfrancais.sk\/wp-content\/uploads\/2025\/06\/17-Ceremonie-danseuses-1500x1000.jpg\"><img decoding=\"async\" src=\"https:\/\/institutfrancais.sk\/wp-content\/uploads\/2025\/06\/17-Ceremonie-danseuses-537x358.jpg\" alt=\"\" data-position=\"7\"><\/div><div class=\"img\" data-img=\"https:\/\/institutfrancais.sk\/wp-content\/uploads\/2025\/06\/18-Ceremonie-danseuses-fin-537x440.jpg\" data-link=\"https:\/\/institutfrancais.sk\/wp-content\/uploads\/2025\/06\/18-Ceremonie-danseuses-fin-1221x1000.jpg\"><img decoding=\"async\" src=\"https:\/\/institutfrancais.sk\/wp-content\/uploads\/2025\/06\/18-Ceremonie-danseuses-fin-537x440.jpg\" alt=\"\" data-position=\"8\"><\/div><div class=\"img\" data-img=\"https:\/\/institutfrancais.sk\/wp-content\/uploads\/2025\/06\/20-Ceremonie-Maxime-Zecchini-537x358.jpg\" data-link=\"https:\/\/institutfrancais.sk\/wp-content\/uploads\/2025\/06\/20-Ceremonie-Maxime-Zecchini-1500x1000.jpg\"><img decoding=\"async\" src=\"https:\/\/institutfrancais.sk\/wp-content\/uploads\/2025\/06\/20-Ceremonie-Maxime-Zecchini-537x358.jpg\" alt=\"\" data-position=\"9\"><\/div><div class=\"img\" data-img=\"https:\/\/institutfrancais.sk\/wp-content\/uploads\/2025\/06\/23-Ceremonie-Maxime-Zecchini-salutations-358x537.jpg\" data-link=\"https:\/\/institutfrancais.sk\/wp-content\/uploads\/2025\/06\/23-Ceremonie-Maxime-Zecchini-salutations-667x1000.jpg\"><img decoding=\"async\" src=\"https:\/\/institutfrancais.sk\/wp-content\/uploads\/2025\/06\/23-Ceremonie-Maxime-Zecchini-salutations-358x537.jpg\" alt=\"\" data-position=\"10\"><\/div><\/div><\/div><\/div><div class=\"wrap narrow-wrap\">","protected":false},"excerpt":{"rendered":"<p>Le 25 avril 2025 dernier a&nbsp;eu lieu l\u2019anniversaire des 35 ans de l\u2019Alliance Fran\u00e7aise de Bansk\u00e1 Bystrica (AFBB). \u00c0 cette occasion, une grande c\u00e9r\u00e9monie a&nbsp;\u00e9t\u00e9 organis\u00e9e \u00e0 la mairie, situ\u00e9e dans le centre-ville. \u00ab Cela nous tenait vraiment \u00e0 c\u0153ur d\u2019inviter toutes ces personnes qui permettent \u00e0 l\u2019Alliance de continuer \u00e0 vivre et \u00e0 se [&hellip;]<\/p>\n","protected":false},"author":14,"featured_media":36547,"comment_status":"closed","ping_status":"closed","sticky":false,"template":"","format":"standard","meta":{"_acf_changed":false,"footnotes":""},"categories":[102],"tags":[],"acf":[],"yoast_head":"<!-- This site is optimized with the Yoast SEO plugin v24.5 - https:\/\/yoast.com\/wordpress\/plugins\/seo\/ -->\n<title>L\u2019AFBB souffle ses 35 bougies - Franc\u00fazsky in\u0161tit\u00fat na Slovensku<\/title>\n<meta name=\"robots\" content=\"index, follow, max-snippet:-1, max-image-preview:large, max-video-preview:-1\" \/>\n<link rel=\"canonical\" href=\"https:\/\/institutfrancais.sk\/fr\/afbb-oslavuje-svoje-35-narodeniny\/\" \/>\n<meta property=\"og:locale\" content=\"fr_FR\" \/>\n<meta property=\"og:type\" content=\"article\" \/>\n<meta property=\"og:title\" content=\"L\u2019AFBB souffle ses 35 bougies - Franc\u00fazsky in\u0161tit\u00fat na Slovensku\" \/>\n<meta property=\"og:description\" content=\"Le 25 avril 2025 dernier a&nbsp;eu lieu l\u2019anniversaire des 35 ans de l\u2019Alliance Fran\u00e7aise de Bansk\u00e1 Bystrica (AFBB). \u00c0 cette occasion, une grande c\u00e9r\u00e9monie a&nbsp;\u00e9t\u00e9 organis\u00e9e \u00e0 la mairie, situ\u00e9e dans le centre-ville. \u00ab Cela nous tenait vraiment \u00e0 c\u0153ur d\u2019inviter toutes ces personnes qui permettent \u00e0 l\u2019Alliance de continuer \u00e0 vivre et \u00e0 se [&hellip;]\" \/>\n<meta property=\"og:url\" content=\"https:\/\/institutfrancais.sk\/fr\/afbb-oslavuje-svoje-35-narodeniny\/\" \/>\n<meta property=\"og:site_name\" content=\"Franc\u00fazsky in\u0161tit\u00fat na Slovensku\" \/>\n<meta property=\"article:published_time\" content=\"2025-06-05T12:47:48+00:00\" \/>\n<meta property=\"article:modified_time\" content=\"2025-06-05T12:54:15+00:00\" \/>\n<meta property=\"og:image\" content=\"https:\/\/institutfrancais.sk\/wp-content\/uploads\/2025\/06\/2-Affiche.jpg\" \/>\n\t<meta property=\"og:image:width\" content=\"2048\" \/>\n\t<meta property=\"og:image:height\" content=\"1477\" \/>\n\t<meta property=\"og:image:type\" content=\"image\/jpeg\" \/>\n<meta name=\"author\" content=\"Silvia Litva Polak\" \/>\n<meta name=\"twitter:card\" content=\"summary_large_image\" \/>\n<meta name=\"twitter:label1\" content=\"\u00c9crit par\" \/>\n\t<meta name=\"twitter:data1\" content=\"Silvia Litva Polak\" \/>\n\t<meta name=\"twitter:label2\" content=\"Dur\u00e9e de lecture estim\u00e9e\" \/>\n\t<meta name=\"twitter:data2\" content=\"3 minutes\" \/>\n<script type=\"application\/ld+json\" class=\"yoast-schema-graph\">{\"@context\":\"https:\/\/schema.org\",\"@graph\":[{\"@type\":\"WebPage\",\"@id\":\"https:\/\/institutfrancais.sk\/fr\/afbb-oslavuje-svoje-35-narodeniny\/\",\"url\":\"https:\/\/institutfrancais.sk\/fr\/afbb-oslavuje-svoje-35-narodeniny\/\",\"name\":\"L\u2019AFBB souffle ses 35 bougies - Franc\u00fazsky in\u0161tit\u00fat na Slovensku\",\"isPartOf\":{\"@id\":\"https:\/\/institutfrancais.sk\/fr\/#website\"},\"primaryImageOfPage\":{\"@id\":\"https:\/\/institutfrancais.sk\/fr\/afbb-oslavuje-svoje-35-narodeniny\/#primaryimage\"},\"image\":{\"@id\":\"https:\/\/institutfrancais.sk\/fr\/afbb-oslavuje-svoje-35-narodeniny\/#primaryimage\"},\"thumbnailUrl\":\"https:\/\/institutfrancais.sk\/wp-content\/uploads\/2025\/06\/2-Affiche.jpg\",\"datePublished\":\"2025-06-05T12:47:48+00:00\",\"dateModified\":\"2025-06-05T12:54:15+00:00\",\"author\":{\"@id\":\"https:\/\/institutfrancais.sk\/fr\/#\/schema\/person\/38abf1b8c029535fe5735e69e3aa8ad8\"},\"breadcrumb\":{\"@id\":\"https:\/\/institutfrancais.sk\/fr\/afbb-oslavuje-svoje-35-narodeniny\/#breadcrumb\"},\"inLanguage\":\"fr-FR\",\"potentialAction\":[{\"@type\":\"ReadAction\",\"target\":[\"https:\/\/institutfrancais.sk\/fr\/afbb-oslavuje-svoje-35-narodeniny\/\"]}]},{\"@type\":\"ImageObject\",\"inLanguage\":\"fr-FR\",\"@id\":\"https:\/\/institutfrancais.sk\/fr\/afbb-oslavuje-svoje-35-narodeniny\/#primaryimage\",\"url\":\"https:\/\/institutfrancais.sk\/wp-content\/uploads\/2025\/06\/2-Affiche.jpg\",\"contentUrl\":\"https:\/\/institutfrancais.sk\/wp-content\/uploads\/2025\/06\/2-Affiche.jpg\",\"width\":2048,\"height\":1477},{\"@type\":\"BreadcrumbList\",\"@id\":\"https:\/\/institutfrancais.sk\/fr\/afbb-oslavuje-svoje-35-narodeniny\/#breadcrumb\",\"itemListElement\":[{\"@type\":\"ListItem\",\"position\":1,\"name\":\"Home\",\"item\":\"https:\/\/institutfrancais.sk\/fr\/\"},{\"@type\":\"ListItem\",\"position\":2,\"name\":\"L\u2019AFBB souffle ses 35 bougies\"}]},{\"@type\":\"WebSite\",\"@id\":\"https:\/\/institutfrancais.sk\/fr\/#website\",\"url\":\"https:\/\/institutfrancais.sk\/fr\/\",\"name\":\"Franc\u00fazsky in\u0161tit\u00fat na Slovensku\",\"description\":\"Franc\u00fazsky in\u0161tit\u00fat na Slovensku\",\"potentialAction\":[{\"@type\":\"SearchAction\",\"target\":{\"@type\":\"EntryPoint\",\"urlTemplate\":\"https:\/\/institutfrancais.sk\/fr\/?s={search_term_string}\"},\"query-input\":{\"@type\":\"PropertyValueSpecification\",\"valueRequired\":true,\"valueName\":\"search_term_string\"}}],\"inLanguage\":\"fr-FR\"},{\"@type\":\"Person\",\"@id\":\"https:\/\/institutfrancais.sk\/fr\/#\/schema\/person\/38abf1b8c029535fe5735e69e3aa8ad8\",\"name\":\"Silvia Litva Polak\",\"sameAs\":[\"http:\/\/www.institutfrancais.sk\"],\"url\":\"https:\/\/institutfrancais.sk\/fr\/author\/silvia\/\"}]}<\/script>\n<!-- \/ Yoast SEO plugin. -->","yoast_head_json":{"title":"L\u2019AFBB souffle ses 35 bougies - Franc\u00fazsky in\u0161tit\u00fat na Slovensku","robots":{"index":"index","follow":"follow","max-snippet":"max-snippet:-1","max-image-preview":"max-image-preview:large","max-video-preview":"max-video-preview:-1"},"canonical":"https:\/\/institutfrancais.sk\/fr\/afbb-oslavuje-svoje-35-narodeniny\/","og_locale":"fr_FR","og_type":"article","og_title":"L\u2019AFBB souffle ses 35 bougies - Franc\u00fazsky in\u0161tit\u00fat na Slovensku","og_description":"Le 25 avril 2025 dernier a&nbsp;eu lieu l\u2019anniversaire des 35 ans de l\u2019Alliance Fran\u00e7aise de Bansk\u00e1 Bystrica (AFBB). \u00c0 cette occasion, une grande c\u00e9r\u00e9monie a&nbsp;\u00e9t\u00e9 organis\u00e9e \u00e0 la mairie, situ\u00e9e dans le centre-ville. \u00ab Cela nous tenait vraiment \u00e0 c\u0153ur d\u2019inviter toutes ces personnes qui permettent \u00e0 l\u2019Alliance de continuer \u00e0 vivre et \u00e0 se [&hellip;]","og_url":"https:\/\/institutfrancais.sk\/fr\/afbb-oslavuje-svoje-35-narodeniny\/","og_site_name":"Franc\u00fazsky in\u0161tit\u00fat na Slovensku","article_published_time":"2025-06-05T12:47:48+00:00","article_modified_time":"2025-06-05T12:54:15+00:00","og_image":[{"width":2048,"height":1477,"url":"https:\/\/institutfrancais.sk\/wp-content\/uploads\/2025\/06\/2-Affiche.jpg","type":"image\/jpeg"}],"author":"Silvia Litva Polak","twitter_card":"summary_large_image","twitter_misc":{"\u00c9crit par":"Silvia Litva Polak","Dur\u00e9e de lecture estim\u00e9e":"3 minutes"},"schema":{"@context":"https:\/\/schema.org","@graph":[{"@type":"WebPage","@id":"https:\/\/institutfrancais.sk\/fr\/afbb-oslavuje-svoje-35-narodeniny\/","url":"https:\/\/institutfrancais.sk\/fr\/afbb-oslavuje-svoje-35-narodeniny\/","name":"L\u2019AFBB souffle ses 35 bougies - Franc\u00fazsky in\u0161tit\u00fat na Slovensku","isPartOf":{"@id":"https:\/\/institutfrancais.sk\/fr\/#website"},"primaryImageOfPage":{"@id":"https:\/\/institutfrancais.sk\/fr\/afbb-oslavuje-svoje-35-narodeniny\/#primaryimage"},"image":{"@id":"https:\/\/institutfrancais.sk\/fr\/afbb-oslavuje-svoje-35-narodeniny\/#primaryimage"},"thumbnailUrl":"https:\/\/institutfrancais.sk\/wp-content\/uploads\/2025\/06\/2-Affiche.jpg","datePublished":"2025-06-05T12:47:48+00:00","dateModified":"2025-06-05T12:54:15+00:00","author":{"@id":"https:\/\/institutfrancais.sk\/fr\/#\/schema\/person\/38abf1b8c029535fe5735e69e3aa8ad8"},"breadcrumb":{"@id":"https:\/\/institutfrancais.sk\/fr\/afbb-oslavuje-svoje-35-narodeniny\/#breadcrumb"},"inLanguage":"fr-FR","potentialAction":[{"@type":"ReadAction","target":["https:\/\/institutfrancais.sk\/fr\/afbb-oslavuje-svoje-35-narodeniny\/"]}]},{"@type":"ImageObject","inLanguage":"fr-FR","@id":"https:\/\/institutfrancais.sk\/fr\/afbb-oslavuje-svoje-35-narodeniny\/#primaryimage","url":"https:\/\/institutfrancais.sk\/wp-content\/uploads\/2025\/06\/2-Affiche.jpg","contentUrl":"https:\/\/institutfrancais.sk\/wp-content\/uploads\/2025\/06\/2-Affiche.jpg","width":2048,"height":1477},{"@type":"BreadcrumbList","@id":"https:\/\/institutfrancais.sk\/fr\/afbb-oslavuje-svoje-35-narodeniny\/#breadcrumb","itemListElement":[{"@type":"ListItem","position":1,"name":"Home","item":"https:\/\/institutfrancais.sk\/fr\/"},{"@type":"ListItem","position":2,"name":"L\u2019AFBB souffle ses 35 bougies"}]},{"@type":"WebSite","@id":"https:\/\/institutfrancais.sk\/fr\/#website","url":"https:\/\/institutfrancais.sk\/fr\/","name":"Franc\u00fazsky in\u0161tit\u00fat na Slovensku","description":"Franc\u00fazsky in\u0161tit\u00fat na Slovensku","potentialAction":[{"@type":"SearchAction","target":{"@type":"EntryPoint","urlTemplate":"https:\/\/institutfrancais.sk\/fr\/?s={search_term_string}"},"query-input":{"@type":"PropertyValueSpecification","valueRequired":true,"valueName":"search_term_string"}}],"inLanguage":"fr-FR"},{"@type":"Person","@id":"https:\/\/institutfrancais.sk\/fr\/#\/schema\/person\/38abf1b8c029535fe5735e69e3aa8ad8","name":"Silvia Litva Polak","sameAs":["http:\/\/www.institutfrancais.sk"],"url":"https:\/\/institutfrancais.sk\/fr\/author\/silvia\/"}]}},"_links":{"self":[{"href":"https:\/\/institutfrancais.sk\/fr\/wp-json\/wp\/v2\/posts\/36576"}],"collection":[{"href":"https:\/\/institutfrancais.sk\/fr\/wp-json\/wp\/v2\/posts"}],"about":[{"href":"https:\/\/institutfrancais.sk\/fr\/wp-json\/wp\/v2\/types\/post"}],"author":[{"embeddable":true,"href":"https:\/\/institutfrancais.sk\/fr\/wp-json\/wp\/v2\/users\/14"}],"replies":[{"embeddable":true,"href":"https:\/\/institutfrancais.sk\/fr\/wp-json\/wp\/v2\/comments?post=36576"}],"version-history":[{"count":1,"href":"https:\/\/institutfrancais.sk\/fr\/wp-json\/wp\/v2\/posts\/36576\/revisions"}],"predecessor-version":[{"id":36577,"href":"https:\/\/institutfrancais.sk\/fr\/wp-json\/wp\/v2\/posts\/36576\/revisions\/36577"}],"wp:featuredmedia":[{"embeddable":true,"href":"https:\/\/institutfrancais.sk\/fr\/wp-json\/wp\/v2\/media\/36547"}],"wp:attachment":[{"href":"https:\/\/institutfrancais.sk\/fr\/wp-json\/wp\/v2\/media?parent=36576"}],"wp:term":[{"taxonomy":"category","embeddable":true,"href":"https:\/\/institutfrancais.sk\/fr\/wp-json\/wp\/v2\/categories?post=36576"},{"taxonomy":"post_tag","embeddable":true,"href":"https:\/\/institutfrancais.sk\/fr\/wp-json\/wp\/v2\/tags?post=36576"}],"curies":[{"name":"wp","href":"https:\/\/api.w.org\/{rel}","templated":true}]}}