{"id":38641,"date":"2026-02-10T15:43:07","date_gmt":"2026-02-10T14:43:07","guid":{"rendered":"https:\/\/institutfrancais.sk\/?p=38641"},"modified":"2026-02-11T08:50:35","modified_gmt":"2026-02-11T07:50:35","slug":"honneur-aux-femmes-scientifiques","status":"publish","type":"post","link":"https:\/\/institutfrancais.sk\/fr\/honneur-aux-femmes-scientifiques\/","title":{"rendered":"Honneur aux femmes scientifiques : de la Tour Eiffel \u00e0 la Slovaquie"},"content":{"rendered":"\n<p><strong>Marie Curie, Sophie Germain, Agn\u00e8s Ullmann\u2026 et en Slovaquie, \u013dudmila Pajdu\u0161\u00e1kov\u00e1, Eva Sirack\u00e1, M\u00e1ria Bielikov\u00e1\u2026<\/strong>&nbsp;Ces noms illustrent la richesse et la diversit\u00e9 des contributions des femmes dans les sciences, souvent invisibilis\u00e9es dans l\u2019histoire.<\/p>\n\n\n\n<p>Dans le cadre de la <strong><a href=\"https:\/\/www.unesco.org\/fr\/days\/women-girls-science\">Journ\u00e9e internationale des femmes et des filles de science<\/a><\/strong> du 11 f\u00e9vrier, la Ville de Paris, en collaboration avec la\u00a0Soci\u00e9t\u00e9 d\u2019Exploitation de la Tour Eiffel\u00a0et l\u2019association\u00a0Femmes &amp;&nbsp;Sciences, a&nbsp;d\u00e9voil\u00e9 la liste de\u00a072 femmes scientifiques fran\u00e7aises\u00a0dont les noms seront prochainement inscrits sur le premier \u00e9tage de la Tour Eiffel, aux c\u00f4t\u00e9s des 72 hommes d\u00e9j\u00e0 honor\u00e9s. Cette initiative vise \u00e0 r\u00e9tablir l\u2019\u00e9galit\u00e9 dans la m\u00e9moire scientifique et \u00e0 inspirer les futures g\u00e9n\u00e9rations : math\u00e9maticiennes, physiciennes, biologistes, ing\u00e9nieures, climatologues, astrophysiciennes ou informaticiennes.<\/p>\n\n\n\n<p>Les figures retenues couvrent\u00a0250 ans de recherche en France, de l\u2019obst\u00e9tricienne Ang\u00e9lique du Coudray (XVIII\u1d49 si\u00e8cle) \u00e0 la physicienne Yvonne Bruhat (\u20202025), avec un \u00e9quilibre entre disciplines. La liste sera soumise pour avis aux Acad\u00e9mies des Sciences, des Technologies et de M\u00e9decine, avant la validation finale et l\u2019installation de la frise sur ce monument embl\u00e9matique.<\/p>\n\n\n\n<p>En parall\u00e8le, la Slovaquie brille par ses scientifiques f\u00e9minines remarquables, comme par exemple :<\/p>\n\n\n\n<ul>\n<li><strong>\u013dudmila Pajdu\u0161\u00e1kov\u00e1<\/strong> (\u20201979), premi\u00e8re astronome slovaque, d\u00e9couvre cinq com\u00e8tes,<\/li>\n\n\n\n<li><strong>Ulrika Babiakov\u00e1<\/strong> (\u20202002), astronome et d\u00e9couvreuse d\u2019ast\u00e9ro\u00efdes,<\/li>\n\n\n\n<li><strong>Eva Sirack\u00e1<\/strong> (\u20202023), oncologue et pr\u00e9sidente de la Ligue contre le cancer,<\/li>\n\n\n\n<li><strong>M\u00e1ria Bielikov\u00e1<\/strong>, informaticienne et sp\u00e9cialiste de l\u2019intelligence artificielle,<\/li>\n\n\n\n<li><strong>Marta \u017diakov\u00e1<\/strong>, experte en \u00e9nergie nucl\u00e9aire, actuelle pr\u00e9sidente de l&rsquo;Autorit\u00e9 de r\u00e9gulation nucl\u00e9aire <\/li>\n\n\n\n<li><strong>Iveta Radi\u010dov\u00e1<\/strong>, sociologue et premi\u00e8re femme Premi\u00e8re ministre de Slovaquie de 2010 \u00e0 2012.<\/li>\n<\/ul>\n\n\n\n<p>Ces scientifiques sont \u00e9galement reconnues par des prix internationaux et nationaux, tels que le<a href=\"https:\/\/institutfrancais.sk\/fr\/phc-stefanik\/\">&nbsp;<\/a><strong><a href=\"https:\/\/institutfrancais.sk\/fr\/prix-scientifiques\/\">Prix \u0160tef\u00e1nik<\/a><\/strong>, le&nbsp;<strong><a href=\"https:\/\/institutfrancais.sk\/fr\/prix-scientifique-co2-free\/\">Prix CO\u2082 Free<\/a><\/strong>, le&nbsp;<strong><a href=\"https:\/\/www.esetscienceaward.sk\/sk\">Prix scientifique ESET<\/a><\/strong>, ou le programme&nbsp;<strong><a href=\"https:\/\/www.forwomeninscience.com\/article\/50\">L\u2019Or\u00e9al-UNESCO Pour les Femmes et la Science<\/a><\/strong>, et occupent des r\u00f4les cl\u00e9s dans des institutions telles que la&nbsp;<strong><a href=\"https:\/\/www.learned.sk\">Soci\u00e9t\u00e9 scientifique nationale de Slovaquie<\/a><\/strong>.<\/p>\n\n\n\n<div class=\"wp-block-group is-vertical is-layout-flex wp-container-core-group-is-layout-1 wp-block-group-is-layout-flex\">\n<p class=\"has-luminous-vivid-amber-background-color has-background\">L&rsquo;Institut fran\u00e7ais de Slovaquie va mettre en place de nouveaux prix avec des partenaires socio-\u00e9conomiques, pour identifier de nouveaux talents tout en valorisant l\u2019image et l\u2019engagement de nos partenaires. N\u2019h\u00e9sitez pas \u00e0 nous contacter si vous \u00eates int\u00e9ress\u00e9 par un partenariat&nbsp;! <\/p>\n\n\n\n<p class=\"has-luminous-vivid-amber-background-color has-background\">Pour plus d\u2019information&nbsp;:&nbsp;<a href=\"mailto:thomas-tj.perrin@diplomatie.gouv.fr\">thomas-tj.perrin@diplomatie.gouv.fr<\/a><\/p>\n\n\n<div class=\"space xs\"><\/div><\/div>\n\n\n\n<p>Cet hommage conjugu\u00e9 \u00e0 Paris et en Slovaquie rappelle que&nbsp;les femmes font avancer la science et la soci\u00e9t\u00e9, et que leur visibilit\u00e9 est essentielle pour inspirer les g\u00e9n\u00e9rations futures. Gr\u00e2ce \u00e0 des initiatives comme la frise de la Tour Eiffel ou la valorisation des chercheuses slovaques, la science c\u00e9l\u00e8bre enfin ses h\u00e9ro\u00efnes invisibles.<\/p>\n\n\n\n<p><\/p>\n\n\n<div class=\"space md\"><\/div>","protected":false},"excerpt":{"rendered":"<p>Marie Curie, Sophie Germain, Agn\u00e8s Ullmann\u2026 et en Slovaquie, \u013dudmila Pajdu\u0161\u00e1kov\u00e1, Eva Sirack\u00e1, M\u00e1ria Bielikov\u00e1\u2026&nbsp;Ces noms illustrent la richesse et la diversit\u00e9 des contributions des femmes dans les sciences, souvent invisibilis\u00e9es dans l\u2019histoire. Dans le cadre de la Journ\u00e9e internationale des femmes et des filles de science du 11 f\u00e9vrier, la Ville de Paris, en [&hellip;]<\/p>\n","protected":false},"author":14,"featured_media":38643,"comment_status":"closed","ping_status":"closed","sticky":false,"template":"","format":"standard","meta":{"_acf_changed":false,"footnotes":""},"categories":[46],"tags":[],"acf":[],"yoast_head":"<!-- This site is optimized with the Yoast SEO plugin v24.5 - https:\/\/yoast.com\/wordpress\/plugins\/seo\/ -->\n<title>Honneur aux femmes scientifiques : de la Tour Eiffel \u00e0 la Slovaquie - Franc\u00fazsky in\u0161tit\u00fat na Slovensku<\/title>\n<meta name=\"robots\" content=\"index, follow, max-snippet:-1, max-image-preview:large, max-video-preview:-1\" \/>\n<link rel=\"canonical\" href=\"https:\/\/institutfrancais.sk\/fr\/honneur-aux-femmes-scientifiques\/\" \/>\n<meta property=\"og:locale\" content=\"fr_FR\" \/>\n<meta property=\"og:type\" content=\"article\" \/>\n<meta property=\"og:title\" content=\"Honneur aux femmes scientifiques : de la Tour Eiffel \u00e0 la Slovaquie - Franc\u00fazsky in\u0161tit\u00fat na Slovensku\" \/>\n<meta property=\"og:description\" content=\"Marie Curie, Sophie Germain, Agn\u00e8s Ullmann\u2026 et en Slovaquie, \u013dudmila Pajdu\u0161\u00e1kov\u00e1, Eva Sirack\u00e1, M\u00e1ria Bielikov\u00e1\u2026&nbsp;Ces noms illustrent la richesse et la diversit\u00e9 des contributions des femmes dans les sciences, souvent invisibilis\u00e9es dans l\u2019histoire. Dans le cadre de la Journ\u00e9e internationale des femmes et des filles de science du 11 f\u00e9vrier, la Ville de Paris, en [&hellip;]\" \/>\n<meta property=\"og:url\" content=\"https:\/\/institutfrancais.sk\/fr\/honneur-aux-femmes-scientifiques\/\" \/>\n<meta property=\"og:site_name\" content=\"Franc\u00fazsky in\u0161tit\u00fat na Slovensku\" \/>\n<meta property=\"article:published_time\" content=\"2026-02-10T14:43:07+00:00\" \/>\n<meta property=\"article:modified_time\" content=\"2026-02-11T07:50:35+00:00\" \/>\n<meta property=\"og:image\" content=\"https:\/\/institutfrancais.sk\/wp-content\/uploads\/2026\/02\/72-femmes-Webova-lokalita.png\" \/>\n\t<meta property=\"og:image:width\" content=\"1366\" \/>\n\t<meta property=\"og:image:height\" content=\"768\" \/>\n\t<meta property=\"og:image:type\" content=\"image\/png\" \/>\n<meta name=\"author\" content=\"Silvia Litva Polak\" \/>\n<meta name=\"twitter:card\" content=\"summary_large_image\" \/>\n<meta name=\"twitter:label1\" content=\"\u00c9crit par\" \/>\n\t<meta name=\"twitter:data1\" content=\"Silvia Litva Polak\" \/>\n\t<meta name=\"twitter:label2\" content=\"Dur\u00e9e de lecture estim\u00e9e\" \/>\n\t<meta name=\"twitter:data2\" content=\"3 minutes\" \/>\n<script type=\"application\/ld+json\" class=\"yoast-schema-graph\">{\"@context\":\"https:\/\/schema.org\",\"@graph\":[{\"@type\":\"WebPage\",\"@id\":\"https:\/\/institutfrancais.sk\/fr\/honneur-aux-femmes-scientifiques\/\",\"url\":\"https:\/\/institutfrancais.sk\/fr\/honneur-aux-femmes-scientifiques\/\",\"name\":\"Honneur aux femmes scientifiques : de la Tour Eiffel \u00e0 la Slovaquie - Franc\u00fazsky in\u0161tit\u00fat na Slovensku\",\"isPartOf\":{\"@id\":\"https:\/\/institutfrancais.sk\/fr\/#website\"},\"primaryImageOfPage\":{\"@id\":\"https:\/\/institutfrancais.sk\/fr\/honneur-aux-femmes-scientifiques\/#primaryimage\"},\"image\":{\"@id\":\"https:\/\/institutfrancais.sk\/fr\/honneur-aux-femmes-scientifiques\/#primaryimage\"},\"thumbnailUrl\":\"https:\/\/institutfrancais.sk\/wp-content\/uploads\/2026\/02\/72-femmes-Webova-lokalita.png\",\"datePublished\":\"2026-02-10T14:43:07+00:00\",\"dateModified\":\"2026-02-11T07:50:35+00:00\",\"author\":{\"@id\":\"https:\/\/institutfrancais.sk\/fr\/#\/schema\/person\/38abf1b8c029535fe5735e69e3aa8ad8\"},\"breadcrumb\":{\"@id\":\"https:\/\/institutfrancais.sk\/fr\/honneur-aux-femmes-scientifiques\/#breadcrumb\"},\"inLanguage\":\"fr-FR\",\"potentialAction\":[{\"@type\":\"ReadAction\",\"target\":[\"https:\/\/institutfrancais.sk\/fr\/honneur-aux-femmes-scientifiques\/\"]}]},{\"@type\":\"ImageObject\",\"inLanguage\":\"fr-FR\",\"@id\":\"https:\/\/institutfrancais.sk\/fr\/honneur-aux-femmes-scientifiques\/#primaryimage\",\"url\":\"https:\/\/institutfrancais.sk\/wp-content\/uploads\/2026\/02\/72-femmes-Webova-lokalita.png\",\"contentUrl\":\"https:\/\/institutfrancais.sk\/wp-content\/uploads\/2026\/02\/72-femmes-Webova-lokalita.png\",\"width\":1366,\"height\":768},{\"@type\":\"BreadcrumbList\",\"@id\":\"https:\/\/institutfrancais.sk\/fr\/honneur-aux-femmes-scientifiques\/#breadcrumb\",\"itemListElement\":[{\"@type\":\"ListItem\",\"position\":1,\"name\":\"Home\",\"item\":\"https:\/\/institutfrancais.sk\/fr\/\"},{\"@type\":\"ListItem\",\"position\":2,\"name\":\"Honneur aux femmes scientifiques : de la Tour Eiffel \u00e0 la Slovaquie\"}]},{\"@type\":\"WebSite\",\"@id\":\"https:\/\/institutfrancais.sk\/fr\/#website\",\"url\":\"https:\/\/institutfrancais.sk\/fr\/\",\"name\":\"Franc\u00fazsky in\u0161tit\u00fat na Slovensku\",\"description\":\"Franc\u00fazsky in\u0161tit\u00fat na Slovensku\",\"potentialAction\":[{\"@type\":\"SearchAction\",\"target\":{\"@type\":\"EntryPoint\",\"urlTemplate\":\"https:\/\/institutfrancais.sk\/fr\/?s={search_term_string}\"},\"query-input\":{\"@type\":\"PropertyValueSpecification\",\"valueRequired\":true,\"valueName\":\"search_term_string\"}}],\"inLanguage\":\"fr-FR\"},{\"@type\":\"Person\",\"@id\":\"https:\/\/institutfrancais.sk\/fr\/#\/schema\/person\/38abf1b8c029535fe5735e69e3aa8ad8\",\"name\":\"Silvia Litva Polak\",\"sameAs\":[\"http:\/\/www.institutfrancais.sk\"],\"url\":\"https:\/\/institutfrancais.sk\/fr\/author\/silvia\/\"}]}<\/script>\n<!-- \/ Yoast SEO plugin. -->","yoast_head_json":{"title":"Honneur aux femmes scientifiques : de la Tour Eiffel \u00e0 la Slovaquie - Franc\u00fazsky in\u0161tit\u00fat na Slovensku","robots":{"index":"index","follow":"follow","max-snippet":"max-snippet:-1","max-image-preview":"max-image-preview:large","max-video-preview":"max-video-preview:-1"},"canonical":"https:\/\/institutfrancais.sk\/fr\/honneur-aux-femmes-scientifiques\/","og_locale":"fr_FR","og_type":"article","og_title":"Honneur aux femmes scientifiques : de la Tour Eiffel \u00e0 la Slovaquie - Franc\u00fazsky in\u0161tit\u00fat na Slovensku","og_description":"Marie Curie, Sophie Germain, Agn\u00e8s Ullmann\u2026 et en Slovaquie, \u013dudmila Pajdu\u0161\u00e1kov\u00e1, Eva Sirack\u00e1, M\u00e1ria Bielikov\u00e1\u2026&nbsp;Ces noms illustrent la richesse et la diversit\u00e9 des contributions des femmes dans les sciences, souvent invisibilis\u00e9es dans l\u2019histoire. Dans le cadre de la Journ\u00e9e internationale des femmes et des filles de science du 11 f\u00e9vrier, la Ville de Paris, en [&hellip;]","og_url":"https:\/\/institutfrancais.sk\/fr\/honneur-aux-femmes-scientifiques\/","og_site_name":"Franc\u00fazsky in\u0161tit\u00fat na Slovensku","article_published_time":"2026-02-10T14:43:07+00:00","article_modified_time":"2026-02-11T07:50:35+00:00","og_image":[{"width":1366,"height":768,"url":"https:\/\/institutfrancais.sk\/wp-content\/uploads\/2026\/02\/72-femmes-Webova-lokalita.png","type":"image\/png"}],"author":"Silvia Litva Polak","twitter_card":"summary_large_image","twitter_misc":{"\u00c9crit par":"Silvia Litva Polak","Dur\u00e9e de lecture estim\u00e9e":"3 minutes"},"schema":{"@context":"https:\/\/schema.org","@graph":[{"@type":"WebPage","@id":"https:\/\/institutfrancais.sk\/fr\/honneur-aux-femmes-scientifiques\/","url":"https:\/\/institutfrancais.sk\/fr\/honneur-aux-femmes-scientifiques\/","name":"Honneur aux femmes scientifiques : de la Tour Eiffel \u00e0 la Slovaquie - Franc\u00fazsky in\u0161tit\u00fat na Slovensku","isPartOf":{"@id":"https:\/\/institutfrancais.sk\/fr\/#website"},"primaryImageOfPage":{"@id":"https:\/\/institutfrancais.sk\/fr\/honneur-aux-femmes-scientifiques\/#primaryimage"},"image":{"@id":"https:\/\/institutfrancais.sk\/fr\/honneur-aux-femmes-scientifiques\/#primaryimage"},"thumbnailUrl":"https:\/\/institutfrancais.sk\/wp-content\/uploads\/2026\/02\/72-femmes-Webova-lokalita.png","datePublished":"2026-02-10T14:43:07+00:00","dateModified":"2026-02-11T07:50:35+00:00","author":{"@id":"https:\/\/institutfrancais.sk\/fr\/#\/schema\/person\/38abf1b8c029535fe5735e69e3aa8ad8"},"breadcrumb":{"@id":"https:\/\/institutfrancais.sk\/fr\/honneur-aux-femmes-scientifiques\/#breadcrumb"},"inLanguage":"fr-FR","potentialAction":[{"@type":"ReadAction","target":["https:\/\/institutfrancais.sk\/fr\/honneur-aux-femmes-scientifiques\/"]}]},{"@type":"ImageObject","inLanguage":"fr-FR","@id":"https:\/\/institutfrancais.sk\/fr\/honneur-aux-femmes-scientifiques\/#primaryimage","url":"https:\/\/institutfrancais.sk\/wp-content\/uploads\/2026\/02\/72-femmes-Webova-lokalita.png","contentUrl":"https:\/\/institutfrancais.sk\/wp-content\/uploads\/2026\/02\/72-femmes-Webova-lokalita.png","width":1366,"height":768},{"@type":"BreadcrumbList","@id":"https:\/\/institutfrancais.sk\/fr\/honneur-aux-femmes-scientifiques\/#breadcrumb","itemListElement":[{"@type":"ListItem","position":1,"name":"Home","item":"https:\/\/institutfrancais.sk\/fr\/"},{"@type":"ListItem","position":2,"name":"Honneur aux femmes scientifiques : de la Tour Eiffel \u00e0 la Slovaquie"}]},{"@type":"WebSite","@id":"https:\/\/institutfrancais.sk\/fr\/#website","url":"https:\/\/institutfrancais.sk\/fr\/","name":"Franc\u00fazsky in\u0161tit\u00fat na Slovensku","description":"Franc\u00fazsky in\u0161tit\u00fat na Slovensku","potentialAction":[{"@type":"SearchAction","target":{"@type":"EntryPoint","urlTemplate":"https:\/\/institutfrancais.sk\/fr\/?s={search_term_string}"},"query-input":{"@type":"PropertyValueSpecification","valueRequired":true,"valueName":"search_term_string"}}],"inLanguage":"fr-FR"},{"@type":"Person","@id":"https:\/\/institutfrancais.sk\/fr\/#\/schema\/person\/38abf1b8c029535fe5735e69e3aa8ad8","name":"Silvia Litva Polak","sameAs":["http:\/\/www.institutfrancais.sk"],"url":"https:\/\/institutfrancais.sk\/fr\/author\/silvia\/"}]}},"_links":{"self":[{"href":"https:\/\/institutfrancais.sk\/fr\/wp-json\/wp\/v2\/posts\/38641"}],"collection":[{"href":"https:\/\/institutfrancais.sk\/fr\/wp-json\/wp\/v2\/posts"}],"about":[{"href":"https:\/\/institutfrancais.sk\/fr\/wp-json\/wp\/v2\/types\/post"}],"author":[{"embeddable":true,"href":"https:\/\/institutfrancais.sk\/fr\/wp-json\/wp\/v2\/users\/14"}],"replies":[{"embeddable":true,"href":"https:\/\/institutfrancais.sk\/fr\/wp-json\/wp\/v2\/comments?post=38641"}],"version-history":[{"count":9,"href":"https:\/\/institutfrancais.sk\/fr\/wp-json\/wp\/v2\/posts\/38641\/revisions"}],"predecessor-version":[{"id":38658,"href":"https:\/\/institutfrancais.sk\/fr\/wp-json\/wp\/v2\/posts\/38641\/revisions\/38658"}],"wp:featuredmedia":[{"embeddable":true,"href":"https:\/\/institutfrancais.sk\/fr\/wp-json\/wp\/v2\/media\/38643"}],"wp:attachment":[{"href":"https:\/\/institutfrancais.sk\/fr\/wp-json\/wp\/v2\/media?parent=38641"}],"wp:term":[{"taxonomy":"category","embeddable":true,"href":"https:\/\/institutfrancais.sk\/fr\/wp-json\/wp\/v2\/categories?post=38641"},{"taxonomy":"post_tag","embeddable":true,"href":"https:\/\/institutfrancais.sk\/fr\/wp-json\/wp\/v2\/tags?post=38641"}],"curies":[{"name":"wp","href":"https:\/\/api.w.org\/{rel}","templated":true}]}}