{"id":38862,"date":"2026-03-02T10:54:59","date_gmt":"2026-03-02T09:54:59","guid":{"rendered":"https:\/\/institutfrancais.sk\/?p=38862"},"modified":"2026-03-04T10:49:49","modified_gmt":"2026-03-04T09:49:49","slug":"cours-de-francais-session-de-printemps-2026","status":"publish","type":"post","link":"https:\/\/institutfrancais.sk\/fr\/cours-de-francais-session-de-printemps-2026\/","title":{"rendered":"Cours de fran\u00e7ais : session de printemps 2026"},"content":{"rendered":"\n<p>Trimestre de printemps \u00e0 partir du 10 avril 2026<\/p>\n\n\n\n<figure class=\"wp-block-table\"><table><tbody><tr><td><strong>Inscription en ligne<\/strong><\/td><td><strong>Inscription en pr\u00e9sentiel<\/strong><\/td><\/tr><tr><td><em>\u00e0 partir du 1er mars 202<\/em>6<\/td><td><em>du 1er au 2 avril 2026 de 14h00 \u00e0 18h00<\/em><\/td><\/tr><\/tbody><\/table><\/figure>\n\n\n\n<p>Le th\u00e8me des cours de printemps&nbsp;<strong>\u00ab Je suis Parisienne, Je suis Parisien \u00bb<\/strong>&nbsp;vous plongera dans l\u2019atmosph\u00e8re des caf\u00e9s parisiens, o\u00f9 la langue s\u2019apprend naturellement \u2013 \u00e0 travers les conversations et les histoires du quotidien. Quand les fleurs s\u2019\u00e9panouissent, votre fran\u00e7ais s\u2019\u00e9panouit aussi. \ud83c\udf38 Le printemps est le temps des nouveaux d\u00e9parts \u2013 peut-\u00eatre est-ce justement le moment de dire :<\/p>\n\n\n\n<p><strong>Je suis pr\u00eat(e) !<\/strong><\/p>\n\n\n\n<p>Mot apr\u00e8s mot, phrase apr\u00e8s phrase, nous vous guiderons vers un fran\u00e7ais courant \u2013 chaque le\u00e7on chez nous, \u00e0 l\u2019Institut fran\u00e7ais de Slovaquie, est une petite histoire dans une atmosph\u00e8re d\u00e9tendue, pleine de culture, de musique et d\u2019\u00e9nergie printani\u00e8re. Nos cours de fran\u00e7ais en ligne sont accessibles partout \u2013 il suffit de se connecter et de devenir, le temps d\u2019un instant, Parisienne ou Parisien.<\/p>\n\n\n\n<p><strong>Inscrivez-vous \u00e0 un cours de fran\u00e7ais !<\/strong><\/p>\n\n\n\n<p>Vous pouvez vous inscrire pendant la p\u00e9riode d\u2019inscription :<\/p>\n\n\n\n<ul>\n<li>via le formulaire en ligne disponible dans la description de chaque cours<\/li>\n\n\n\n<li>\u00e0 l\u2019Institut fran\u00e7ais de Slovaquie, au service des cours (Sedl\u00e1rska 7, Bratislava), pendant la p\u00e9riode d\u2019inscription en pr\u00e9sentiel (voir dates ci-dessus), de 14h00 \u00e0 18h00<\/li>\n<\/ul>\n\n\n\n<h3 class=\"wp-block-heading\">Cours pour enfants, adolescents, adultes et seniors :<\/h3>\n\n\n\n<p><strong>Mini et Enfants (4\u201311 ans)<\/strong>&nbsp;: Des cours ludiques et interactifs o\u00f9 les enfants apprennent les bases du fran\u00e7ais \u00e0 travers des jeux, des histoires et des activit\u00e9s cr\u00e9atives.<\/p>\n\n\n\n<p><strong>Adolescents (12\u201316 ans)<\/strong>\u00a0: Communication en fran\u00e7ais depuis les bases jusqu&rsquo;\u00e0 l&rsquo;acquisition de comp\u00e9tences linguistiques qui vous pr\u00e9pareront au dipl\u00f4me et aux \u00e9tudes \u00e0 l\u2019\u00e9tranger.<\/p>\n\n\n\n<p><strong>Adultes<\/strong>&nbsp;: Des cours de diff\u00e9rents niveaux qui associent l\u2019apprentissage de la langue \u00e0 des th\u00e9matiques professionnelles int\u00e9ressantes.<\/p>\n\n\n\n<p><strong>Seniors (\u00e0 partir de 60 ans)<\/strong>&nbsp;: Le fran\u00e7ais peut aussi \u00eatre un \u00e9v\u00e9nement social ! En plus de la langue, vous d\u00e9couvrirez la culture francophone et passerez un moment agr\u00e9able en bonne compagnie.<\/p>\n\n\n<div class=\"space xs\"><\/div>\n\n<\/div><div class=\"more-info\" style=\"background-image:url(https:\/\/institutfrancais.sk\/wp-content\/uploads\/2025\/02\/A5-LETAK-DOSPELI-Website-1-1.jpg)\"><div class=\"wrap\"><h2>R\u00e9servez votre place d\u00e8s maintenant ! <\/h2><div class=\"container container-3-items\"> <div class=\"row\"><div class=\"item col-sm-4\"><a href=\"https:\/\/institutfrancais.sk\/fr\/typ-kurzov\/enfants-ados\/\"><span>Enfants et ados<\/span><\/a><\/div><div class=\"item col-sm-4\"><a href=\"https:\/\/institutfrancais.sk\/fr\/typ-kurzov\/adultes\/\"><span>Adultes<\/span><\/a><\/div><div class=\"item col-sm-4\"><a href=\"https:\/\/institutfrancais.sk\/fr\/kurz\/francais-pour-seniors\/\"><span>Seniors<\/span><\/a><\/div><\/div><\/div><\/div><\/div><div class=\"wrap narrow-wrap\">\n\n<\/div><div class=\"lines-bg lines-bg-threeleft-g\"><div class=\"lines-bg lines-bg-absolute lines-bg-oneright-g\"><\/div><div class=\"wrap\"><div class=\"events articles-events\"><h2>Impr\u00e9gnez-vous de l&rsquo;atmosph\u00e8re <span class=\"green\">\/d&rsquo;un cours de fran\u00e7ais !<\/span><\/h2><div class=\"row\"><div class=\"col-md-6 col-lg-4\"><a href=\"https:\/\/institutfrancais.sk\/fr\/podujatie\/cours-de-demonstration-debutants\/\" class=\"event \"><div class=\"bg\"><div class=\"bghdn\"><div class=\"img\" style=\"background-image:url(https:\/\/institutfrancais.sk\/wp-content\/uploads\/2025\/08\/FR-DEMO-537x302.jpg)\"><\/div><\/div><span class=\"type\">rencontre<\/span><\/div><div class=\"content\"><div class=\"meta\"><strong class=\"color-green\">1.4.<\/strong><\/div><h3>Cours de d\u00e9monstration gratuits<\/h3><\/div><\/a><\/div><\/div><\/div><\/div><\/div><div class=\"wrap narrow-wrap\">\n\n\n<h2 class=\"wp-block-heading\"><\/h2>\n\n\n\n<h2 class=\"wp-block-heading\">Test de positionnement<\/h2>\n\n\n<div class=\"space xxs\"><\/div>\n\n\n<p>Vous devez passer le test de positionnement pendant la p\u00e9riode d\u2019inscription, si vous avez d\u00e9j\u00e0 une certaine connaissance de la langue fran\u00e7aise. Si vous avez d\u00e9j\u00e0 suivi nos cours de fran\u00e7ais par le pass\u00e9 et apr\u00e8s une longue pause vous souhaitez reprendre l\u2019apprentissage du fran\u00e7ais, le test nous aidera \u00e0 d\u00e9terminer votre niveau actuel. Si vous \u00eates un d\u00e9butant complet, les tests ne sont pas n\u00e9cessaires. Par le biais du test de positionnement, nous \u00e9valuerons vos comp\u00e9tences linguistiques en fran\u00e7ais : <strong>l\u2019expression \u00e9crite et orale<\/strong>, <strong>la<\/strong> <strong>compr\u00e9hension \u00e9crite et orale<\/strong>. Nous d\u00e9terminerons votre niveau de langue actuel afin de pouvoir vous placer dans des groupes homog\u00e8nes et vous conseiller ainsi un cours adapt\u00e9 \u00e0 votre niveau. <\/p>\n\n\n<div class=\"space xxs\"><\/div>\n\n\n<p class=\"has-vivid-cyan-blue-color has-text-color\"><em><strong>Vous pouvez passer le test de positionnement dans les locaux de l&rsquo;Institut fran\u00e7ais lors des inscriptions en pr\u00e9sentiel ou via un test en ligne. Le test n\u2019est pas librement disponible sur notre site, le Service des cours vous enverra les codes d\u2019acc\u00e8s suite \u00e0 votre pr\u00e9inscription au cours choisi via le formulaire en ligne.<\/strong><\/em><\/p>\n\n\n<div class=\"space sm\"><\/div>\n\n\n<h2 class=\"wp-block-heading\">Depuis plus de 35 ans nous vous apportons la langue et la culture fran\u00e7aises. Rejoignez-nous dans cette aventure !<\/h2>\n\n\n<div class=\"space xs\"><\/div>\n\n<div class=\"benefits row text-center\"><div class=\"col-6 col-sm-3\"><img decoding=\"async\" src=\"https:\/\/institutfrancais.sk\/wp-content\/uploads\/2020\/01\/student_1.png\"><div class=\"line-after-title\"><\/div><spa class=\"benefits-description\">Enseignants qualifi\u00e9s<\/span><\/div><div class=\"col-6 col-sm-3\"><img decoding=\"async\" src=\"https:\/\/institutfrancais.sk\/wp-content\/uploads\/2020\/01\/dp-b-4.png\"><div class=\"line-after-title\"><\/div><spa class=\"benefits-description\">Label qualit\u00e9<\/span><\/div><div class=\"col-6 col-sm-3\"><img decoding=\"async\" src=\"https:\/\/institutfrancais.sk\/wp-content\/uploads\/2020\/01\/dp-b-2.png\"><div class=\"line-after-title\"><\/div><spa class=\"benefits-description\">Pr\u00e9paration aux examens DELF DALF<\/span><\/div><div class=\"col-6 col-sm-3\"><img decoding=\"async\" src=\"https:\/\/institutfrancais.sk\/wp-content\/uploads\/2019\/12\/au1.png\"><div class=\"line-after-title\"><\/div><spa class=\"benefits-description\">Biblioth\u00e8que num\u00e9rique gratuite<\/span><\/div><\/div>\n\n<div class=\"space md\"><\/div>\n\n\n<h2 class=\"wp-block-heading\">Vous avez des questions ? Nous serons heureux de vous aider ! <\/h2>\n\n\n<div class=\"space xs\"><\/div>\n\n\n<p><strong><a href=\"mailto:cours@institutfrancais.sk\">cours@institutfrancais.sk<\/a><\/strong> \/ 02&nbsp;59&nbsp;34&nbsp;77&nbsp;62<\/p>\n\n\n<div class=\"space xs\"><\/div>\n\n<\/div><iframe loading=\"lazy\" src=\"https:\/\/www.google.com\/maps\/embed?pb=!1m18!1m12!1m3!1d2662.2735746915087!2d17.10532635165492!3d48.14353077912193!2m3!1f0!2f0!3f0!3m2!1i1024!2i768!4f13.1!3m3!1m2!1s0x476c8942d3867d0f%3A0xf92cfa7be90ee73!2zRnJhbmPDunpza3kgaW7FoXRpdMO6dA!5e0!3m2!1ssk!2ssk!4v1575902399794!5m2!1ssk!2ssk\" width=\"100%\" height=\"558\" frameborder=\"0\" class=\"gmap-iframe\" allowfullscreen=\"\"><\/iframe><div class=\"wrap narrow-wrap\">\n\n<div class=\"space sm\"><\/div>","protected":false},"excerpt":{"rendered":"<p>Trimestre de printemps \u00e0 partir du 10 avril 2026 Inscription en ligne Inscription en pr\u00e9sentiel \u00e0 partir du 1er mars 2026 du 1er au 2 avril 2026 de 14h00 \u00e0 18h00 Le th\u00e8me des cours de printemps&nbsp;\u00ab Je suis Parisienne, Je suis Parisien \u00bb&nbsp;vous plongera dans l\u2019atmosph\u00e8re des caf\u00e9s parisiens, o\u00f9 la langue s\u2019apprend naturellement [&hellip;]<\/p>\n","protected":false},"author":14,"featured_media":38952,"comment_status":"closed","ping_status":"closed","sticky":false,"template":"","format":"standard","meta":{"_acf_changed":false,"footnotes":""},"categories":[128],"tags":[],"acf":[],"yoast_head":"<!-- This site is optimized with the Yoast SEO plugin v24.5 - https:\/\/yoast.com\/wordpress\/plugins\/seo\/ -->\n<title>Cours de fran\u00e7ais : session de printemps 2026 - Franc\u00fazsky in\u0161tit\u00fat na Slovensku<\/title>\n<meta name=\"description\" content=\"Jarn\u00e9 kurzy franc\u00faz\u0161tiny: nov\u00e1 ponuka kurzov franc\u00faz\u0161tiny pre dospel\u00fdch, deti a seniorov prezen\u010dne alebo online.\" \/>\n<meta name=\"robots\" content=\"index, follow, max-snippet:-1, max-image-preview:large, max-video-preview:-1\" \/>\n<link rel=\"canonical\" href=\"https:\/\/institutfrancais.sk\/fr\/cours-de-francais-session-de-printemps-2026\/\" \/>\n<meta property=\"og:locale\" content=\"fr_FR\" \/>\n<meta property=\"og:type\" content=\"article\" \/>\n<meta property=\"og:title\" content=\"Cours de fran\u00e7ais : session de printemps 2026 - Franc\u00fazsky in\u0161tit\u00fat na Slovensku\" \/>\n<meta property=\"og:description\" content=\"Jarn\u00e9 kurzy franc\u00faz\u0161tiny: nov\u00e1 ponuka kurzov franc\u00faz\u0161tiny pre dospel\u00fdch, deti a seniorov prezen\u010dne alebo online.\" \/>\n<meta property=\"og:url\" content=\"https:\/\/institutfrancais.sk\/fr\/cours-de-francais-session-de-printemps-2026\/\" \/>\n<meta property=\"og:site_name\" content=\"Franc\u00fazsky in\u0161tit\u00fat na Slovensku\" \/>\n<meta property=\"article:published_time\" content=\"2026-03-02T09:54:59+00:00\" \/>\n<meta property=\"article:modified_time\" content=\"2026-03-04T09:49:49+00:00\" \/>\n<meta property=\"og:image\" content=\"https:\/\/institutfrancais.sk\/wp-content\/uploads\/2026\/03\/Parisienne-zimne-kurzy-6-scaled.jpg\" \/>\n\t<meta property=\"og:image:width\" content=\"2560\" \/>\n\t<meta property=\"og:image:height\" content=\"1439\" \/>\n\t<meta property=\"og:image:type\" content=\"image\/jpeg\" \/>\n<meta name=\"author\" content=\"Silvia Litva Polak\" \/>\n<meta name=\"twitter:card\" content=\"summary_large_image\" \/>\n<meta name=\"twitter:label1\" content=\"\u00c9crit par\" \/>\n\t<meta name=\"twitter:data1\" content=\"Silvia Litva Polak\" \/>\n\t<meta name=\"twitter:label2\" content=\"Dur\u00e9e de lecture estim\u00e9e\" \/>\n\t<meta name=\"twitter:data2\" content=\"4 minutes\" \/>\n<script type=\"application\/ld+json\" class=\"yoast-schema-graph\">{\"@context\":\"https:\/\/schema.org\",\"@graph\":[{\"@type\":\"WebPage\",\"@id\":\"https:\/\/institutfrancais.sk\/fr\/cours-de-francais-session-de-printemps-2026\/\",\"url\":\"https:\/\/institutfrancais.sk\/fr\/cours-de-francais-session-de-printemps-2026\/\",\"name\":\"Cours de fran\u00e7ais : session de printemps 2026 - Franc\u00fazsky in\u0161tit\u00fat na Slovensku\",\"isPartOf\":{\"@id\":\"https:\/\/institutfrancais.sk\/fr\/#website\"},\"primaryImageOfPage\":{\"@id\":\"https:\/\/institutfrancais.sk\/fr\/cours-de-francais-session-de-printemps-2026\/#primaryimage\"},\"image\":{\"@id\":\"https:\/\/institutfrancais.sk\/fr\/cours-de-francais-session-de-printemps-2026\/#primaryimage\"},\"thumbnailUrl\":\"https:\/\/institutfrancais.sk\/wp-content\/uploads\/2026\/03\/Parisienne-zimne-kurzy-6-scaled.jpg\",\"datePublished\":\"2026-03-02T09:54:59+00:00\",\"dateModified\":\"2026-03-04T09:49:49+00:00\",\"author\":{\"@id\":\"https:\/\/institutfrancais.sk\/fr\/#\/schema\/person\/38abf1b8c029535fe5735e69e3aa8ad8\"},\"description\":\"Jarn\u00e9 kurzy franc\u00faz\u0161tiny: nov\u00e1 ponuka kurzov franc\u00faz\u0161tiny pre dospel\u00fdch, deti a seniorov prezen\u010dne alebo online.\",\"breadcrumb\":{\"@id\":\"https:\/\/institutfrancais.sk\/fr\/cours-de-francais-session-de-printemps-2026\/#breadcrumb\"},\"inLanguage\":\"fr-FR\",\"potentialAction\":[{\"@type\":\"ReadAction\",\"target\":[\"https:\/\/institutfrancais.sk\/fr\/cours-de-francais-session-de-printemps-2026\/\"]}]},{\"@type\":\"ImageObject\",\"inLanguage\":\"fr-FR\",\"@id\":\"https:\/\/institutfrancais.sk\/fr\/cours-de-francais-session-de-printemps-2026\/#primaryimage\",\"url\":\"https:\/\/institutfrancais.sk\/wp-content\/uploads\/2026\/03\/Parisienne-zimne-kurzy-6-scaled.jpg\",\"contentUrl\":\"https:\/\/institutfrancais.sk\/wp-content\/uploads\/2026\/03\/Parisienne-zimne-kurzy-6-scaled.jpg\",\"width\":2560,\"height\":1439},{\"@type\":\"BreadcrumbList\",\"@id\":\"https:\/\/institutfrancais.sk\/fr\/cours-de-francais-session-de-printemps-2026\/#breadcrumb\",\"itemListElement\":[{\"@type\":\"ListItem\",\"position\":1,\"name\":\"Home\",\"item\":\"https:\/\/institutfrancais.sk\/fr\/\"},{\"@type\":\"ListItem\",\"position\":2,\"name\":\"Cours de fran\u00e7ais : session de printemps 2026\"}]},{\"@type\":\"WebSite\",\"@id\":\"https:\/\/institutfrancais.sk\/fr\/#website\",\"url\":\"https:\/\/institutfrancais.sk\/fr\/\",\"name\":\"Franc\u00fazsky in\u0161tit\u00fat na Slovensku\",\"description\":\"Franc\u00fazsky in\u0161tit\u00fat na Slovensku\",\"potentialAction\":[{\"@type\":\"SearchAction\",\"target\":{\"@type\":\"EntryPoint\",\"urlTemplate\":\"https:\/\/institutfrancais.sk\/fr\/?s={search_term_string}\"},\"query-input\":{\"@type\":\"PropertyValueSpecification\",\"valueRequired\":true,\"valueName\":\"search_term_string\"}}],\"inLanguage\":\"fr-FR\"},{\"@type\":\"Person\",\"@id\":\"https:\/\/institutfrancais.sk\/fr\/#\/schema\/person\/38abf1b8c029535fe5735e69e3aa8ad8\",\"name\":\"Silvia Litva Polak\",\"sameAs\":[\"http:\/\/www.institutfrancais.sk\"],\"url\":\"https:\/\/institutfrancais.sk\/fr\/author\/silvia\/\"}]}<\/script>\n<!-- \/ Yoast SEO plugin. -->","yoast_head_json":{"title":"Cours de fran\u00e7ais : session de printemps 2026 - Franc\u00fazsky in\u0161tit\u00fat na Slovensku","description":"Jarn\u00e9 kurzy franc\u00faz\u0161tiny: nov\u00e1 ponuka kurzov franc\u00faz\u0161tiny pre dospel\u00fdch, deti a seniorov prezen\u010dne alebo online.","robots":{"index":"index","follow":"follow","max-snippet":"max-snippet:-1","max-image-preview":"max-image-preview:large","max-video-preview":"max-video-preview:-1"},"canonical":"https:\/\/institutfrancais.sk\/fr\/cours-de-francais-session-de-printemps-2026\/","og_locale":"fr_FR","og_type":"article","og_title":"Cours de fran\u00e7ais : session de printemps 2026 - Franc\u00fazsky in\u0161tit\u00fat na Slovensku","og_description":"Jarn\u00e9 kurzy franc\u00faz\u0161tiny: nov\u00e1 ponuka kurzov franc\u00faz\u0161tiny pre dospel\u00fdch, deti a seniorov prezen\u010dne alebo online.","og_url":"https:\/\/institutfrancais.sk\/fr\/cours-de-francais-session-de-printemps-2026\/","og_site_name":"Franc\u00fazsky in\u0161tit\u00fat na Slovensku","article_published_time":"2026-03-02T09:54:59+00:00","article_modified_time":"2026-03-04T09:49:49+00:00","og_image":[{"width":2560,"height":1439,"url":"https:\/\/institutfrancais.sk\/wp-content\/uploads\/2026\/03\/Parisienne-zimne-kurzy-6-scaled.jpg","type":"image\/jpeg"}],"author":"Silvia Litva Polak","twitter_card":"summary_large_image","twitter_misc":{"\u00c9crit par":"Silvia Litva Polak","Dur\u00e9e de lecture estim\u00e9e":"4 minutes"},"schema":{"@context":"https:\/\/schema.org","@graph":[{"@type":"WebPage","@id":"https:\/\/institutfrancais.sk\/fr\/cours-de-francais-session-de-printemps-2026\/","url":"https:\/\/institutfrancais.sk\/fr\/cours-de-francais-session-de-printemps-2026\/","name":"Cours de fran\u00e7ais : session de printemps 2026 - Franc\u00fazsky in\u0161tit\u00fat na Slovensku","isPartOf":{"@id":"https:\/\/institutfrancais.sk\/fr\/#website"},"primaryImageOfPage":{"@id":"https:\/\/institutfrancais.sk\/fr\/cours-de-francais-session-de-printemps-2026\/#primaryimage"},"image":{"@id":"https:\/\/institutfrancais.sk\/fr\/cours-de-francais-session-de-printemps-2026\/#primaryimage"},"thumbnailUrl":"https:\/\/institutfrancais.sk\/wp-content\/uploads\/2026\/03\/Parisienne-zimne-kurzy-6-scaled.jpg","datePublished":"2026-03-02T09:54:59+00:00","dateModified":"2026-03-04T09:49:49+00:00","author":{"@id":"https:\/\/institutfrancais.sk\/fr\/#\/schema\/person\/38abf1b8c029535fe5735e69e3aa8ad8"},"description":"Jarn\u00e9 kurzy franc\u00faz\u0161tiny: nov\u00e1 ponuka kurzov franc\u00faz\u0161tiny pre dospel\u00fdch, deti a seniorov prezen\u010dne alebo online.","breadcrumb":{"@id":"https:\/\/institutfrancais.sk\/fr\/cours-de-francais-session-de-printemps-2026\/#breadcrumb"},"inLanguage":"fr-FR","potentialAction":[{"@type":"ReadAction","target":["https:\/\/institutfrancais.sk\/fr\/cours-de-francais-session-de-printemps-2026\/"]}]},{"@type":"ImageObject","inLanguage":"fr-FR","@id":"https:\/\/institutfrancais.sk\/fr\/cours-de-francais-session-de-printemps-2026\/#primaryimage","url":"https:\/\/institutfrancais.sk\/wp-content\/uploads\/2026\/03\/Parisienne-zimne-kurzy-6-scaled.jpg","contentUrl":"https:\/\/institutfrancais.sk\/wp-content\/uploads\/2026\/03\/Parisienne-zimne-kurzy-6-scaled.jpg","width":2560,"height":1439},{"@type":"BreadcrumbList","@id":"https:\/\/institutfrancais.sk\/fr\/cours-de-francais-session-de-printemps-2026\/#breadcrumb","itemListElement":[{"@type":"ListItem","position":1,"name":"Home","item":"https:\/\/institutfrancais.sk\/fr\/"},{"@type":"ListItem","position":2,"name":"Cours de fran\u00e7ais : session de printemps 2026"}]},{"@type":"WebSite","@id":"https:\/\/institutfrancais.sk\/fr\/#website","url":"https:\/\/institutfrancais.sk\/fr\/","name":"Franc\u00fazsky in\u0161tit\u00fat na Slovensku","description":"Franc\u00fazsky in\u0161tit\u00fat na Slovensku","potentialAction":[{"@type":"SearchAction","target":{"@type":"EntryPoint","urlTemplate":"https:\/\/institutfrancais.sk\/fr\/?s={search_term_string}"},"query-input":{"@type":"PropertyValueSpecification","valueRequired":true,"valueName":"search_term_string"}}],"inLanguage":"fr-FR"},{"@type":"Person","@id":"https:\/\/institutfrancais.sk\/fr\/#\/schema\/person\/38abf1b8c029535fe5735e69e3aa8ad8","name":"Silvia Litva Polak","sameAs":["http:\/\/www.institutfrancais.sk"],"url":"https:\/\/institutfrancais.sk\/fr\/author\/silvia\/"}]}},"_links":{"self":[{"href":"https:\/\/institutfrancais.sk\/fr\/wp-json\/wp\/v2\/posts\/38862"}],"collection":[{"href":"https:\/\/institutfrancais.sk\/fr\/wp-json\/wp\/v2\/posts"}],"about":[{"href":"https:\/\/institutfrancais.sk\/fr\/wp-json\/wp\/v2\/types\/post"}],"author":[{"embeddable":true,"href":"https:\/\/institutfrancais.sk\/fr\/wp-json\/wp\/v2\/users\/14"}],"replies":[{"embeddable":true,"href":"https:\/\/institutfrancais.sk\/fr\/wp-json\/wp\/v2\/comments?post=38862"}],"version-history":[{"count":2,"href":"https:\/\/institutfrancais.sk\/fr\/wp-json\/wp\/v2\/posts\/38862\/revisions"}],"predecessor-version":[{"id":38920,"href":"https:\/\/institutfrancais.sk\/fr\/wp-json\/wp\/v2\/posts\/38862\/revisions\/38920"}],"wp:featuredmedia":[{"embeddable":true,"href":"https:\/\/institutfrancais.sk\/fr\/wp-json\/wp\/v2\/media\/38952"}],"wp:attachment":[{"href":"https:\/\/institutfrancais.sk\/fr\/wp-json\/wp\/v2\/media?parent=38862"}],"wp:term":[{"taxonomy":"category","embeddable":true,"href":"https:\/\/institutfrancais.sk\/fr\/wp-json\/wp\/v2\/categories?post=38862"},{"taxonomy":"post_tag","embeddable":true,"href":"https:\/\/institutfrancais.sk\/fr\/wp-json\/wp\/v2\/tags?post=38862"}],"curies":[{"name":"wp","href":"https:\/\/api.w.org\/{rel}","templated":true}]}}