{"id":6243,"date":"2020-02-12T16:35:18","date_gmt":"2020-02-12T15:35:18","guid":{"rendered":"https:\/\/institutfrancais.sk\/?p=6243"},"modified":"2020-02-14T16:21:58","modified_gmt":"2020-02-14T15:21:58","slug":"premiere-ou-deuxieme-langue-vivante","status":"publish","type":"post","link":"https:\/\/institutfrancais.sk\/fr\/premiere-ou-deuxieme-langue-vivante\/","title":{"rendered":"Premi\u00e8re ou deuxi\u00e8me langue vivante"},"content":{"rendered":"\n<h3 class=\"wp-block-heading\"><strong>Premi\u00e8re langue vivante &nbsp;<\/strong><\/h3>\n\n\n<div class=\"space xxs\"><\/div>\n\n\n<p>Depuis septembre 2019, il est possible de choisir le fran\u00e7ais comme premi\u00e8re langue vivante \u00e0 partir de la troisi\u00e8me ann\u00e9e du primaire. L\u2019apprentissage de la premi\u00e8re langue vivante se poursuit jusqu\u2019au baccalaur\u00e9at.<br><\/p>\n\n\n<div class=\"space xxs\"><\/div>\n\n\n<h3 class=\"wp-block-heading\"><strong>Deuxi\u00e8me langue vivante<\/strong> <\/h3>\n\n\n<div class=\"space xxs\"><\/div>\n\n\n<p>L&rsquo;enseignement d&rsquo;une deuxi\u00e8me langue \u00e9trang\u00e8re dans les \u00e9coles fondamentales n&rsquo;est pas obligatoire, mais dans de nombreuses \u00e9coles, la deuxi\u00e8me langue \u00e9trang\u00e8re est propos\u00e9e comme mati\u00e8re facultative \u00e0 partir de la 5e, 6e ou 7e ann\u00e9e. La langue que l&rsquo;\u00e9cole propose aux \u00e9l\u00e8ves d\u00e9pend de la d\u00e9cision du chef d&rsquo;\u00e9tablissement. Les \u00e9l\u00e8ves qui choisissent le fran\u00e7ais comme premi\u00e8re langue \u00e9trang\u00e8re apprendront automatiquement l&rsquo;anglais en LV2.<br>Apr\u00e8s l\u2019\u00e9cole fondamentale dans les lyc\u00e9es et acad\u00e9mies (commerce, h\u00f4tellerie, etc.), l\u2019apprentissage d&rsquo;une deuxi\u00e8me langue vivante est obligatoire. Les \u00e9l\u00e8ves continuent la premi\u00e8re langue vivante et choisissent une deuxi\u00e8me langue \u00e9trang\u00e8re au niveau d\u00e9butant.<\/p>\n","protected":false},"excerpt":{"rendered":"<p>Premi\u00e8re langue vivante &nbsp;&nbsp;Depuis septembre 2019, il est possible de choisir le fran\u00e7ais comme premi\u00e8re langue vivante \u00e0 partir de la troisi\u00e8me ann\u00e9e du primaire. L\u2019apprentissage de la premi\u00e8re langue vivante se poursuit jusqu\u2019au baccalaur\u00e9at. Deuxi\u00e8me langue vivante L&rsquo;enseignement d&rsquo;une deuxi\u00e8me langue \u00e9trang\u00e8re dans les \u00e9coles fondamentales n&rsquo;est pas obligatoire, mais dans de nombreuses [&hellip;]<\/p>\n","protected":false},"author":14,"featured_media":6930,"comment_status":"open","ping_status":"open","sticky":false,"template":"","format":"standard","meta":{"_acf_changed":false,"footnotes":""},"categories":[83,85],"tags":[],"acf":[],"yoast_head":"<!-- This site is optimized with the Yoast SEO plugin v24.5 - https:\/\/yoast.com\/wordpress\/plugins\/seo\/ -->\n<title>Premi\u00e8re ou deuxi\u00e8me langue vivante - Franc\u00fazsky in\u0161tit\u00fat na Slovensku<\/title>\n<meta name=\"robots\" content=\"index, follow, max-snippet:-1, max-image-preview:large, max-video-preview:-1\" \/>\n<link rel=\"canonical\" href=\"https:\/\/institutfrancais.sk\/fr\/premiere-ou-deuxieme-langue-vivante\/\" \/>\n<meta property=\"og:locale\" content=\"fr_FR\" \/>\n<meta property=\"og:type\" content=\"article\" \/>\n<meta property=\"og:title\" content=\"Premi\u00e8re ou deuxi\u00e8me langue vivante - Franc\u00fazsky in\u0161tit\u00fat na Slovensku\" \/>\n<meta property=\"og:description\" content=\"Premi\u00e8re langue vivante &nbsp; Depuis septembre 2019, il est possible de choisir le fran\u00e7ais comme premi\u00e8re langue vivante \u00e0 partir de la troisi\u00e8me ann\u00e9e du primaire. L\u2019apprentissage de la premi\u00e8re langue vivante se poursuit jusqu\u2019au baccalaur\u00e9at. Deuxi\u00e8me langue vivante L&rsquo;enseignement d&rsquo;une deuxi\u00e8me langue \u00e9trang\u00e8re dans les \u00e9coles fondamentales n&rsquo;est pas obligatoire, mais dans de nombreuses [&hellip;]\" \/>\n<meta property=\"og:url\" content=\"https:\/\/institutfrancais.sk\/fr\/premiere-ou-deuxieme-langue-vivante\/\" \/>\n<meta property=\"og:site_name\" content=\"Franc\u00fazsky in\u0161tit\u00fat na Slovensku\" \/>\n<meta property=\"article:published_time\" content=\"2020-02-12T15:35:18+00:00\" \/>\n<meta property=\"article:modified_time\" content=\"2020-02-14T15:21:58+00:00\" \/>\n<meta property=\"og:image\" content=\"https:\/\/institutfrancais.sk\/wp-content\/uploads\/2020\/02\/school-reading-glasses-picture-id690598700.jpg\" \/>\n\t<meta property=\"og:image:width\" content=\"1000\" \/>\n\t<meta property=\"og:image:height\" content=\"563\" \/>\n\t<meta property=\"og:image:type\" content=\"image\/jpeg\" \/>\n<meta name=\"author\" content=\"Silvia Litva Polak\" \/>\n<meta name=\"twitter:card\" content=\"summary_large_image\" \/>\n<meta name=\"twitter:label1\" content=\"\u00c9crit par\" \/>\n\t<meta name=\"twitter:data1\" content=\"Silvia Litva Polak\" \/>\n\t<meta name=\"twitter:label2\" content=\"Dur\u00e9e de lecture estim\u00e9e\" \/>\n\t<meta name=\"twitter:data2\" content=\"1 minute\" \/>\n<script type=\"application\/ld+json\" class=\"yoast-schema-graph\">{\"@context\":\"https:\/\/schema.org\",\"@graph\":[{\"@type\":\"WebPage\",\"@id\":\"https:\/\/institutfrancais.sk\/fr\/premiere-ou-deuxieme-langue-vivante\/\",\"url\":\"https:\/\/institutfrancais.sk\/fr\/premiere-ou-deuxieme-langue-vivante\/\",\"name\":\"Premi\u00e8re ou deuxi\u00e8me langue vivante - Franc\u00fazsky in\u0161tit\u00fat na Slovensku\",\"isPartOf\":{\"@id\":\"https:\/\/institutfrancais.sk\/fr\/#website\"},\"primaryImageOfPage\":{\"@id\":\"https:\/\/institutfrancais.sk\/fr\/premiere-ou-deuxieme-langue-vivante\/#primaryimage\"},\"image\":{\"@id\":\"https:\/\/institutfrancais.sk\/fr\/premiere-ou-deuxieme-langue-vivante\/#primaryimage\"},\"thumbnailUrl\":\"https:\/\/institutfrancais.sk\/wp-content\/uploads\/2020\/02\/school-reading-glasses-picture-id690598700.jpg\",\"datePublished\":\"2020-02-12T15:35:18+00:00\",\"dateModified\":\"2020-02-14T15:21:58+00:00\",\"author\":{\"@id\":\"https:\/\/institutfrancais.sk\/fr\/#\/schema\/person\/38abf1b8c029535fe5735e69e3aa8ad8\"},\"breadcrumb\":{\"@id\":\"https:\/\/institutfrancais.sk\/fr\/premiere-ou-deuxieme-langue-vivante\/#breadcrumb\"},\"inLanguage\":\"fr-FR\",\"potentialAction\":[{\"@type\":\"ReadAction\",\"target\":[\"https:\/\/institutfrancais.sk\/fr\/premiere-ou-deuxieme-langue-vivante\/\"]}]},{\"@type\":\"ImageObject\",\"inLanguage\":\"fr-FR\",\"@id\":\"https:\/\/institutfrancais.sk\/fr\/premiere-ou-deuxieme-langue-vivante\/#primaryimage\",\"url\":\"https:\/\/institutfrancais.sk\/wp-content\/uploads\/2020\/02\/school-reading-glasses-picture-id690598700.jpg\",\"contentUrl\":\"https:\/\/institutfrancais.sk\/wp-content\/uploads\/2020\/02\/school-reading-glasses-picture-id690598700.jpg\",\"width\":1000,\"height\":563},{\"@type\":\"BreadcrumbList\",\"@id\":\"https:\/\/institutfrancais.sk\/fr\/premiere-ou-deuxieme-langue-vivante\/#breadcrumb\",\"itemListElement\":[{\"@type\":\"ListItem\",\"position\":1,\"name\":\"Home\",\"item\":\"https:\/\/institutfrancais.sk\/fr\/\"},{\"@type\":\"ListItem\",\"position\":2,\"name\":\"Premi\u00e8re ou deuxi\u00e8me langue vivante\"}]},{\"@type\":\"WebSite\",\"@id\":\"https:\/\/institutfrancais.sk\/fr\/#website\",\"url\":\"https:\/\/institutfrancais.sk\/fr\/\",\"name\":\"Franc\u00fazsky in\u0161tit\u00fat na Slovensku\",\"description\":\"Franc\u00fazsky in\u0161tit\u00fat na Slovensku\",\"potentialAction\":[{\"@type\":\"SearchAction\",\"target\":{\"@type\":\"EntryPoint\",\"urlTemplate\":\"https:\/\/institutfrancais.sk\/fr\/?s={search_term_string}\"},\"query-input\":{\"@type\":\"PropertyValueSpecification\",\"valueRequired\":true,\"valueName\":\"search_term_string\"}}],\"inLanguage\":\"fr-FR\"},{\"@type\":\"Person\",\"@id\":\"https:\/\/institutfrancais.sk\/fr\/#\/schema\/person\/38abf1b8c029535fe5735e69e3aa8ad8\",\"name\":\"Silvia Litva Polak\",\"sameAs\":[\"http:\/\/www.institutfrancais.sk\"],\"url\":\"https:\/\/institutfrancais.sk\/fr\/author\/silvia\/\"}]}<\/script>\n<!-- \/ Yoast SEO plugin. -->","yoast_head_json":{"title":"Premi\u00e8re ou deuxi\u00e8me langue vivante - Franc\u00fazsky in\u0161tit\u00fat na Slovensku","robots":{"index":"index","follow":"follow","max-snippet":"max-snippet:-1","max-image-preview":"max-image-preview:large","max-video-preview":"max-video-preview:-1"},"canonical":"https:\/\/institutfrancais.sk\/fr\/premiere-ou-deuxieme-langue-vivante\/","og_locale":"fr_FR","og_type":"article","og_title":"Premi\u00e8re ou deuxi\u00e8me langue vivante - Franc\u00fazsky in\u0161tit\u00fat na Slovensku","og_description":"Premi\u00e8re langue vivante &nbsp; Depuis septembre 2019, il est possible de choisir le fran\u00e7ais comme premi\u00e8re langue vivante \u00e0 partir de la troisi\u00e8me ann\u00e9e du primaire. L\u2019apprentissage de la premi\u00e8re langue vivante se poursuit jusqu\u2019au baccalaur\u00e9at. Deuxi\u00e8me langue vivante L&rsquo;enseignement d&rsquo;une deuxi\u00e8me langue \u00e9trang\u00e8re dans les \u00e9coles fondamentales n&rsquo;est pas obligatoire, mais dans de nombreuses [&hellip;]","og_url":"https:\/\/institutfrancais.sk\/fr\/premiere-ou-deuxieme-langue-vivante\/","og_site_name":"Franc\u00fazsky in\u0161tit\u00fat na Slovensku","article_published_time":"2020-02-12T15:35:18+00:00","article_modified_time":"2020-02-14T15:21:58+00:00","og_image":[{"width":1000,"height":563,"url":"https:\/\/institutfrancais.sk\/wp-content\/uploads\/2020\/02\/school-reading-glasses-picture-id690598700.jpg","type":"image\/jpeg"}],"author":"Silvia Litva Polak","twitter_card":"summary_large_image","twitter_misc":{"\u00c9crit par":"Silvia Litva Polak","Dur\u00e9e de lecture estim\u00e9e":"1 minute"},"schema":{"@context":"https:\/\/schema.org","@graph":[{"@type":"WebPage","@id":"https:\/\/institutfrancais.sk\/fr\/premiere-ou-deuxieme-langue-vivante\/","url":"https:\/\/institutfrancais.sk\/fr\/premiere-ou-deuxieme-langue-vivante\/","name":"Premi\u00e8re ou deuxi\u00e8me langue vivante - Franc\u00fazsky in\u0161tit\u00fat na Slovensku","isPartOf":{"@id":"https:\/\/institutfrancais.sk\/fr\/#website"},"primaryImageOfPage":{"@id":"https:\/\/institutfrancais.sk\/fr\/premiere-ou-deuxieme-langue-vivante\/#primaryimage"},"image":{"@id":"https:\/\/institutfrancais.sk\/fr\/premiere-ou-deuxieme-langue-vivante\/#primaryimage"},"thumbnailUrl":"https:\/\/institutfrancais.sk\/wp-content\/uploads\/2020\/02\/school-reading-glasses-picture-id690598700.jpg","datePublished":"2020-02-12T15:35:18+00:00","dateModified":"2020-02-14T15:21:58+00:00","author":{"@id":"https:\/\/institutfrancais.sk\/fr\/#\/schema\/person\/38abf1b8c029535fe5735e69e3aa8ad8"},"breadcrumb":{"@id":"https:\/\/institutfrancais.sk\/fr\/premiere-ou-deuxieme-langue-vivante\/#breadcrumb"},"inLanguage":"fr-FR","potentialAction":[{"@type":"ReadAction","target":["https:\/\/institutfrancais.sk\/fr\/premiere-ou-deuxieme-langue-vivante\/"]}]},{"@type":"ImageObject","inLanguage":"fr-FR","@id":"https:\/\/institutfrancais.sk\/fr\/premiere-ou-deuxieme-langue-vivante\/#primaryimage","url":"https:\/\/institutfrancais.sk\/wp-content\/uploads\/2020\/02\/school-reading-glasses-picture-id690598700.jpg","contentUrl":"https:\/\/institutfrancais.sk\/wp-content\/uploads\/2020\/02\/school-reading-glasses-picture-id690598700.jpg","width":1000,"height":563},{"@type":"BreadcrumbList","@id":"https:\/\/institutfrancais.sk\/fr\/premiere-ou-deuxieme-langue-vivante\/#breadcrumb","itemListElement":[{"@type":"ListItem","position":1,"name":"Home","item":"https:\/\/institutfrancais.sk\/fr\/"},{"@type":"ListItem","position":2,"name":"Premi\u00e8re ou deuxi\u00e8me langue vivante"}]},{"@type":"WebSite","@id":"https:\/\/institutfrancais.sk\/fr\/#website","url":"https:\/\/institutfrancais.sk\/fr\/","name":"Franc\u00fazsky in\u0161tit\u00fat na Slovensku","description":"Franc\u00fazsky in\u0161tit\u00fat na Slovensku","potentialAction":[{"@type":"SearchAction","target":{"@type":"EntryPoint","urlTemplate":"https:\/\/institutfrancais.sk\/fr\/?s={search_term_string}"},"query-input":{"@type":"PropertyValueSpecification","valueRequired":true,"valueName":"search_term_string"}}],"inLanguage":"fr-FR"},{"@type":"Person","@id":"https:\/\/institutfrancais.sk\/fr\/#\/schema\/person\/38abf1b8c029535fe5735e69e3aa8ad8","name":"Silvia Litva Polak","sameAs":["http:\/\/www.institutfrancais.sk"],"url":"https:\/\/institutfrancais.sk\/fr\/author\/silvia\/"}]}},"_links":{"self":[{"href":"https:\/\/institutfrancais.sk\/fr\/wp-json\/wp\/v2\/posts\/6243"}],"collection":[{"href":"https:\/\/institutfrancais.sk\/fr\/wp-json\/wp\/v2\/posts"}],"about":[{"href":"https:\/\/institutfrancais.sk\/fr\/wp-json\/wp\/v2\/types\/post"}],"author":[{"embeddable":true,"href":"https:\/\/institutfrancais.sk\/fr\/wp-json\/wp\/v2\/users\/14"}],"replies":[{"embeddable":true,"href":"https:\/\/institutfrancais.sk\/fr\/wp-json\/wp\/v2\/comments?post=6243"}],"version-history":[{"count":0,"href":"https:\/\/institutfrancais.sk\/fr\/wp-json\/wp\/v2\/posts\/6243\/revisions"}],"wp:featuredmedia":[{"embeddable":true,"href":"https:\/\/institutfrancais.sk\/fr\/wp-json\/wp\/v2\/media\/6930"}],"wp:attachment":[{"href":"https:\/\/institutfrancais.sk\/fr\/wp-json\/wp\/v2\/media?parent=6243"}],"wp:term":[{"taxonomy":"category","embeddable":true,"href":"https:\/\/institutfrancais.sk\/fr\/wp-json\/wp\/v2\/categories?post=6243"},{"taxonomy":"post_tag","embeddable":true,"href":"https:\/\/institutfrancais.sk\/fr\/wp-json\/wp\/v2\/tags?post=6243"}],"curies":[{"name":"wp","href":"https:\/\/api.w.org\/{rel}","templated":true}]}}