{"id":6588,"date":"2020-02-13T10:01:47","date_gmt":"2020-02-13T09:01:47","guid":{"rendered":"https:\/\/institutfrancais.sk\/?p=6588"},"modified":"2020-02-13T17:30:21","modified_gmt":"2020-02-13T16:30:21","slug":"labelfranceducation","status":"publish","type":"post","link":"https:\/\/institutfrancais.sk\/fr\/labelfranceducation\/","title":{"rendered":"LabelFrancEducation"},"content":{"rendered":"<div class=\"space xs\"><\/div>\n\n\n<p>Le label de qualit\u00e9 &nbsp;<strong><a href=\"http:\/\/www.labelfranceducation.fr\/\" target=\"_blank\" rel=\"noreferrer noopener\" aria-label=\"LabelFrancEducation (opens in a new tab)\">LabelFrancEducation<\/a> <\/strong>est d\u00e9cern\u00e9 aux \u00e9coles hors de France qui contribuent \u00e0 la diffusion de la langue et de la culture fran\u00e7aises. Ce Label a&nbsp;\u00e9t\u00e9 d\u00e9cern\u00e9 pour la premi\u00e8re fois en 2012. LabelFrancEducation est une reconnaissance de la qualit\u00e9 de l\u2019enseignement des \u00e9coles publiques et priv\u00e9es qui offrent \u00e0 leurs \u00e9l\u00e8ves un enseignement approfondi du fran\u00e7ais et leur permettent de d\u00e9couvrir d&rsquo;autres mati\u00e8res enseign\u00e9es en fran\u00e7ais. Il vise \u00e9galement \u00e0 promouvoir une \u00e9ducation bilingue d\u2019excellence \u00e0 l&rsquo;\u00e9tranger pour les \u00e9l\u00e8ves et leurs parents.<\/p>\n\n\n\n<div class=\"wp-block-image\"><figure class=\"alignright size-medium is-resized\"><img loading=\"lazy\" decoding=\"async\" src=\"https:\/\/institutfrancais.sk\/wp-content\/uploads\/2020\/02\/label-franceeducation-300x267.png\" alt=\"\" class=\"wp-image-6980\" width=\"270\" height=\"244\"\/><\/figure><\/div>\n\n\n\n<p>LabelFrancEducation est d\u00e9cern\u00e9 par le minist\u00e8re fran\u00e7ais de l\u2019Europe et des Affaires \u00e9trang\u00e8res sur la base d&rsquo;un rapport \u00e9tabli par une commission interminist\u00e9rielle compos\u00e9e de repr\u00e9sentants du minist\u00e8re des Affaires \u00e9trang\u00e8res, du minist\u00e8re de l&rsquo;\u00c9ducation, de l&rsquo;Agence pour l&rsquo;\u00e9ducation fran\u00e7aise \u00e0 l&rsquo;\u00e9tranger (AEFE) et de la Mission la\u00efque fran\u00e7aise.<\/p>\n\n\n\n<p>L&rsquo;Agence Fran\u00e7aise pour l&rsquo;Education Fran\u00e7aise \u00e0 l&rsquo;Etranger (<a href=\"https:\/\/www.aefe.fr\/\" target=\"_blank\" rel=\"noreferrer noopener\" aria-label=\"AEFE (opens in a new tab)\">AEFE<\/a>) est charg\u00e9e de promouvoir et de collecter les dossiers LabelFrancEducation.<\/p>\n\n\n\n<p>Depuis f\u00e9vrier 2012, <strong>395 \u00e9coles bilingues dans 59 pays<\/strong> ont re\u00e7u le LabelFrancEducation dans le monde. En Slovaquie 6 Lyc\u00e9es ont obtenu le label&nbsp;: <\/p>\n\n\n<div class=\"space xxs\"><\/div>\n\n\n<p>En 2015 les quatre sections bilingues franco-slovaques des lyc\u00e9es : <strong> &nbsp;<\/strong><\/p>\n\n\n\n<ul><li><strong><a rel=\"noreferrer noopener\" aria-label=\" (opens in a new tab)\" href=\"https:\/\/gmet.edupage.org\/\" target=\"_blank\">Metodova \u00e0 Bratislava<\/a><\/strong><\/li><li><strong><a rel=\"noreferrer noopener\" aria-label=\" (opens in a new tab)\" href=\"http:\/\/www.gymnaziumtrencin.sk\/studium\/typy-studia.html?page_id=1237\" target=\"_blank\">\u013d. \u0160t\u00far \u00e0 Tren\u010d\u00edn<\/a><\/strong><\/li><li><strong><a rel=\"noreferrer noopener\" aria-label=\" (opens in a new tab)\" href=\"https:\/\/www.gjgt.sk\/\" target=\"_blank\">J. G. Tajovsk\u00fd \u00e0 Bansk\u00e1 Bystrica<\/a><\/strong><\/li><li><strong><a rel=\"noreferrer noopener\" aria-label=\" (opens in a new tab)\" href=\"http:\/\/www.gmrske.sk\/\" target=\"_blank\">M. R. \u0160tef\u00e1nik \u00e0 Ko\u0161ice<\/a><\/strong><\/li><\/ul>\n\n\n\n<p>En 2016\u00a0: <a href=\"http:\/\/sportgymnr.sk\/news.php\" target=\"_blank\" rel=\"noreferrer noopener\" aria-label=\" (opens in a new tab)\"><strong>Le lyc\u00e9e sportif de Nitra<\/strong><\/a> et en 2019 <strong><a href=\"http:\/\/gbza.eu\/\" target=\"_blank\" rel=\"noreferrer noopener\" aria-label=\" (opens in a new tab)\">le lyc\u00e9e bilingue de \u017dilina<\/a> <\/strong><\/p>\n","protected":false},"excerpt":{"rendered":"<p>Le label de qualit\u00e9 &nbsp;LabelFrancEducation est d\u00e9cern\u00e9 aux \u00e9coles hors de France qui contribuent \u00e0 la diffusion de la langue et de la culture fran\u00e7aises. Ce Label a&nbsp;\u00e9t\u00e9 d\u00e9cern\u00e9 pour la premi\u00e8re fois en 2012. LabelFrancEducation est une reconnaissance de la qualit\u00e9 de l\u2019enseignement des \u00e9coles publiques et priv\u00e9es qui offrent \u00e0 leurs \u00e9l\u00e8ves un [&hellip;]<\/p>\n","protected":false},"author":14,"featured_media":0,"comment_status":"open","ping_status":"open","sticky":false,"template":"","format":"standard","meta":{"_acf_changed":false,"footnotes":""},"categories":[83,85],"tags":[],"acf":[],"yoast_head":"<!-- This site is optimized with the Yoast SEO plugin v24.5 - https:\/\/yoast.com\/wordpress\/plugins\/seo\/ -->\n<title>LabelFrancEducation - Franc\u00fazsky in\u0161tit\u00fat na Slovensku<\/title>\n<meta name=\"robots\" content=\"index, follow, max-snippet:-1, max-image-preview:large, max-video-preview:-1\" \/>\n<link rel=\"canonical\" href=\"https:\/\/institutfrancais.sk\/fr\/labelfranceducation\/\" \/>\n<meta property=\"og:locale\" content=\"fr_FR\" \/>\n<meta property=\"og:type\" content=\"article\" \/>\n<meta property=\"og:title\" content=\"LabelFrancEducation - Franc\u00fazsky in\u0161tit\u00fat na Slovensku\" \/>\n<meta property=\"og:description\" content=\"Le label de qualit\u00e9 &nbsp;LabelFrancEducation est d\u00e9cern\u00e9 aux \u00e9coles hors de France qui contribuent \u00e0 la diffusion de la langue et de la culture fran\u00e7aises. Ce Label a&nbsp;\u00e9t\u00e9 d\u00e9cern\u00e9 pour la premi\u00e8re fois en 2012. LabelFrancEducation est une reconnaissance de la qualit\u00e9 de l\u2019enseignement des \u00e9coles publiques et priv\u00e9es qui offrent \u00e0 leurs \u00e9l\u00e8ves un [&hellip;]\" \/>\n<meta property=\"og:url\" content=\"https:\/\/institutfrancais.sk\/fr\/labelfranceducation\/\" \/>\n<meta property=\"og:site_name\" content=\"Franc\u00fazsky in\u0161tit\u00fat na Slovensku\" \/>\n<meta property=\"article:published_time\" content=\"2020-02-13T09:01:47+00:00\" \/>\n<meta property=\"article:modified_time\" content=\"2020-02-13T16:30:21+00:00\" \/>\n<meta property=\"og:image\" content=\"https:\/\/institutfrancais.sk\/wp-content\/uploads\/2020\/02\/label-franceeducation-300x267.png\" \/>\n<meta name=\"author\" content=\"Silvia Litva Polak\" \/>\n<meta name=\"twitter:card\" content=\"summary_large_image\" \/>\n<meta name=\"twitter:label1\" content=\"\u00c9crit par\" \/>\n\t<meta name=\"twitter:data1\" content=\"Silvia Litva Polak\" \/>\n\t<meta name=\"twitter:label2\" content=\"Dur\u00e9e de lecture estim\u00e9e\" \/>\n\t<meta name=\"twitter:data2\" content=\"1 minute\" \/>\n<script type=\"application\/ld+json\" class=\"yoast-schema-graph\">{\"@context\":\"https:\/\/schema.org\",\"@graph\":[{\"@type\":\"WebPage\",\"@id\":\"https:\/\/institutfrancais.sk\/fr\/labelfranceducation\/\",\"url\":\"https:\/\/institutfrancais.sk\/fr\/labelfranceducation\/\",\"name\":\"LabelFrancEducation - Franc\u00fazsky in\u0161tit\u00fat na Slovensku\",\"isPartOf\":{\"@id\":\"https:\/\/institutfrancais.sk\/fr\/#website\"},\"primaryImageOfPage\":{\"@id\":\"https:\/\/institutfrancais.sk\/fr\/labelfranceducation\/#primaryimage\"},\"image\":{\"@id\":\"https:\/\/institutfrancais.sk\/fr\/labelfranceducation\/#primaryimage\"},\"thumbnailUrl\":\"https:\/\/institutfrancais.sk\/wp-content\/uploads\/2020\/02\/label-franceeducation-300x267.png\",\"datePublished\":\"2020-02-13T09:01:47+00:00\",\"dateModified\":\"2020-02-13T16:30:21+00:00\",\"author\":{\"@id\":\"https:\/\/institutfrancais.sk\/fr\/#\/schema\/person\/38abf1b8c029535fe5735e69e3aa8ad8\"},\"breadcrumb\":{\"@id\":\"https:\/\/institutfrancais.sk\/fr\/labelfranceducation\/#breadcrumb\"},\"inLanguage\":\"fr-FR\",\"potentialAction\":[{\"@type\":\"ReadAction\",\"target\":[\"https:\/\/institutfrancais.sk\/fr\/labelfranceducation\/\"]}]},{\"@type\":\"ImageObject\",\"inLanguage\":\"fr-FR\",\"@id\":\"https:\/\/institutfrancais.sk\/fr\/labelfranceducation\/#primaryimage\",\"url\":\"https:\/\/institutfrancais.sk\/wp-content\/uploads\/2020\/02\/label-franceeducation-300x267.png\",\"contentUrl\":\"https:\/\/institutfrancais.sk\/wp-content\/uploads\/2020\/02\/label-franceeducation-300x267.png\"},{\"@type\":\"BreadcrumbList\",\"@id\":\"https:\/\/institutfrancais.sk\/fr\/labelfranceducation\/#breadcrumb\",\"itemListElement\":[{\"@type\":\"ListItem\",\"position\":1,\"name\":\"Home\",\"item\":\"https:\/\/institutfrancais.sk\/fr\/\"},{\"@type\":\"ListItem\",\"position\":2,\"name\":\"LabelFrancEducation\"}]},{\"@type\":\"WebSite\",\"@id\":\"https:\/\/institutfrancais.sk\/fr\/#website\",\"url\":\"https:\/\/institutfrancais.sk\/fr\/\",\"name\":\"Franc\u00fazsky in\u0161tit\u00fat na Slovensku\",\"description\":\"Franc\u00fazsky in\u0161tit\u00fat na Slovensku\",\"potentialAction\":[{\"@type\":\"SearchAction\",\"target\":{\"@type\":\"EntryPoint\",\"urlTemplate\":\"https:\/\/institutfrancais.sk\/fr\/?s={search_term_string}\"},\"query-input\":{\"@type\":\"PropertyValueSpecification\",\"valueRequired\":true,\"valueName\":\"search_term_string\"}}],\"inLanguage\":\"fr-FR\"},{\"@type\":\"Person\",\"@id\":\"https:\/\/institutfrancais.sk\/fr\/#\/schema\/person\/38abf1b8c029535fe5735e69e3aa8ad8\",\"name\":\"Silvia Litva Polak\",\"sameAs\":[\"http:\/\/www.institutfrancais.sk\"],\"url\":\"https:\/\/institutfrancais.sk\/fr\/author\/silvia\/\"}]}<\/script>\n<!-- \/ Yoast SEO plugin. -->","yoast_head_json":{"title":"LabelFrancEducation - Franc\u00fazsky in\u0161tit\u00fat na Slovensku","robots":{"index":"index","follow":"follow","max-snippet":"max-snippet:-1","max-image-preview":"max-image-preview:large","max-video-preview":"max-video-preview:-1"},"canonical":"https:\/\/institutfrancais.sk\/fr\/labelfranceducation\/","og_locale":"fr_FR","og_type":"article","og_title":"LabelFrancEducation - Franc\u00fazsky in\u0161tit\u00fat na Slovensku","og_description":"Le label de qualit\u00e9 &nbsp;LabelFrancEducation est d\u00e9cern\u00e9 aux \u00e9coles hors de France qui contribuent \u00e0 la diffusion de la langue et de la culture fran\u00e7aises. Ce Label a&nbsp;\u00e9t\u00e9 d\u00e9cern\u00e9 pour la premi\u00e8re fois en 2012. LabelFrancEducation est une reconnaissance de la qualit\u00e9 de l\u2019enseignement des \u00e9coles publiques et priv\u00e9es qui offrent \u00e0 leurs \u00e9l\u00e8ves un [&hellip;]","og_url":"https:\/\/institutfrancais.sk\/fr\/labelfranceducation\/","og_site_name":"Franc\u00fazsky in\u0161tit\u00fat na Slovensku","article_published_time":"2020-02-13T09:01:47+00:00","article_modified_time":"2020-02-13T16:30:21+00:00","og_image":[{"url":"https:\/\/institutfrancais.sk\/wp-content\/uploads\/2020\/02\/label-franceeducation-300x267.png","type":"","width":"","height":""}],"author":"Silvia Litva Polak","twitter_card":"summary_large_image","twitter_misc":{"\u00c9crit par":"Silvia Litva Polak","Dur\u00e9e de lecture estim\u00e9e":"1 minute"},"schema":{"@context":"https:\/\/schema.org","@graph":[{"@type":"WebPage","@id":"https:\/\/institutfrancais.sk\/fr\/labelfranceducation\/","url":"https:\/\/institutfrancais.sk\/fr\/labelfranceducation\/","name":"LabelFrancEducation - Franc\u00fazsky in\u0161tit\u00fat na Slovensku","isPartOf":{"@id":"https:\/\/institutfrancais.sk\/fr\/#website"},"primaryImageOfPage":{"@id":"https:\/\/institutfrancais.sk\/fr\/labelfranceducation\/#primaryimage"},"image":{"@id":"https:\/\/institutfrancais.sk\/fr\/labelfranceducation\/#primaryimage"},"thumbnailUrl":"https:\/\/institutfrancais.sk\/wp-content\/uploads\/2020\/02\/label-franceeducation-300x267.png","datePublished":"2020-02-13T09:01:47+00:00","dateModified":"2020-02-13T16:30:21+00:00","author":{"@id":"https:\/\/institutfrancais.sk\/fr\/#\/schema\/person\/38abf1b8c029535fe5735e69e3aa8ad8"},"breadcrumb":{"@id":"https:\/\/institutfrancais.sk\/fr\/labelfranceducation\/#breadcrumb"},"inLanguage":"fr-FR","potentialAction":[{"@type":"ReadAction","target":["https:\/\/institutfrancais.sk\/fr\/labelfranceducation\/"]}]},{"@type":"ImageObject","inLanguage":"fr-FR","@id":"https:\/\/institutfrancais.sk\/fr\/labelfranceducation\/#primaryimage","url":"https:\/\/institutfrancais.sk\/wp-content\/uploads\/2020\/02\/label-franceeducation-300x267.png","contentUrl":"https:\/\/institutfrancais.sk\/wp-content\/uploads\/2020\/02\/label-franceeducation-300x267.png"},{"@type":"BreadcrumbList","@id":"https:\/\/institutfrancais.sk\/fr\/labelfranceducation\/#breadcrumb","itemListElement":[{"@type":"ListItem","position":1,"name":"Home","item":"https:\/\/institutfrancais.sk\/fr\/"},{"@type":"ListItem","position":2,"name":"LabelFrancEducation"}]},{"@type":"WebSite","@id":"https:\/\/institutfrancais.sk\/fr\/#website","url":"https:\/\/institutfrancais.sk\/fr\/","name":"Franc\u00fazsky in\u0161tit\u00fat na Slovensku","description":"Franc\u00fazsky in\u0161tit\u00fat na Slovensku","potentialAction":[{"@type":"SearchAction","target":{"@type":"EntryPoint","urlTemplate":"https:\/\/institutfrancais.sk\/fr\/?s={search_term_string}"},"query-input":{"@type":"PropertyValueSpecification","valueRequired":true,"valueName":"search_term_string"}}],"inLanguage":"fr-FR"},{"@type":"Person","@id":"https:\/\/institutfrancais.sk\/fr\/#\/schema\/person\/38abf1b8c029535fe5735e69e3aa8ad8","name":"Silvia Litva Polak","sameAs":["http:\/\/www.institutfrancais.sk"],"url":"https:\/\/institutfrancais.sk\/fr\/author\/silvia\/"}]}},"_links":{"self":[{"href":"https:\/\/institutfrancais.sk\/fr\/wp-json\/wp\/v2\/posts\/6588"}],"collection":[{"href":"https:\/\/institutfrancais.sk\/fr\/wp-json\/wp\/v2\/posts"}],"about":[{"href":"https:\/\/institutfrancais.sk\/fr\/wp-json\/wp\/v2\/types\/post"}],"author":[{"embeddable":true,"href":"https:\/\/institutfrancais.sk\/fr\/wp-json\/wp\/v2\/users\/14"}],"replies":[{"embeddable":true,"href":"https:\/\/institutfrancais.sk\/fr\/wp-json\/wp\/v2\/comments?post=6588"}],"version-history":[{"count":0,"href":"https:\/\/institutfrancais.sk\/fr\/wp-json\/wp\/v2\/posts\/6588\/revisions"}],"wp:attachment":[{"href":"https:\/\/institutfrancais.sk\/fr\/wp-json\/wp\/v2\/media?parent=6588"}],"wp:term":[{"taxonomy":"category","embeddable":true,"href":"https:\/\/institutfrancais.sk\/fr\/wp-json\/wp\/v2\/categories?post=6588"},{"taxonomy":"post_tag","embeddable":true,"href":"https:\/\/institutfrancais.sk\/fr\/wp-json\/wp\/v2\/tags?post=6588"}],"curies":[{"name":"wp","href":"https:\/\/api.w.org\/{rel}","templated":true}]}}