{"id":6750,"date":"2023-09-20T09:27:40","date_gmt":"2023-09-20T07:27:40","guid":{"rendered":"https:\/\/institutfrancais.sk\/?p=6750"},"modified":"2024-01-12T12:19:15","modified_gmt":"2024-01-12T11:19:15","slug":"ressources-pedagogiques","status":"publish","type":"post","link":"https:\/\/institutfrancais.sk\/fr\/ressources-pedagogiques\/","title":{"rendered":"Ressources p\u00e9dagogiques"},"content":{"rendered":"\n<p>Votre \u00e9tablissement propose le <strong>DELF scolaire<\/strong>&nbsp;? Vous souhaitez obtenir des informations pratiques pour organiser des sessions et promouvoir le dipl\u00f4me aupr\u00e8s de vos \u00e9l\u00e8ves&nbsp;?<\/p>\n\n\n\n<p>Vous cherchez des ressources fiables pour entrainer vos \u00e9l\u00e8ves et leur donner les meilleures chances de r\u00e9ussi leur <strong>DELF scolaire<\/strong>&nbsp;?<\/p>\n\n\n\n<p>L\u2019Institut fran\u00e7ais de Slovaquie et les Alliances fran\u00e7aises de Slovaquie ont con\u00e7u le \u00ab&nbsp;DELFormidable&nbsp;\u00bb, v\u00e9ritable mine d\u2019informations pour organiser les sessions, pr\u00e9parer vos \u00e9l\u00e8ves et promouvoir le DELF&nbsp;!<\/p>\n\n\n\n<p>Bonne visite et bonnes sessions <strong>DELF scolaire\u00a0<\/strong>! <\/p>\n\n\n\n<figure class=\"wp-block-embed is-type-video is-provider-youtube wp-block-embed-youtube wp-embed-aspect-16-9 wp-has-aspect-ratio\"><div class=\"wp-block-embed__wrapper\">\n<iframe loading=\"lazy\" title=\"Argumentaire 2023 -2024\" width=\"500\" height=\"281\" src=\"https:\/\/www.youtube.com\/embed\/MQmMSxvbN8g?feature=oembed\" frameborder=\"0\" allow=\"accelerometer; autoplay; clipboard-write; encrypted-media; gyroscope; picture-in-picture; web-share\" referrerpolicy=\"strict-origin-when-cross-origin\" allowfullscreen><\/iframe>\n<\/div><\/figure>\n\n\n<a href=\"https:\/\/padlet.com\/ifscoopelinguistique\/le-delf-dalf-c-est-delformidable-gzc17myhtpg3h23w \" class=\"btn\">PADLET DELF<\/a>\n\n<div class=\"space sm\"><\/div>\n\n<div class=\"wp-block-image\">\n<figure class=\"alignright size-full is-resized\"><img loading=\"lazy\" decoding=\"async\" width=\"646\" height=\"614\" src=\"https:\/\/institutfrancais.sk\/wp-content\/uploads\/2023\/11\/LOGO.png\" alt=\"\" class=\"wp-image-29655\" style=\"aspect-ratio:2.8764044943820224;width:268px;height:auto\" srcset=\"https:\/\/institutfrancais.sk\/wp-content\/uploads\/2023\/11\/LOGO.png 646w, https:\/\/institutfrancais.sk\/wp-content\/uploads\/2023\/11\/LOGO-300x285.png 300w\" sizes=\"(max-width: 646px) 100vw, 646px\" \/><\/figure><\/div>\n\n\n<h3 class=\"wp-block-heading\">Promouvoir le fran\u00e7ais dans les \u00e9tablissements de Slovaquie <\/h3>\n\n\n<div class=\"space xs\"><\/div>\n\n\n<p><\/p>\n\n\n\n<p><strong>L&rsquo;Institut fran\u00e7ais de Slovaquie vous accompagne dans la promotion du fran\u00e7ais dans vos \u00e9tablissements,<\/strong> pour les \u00e9l\u00e8ves et leurs parents<strong>. <\/strong><\/p>\n\n\n\n<p>L&rsquo;Institut fran\u00e7ais de Slovaquie a&nbsp;con\u00e7u une vid\u00e9o argumentaire de la langue fran\u00e7aise, est un outil \u00e0 disposition des parents d&rsquo;\u00e9l\u00e8ves, des enseignants et des \u00e9l\u00e8ves. Elle a&nbsp;pour but de leur apporter&nbsp;<strong>des informations sur le fran\u00e7ais et les atouts de son apprentissage<\/strong>. Elle met en lumi\u00e8re un panel de faits en faveur du fran\u00e7ais comme langue mondiale, et des arguments convaincants qui posent&nbsp;<strong>le fran\u00e7ais comme choix de langue vivante particuli\u00e8rement <\/strong><b>pertinent<\/b> en Slovaquie. A&nbsp;votre disposition \u00e9galement, un r\u00e9pertoire d&rsquo;activit\u00e9s \u00e0 mettre en place dans votre \u00e9tablissement.<\/p>\n\n\n<div class=\"space xs\"><\/div>\n\n<div class=\"accordion-menu\"><a href=\"#a1-\" class=\"smooth\"><\/a><\/div><div class=\"accordion\" id=\"a148\"><div class=\"card\"><div class=\"card-header\" id=\"ha148_1\"><h3 class=\"card-opener\"><button class=\"collapsed\" type=\"button\" data-toggle=\"collapse\" data-target=\"#ca148_1\" aria-expanded=\"true\" aria-controls=\"ca148_1\">Premier outil : Vid\u00e9o argumentaire &#8211;&nbsp;Langue fran\u00e7aise<span class=\"plus\"><svg viewBox=\"0 0 29 29\" xmlns=\"http:\/\/www.w3.org\/2000\/svg\"><path d=\"M28.2857 12.9286V16.7857C28.2857 17.3214 28.0982 17.7768 27.7232 18.1518C27.3482 18.5268 26.8929 18.7143 26.3571 18.7143H18V27.0714C18 27.6071 17.8125 28.0625 17.4375 28.4375C17.0625 28.8125 16.6071 29 16.0714 29H12.2143C11.6786 29 11.2232 28.8125 10.8482 28.4375C10.4732 28.0625 10.2857 27.6071 10.2857 27.0714V18.7143H1.92857C1.39286 18.7143 0.9375 18.5268 0.5625 18.1518C0.1875 17.7768 0 17.3214 0 16.7857V12.9286C0 12.3929 0.1875 11.9375 0.5625 11.5625C0.9375 11.1875 1.39286 11 1.92857 11H10.2857V2.64286C10.2857 2.10714 10.4732 1.65178 10.8482 1.27678C11.2232 0.901784 11.6786 0.714284 12.2143 0.714284H16.0714C16.6071 0.714284 17.0625 0.901784 17.4375 1.27678C17.8125 1.65178 18 2.10714 18 2.64286V11H26.3571C26.8929 11 27.3482 11.1875 27.7232 11.5625C28.0982 11.9375 28.2857 12.3929 28.2857 12.9286Z\"><\/svg><\/span><span class=\"minus\"><svg viewBox=\"0 0 29 8\" xmlns=\"http:\/\/www.w3.org\/2000\/svg\"><path d=\"M28.2857 1.92857V5.78571C28.2857 6.32143 28.0982 6.77679 27.7232 7.15179C27.3482 7.52679 26.8929 7.71429 26.3571 7.71429H1.92857C1.39286 7.71429 0.9375 7.52679 0.5625 7.15179C0.1875 6.77679 0 6.32143 0 5.78571V1.92857C0 1.39286 0.1875 0.937499 0.5625 0.562499C0.9375 0.1875 1.39286 0 1.92857 0H26.3571C26.8929 0 27.3482 0.1875 27.7232 0.562499C28.0982 0.937499 28.2857 1.39286 28.2857 1.92857Z\"><\/svg><\/span><\/button><\/h3><\/div><div id=\"ca148_1\" class=\"collapse\" aria-labelledby=\"ha148_1\" data-parent=\"#a148\"><div class=\"card-body\"><p><iframe loading=\"lazy\" title=\"Argumentaire 2023 -2024\" width=\"500\" height=\"281\" src=\"https:\/\/www.youtube.com\/embed\/MQmMSxvbN8g?feature=oembed\" frameborder=\"0\" allow=\"accelerometer; autoplay; clipboard-write; encrypted-media; gyroscope; picture-in-picture; web-share\" referrerpolicy=\"strict-origin-when-cross-origin\" allowfullscreen><\/iframe><\/p>\n<h3>Apprendre la langue fran\u00e7aise, c&rsquo;est \u00e9conomique, mondial et amusant ! Et surtout, c&rsquo;est utile en Slovaquie !<\/h3>\n<p>La preuve et la d\u00e9monstration dans cette vid\u00e9o r\u00e9alis\u00e9e par l&rsquo;Institut fran\u00e7ais de Slovaquie : libre d&rsquo;acc\u00e8s, vous pouvez la diffuser \u00e0 vos (futurs) \u00e9l\u00e8ves, \u00e0 leurs parents, lors des portes ouvertes de votre \u00e9cole.. cette vid\u00e9o en slovaque a&nbsp;\u00e9t\u00e9 con\u00e7ue pour vous et vous aider dans la promotion du fran\u00e7ais. A&nbsp;diffuser sans mod\u00e9ration !<\/p>\n<p><a href=\"https:\/\/youtu.be\/MQmMSxvbN8g?feature=shared\">https:\/\/youtu.be\/MQmMSxvbN8g?feature=shared<\/a><\/p>\n<\/div><\/div><\/div><div class=\"card\"><div class=\"card-header\" id=\"ha148_2\"><h3 class=\"card-opener\"><button class=\"collapsed\" type=\"button\" data-toggle=\"collapse\" data-target=\"#ca148_2\" aria-expanded=\"true\" aria-controls=\"ca148_2\">Deuxi\u00e8me outil : r\u00e9pertoire d&rsquo;actions <span class=\"plus\"><svg viewBox=\"0 0 29 29\" xmlns=\"http:\/\/www.w3.org\/2000\/svg\"><path d=\"M28.2857 12.9286V16.7857C28.2857 17.3214 28.0982 17.7768 27.7232 18.1518C27.3482 18.5268 26.8929 18.7143 26.3571 18.7143H18V27.0714C18 27.6071 17.8125 28.0625 17.4375 28.4375C17.0625 28.8125 16.6071 29 16.0714 29H12.2143C11.6786 29 11.2232 28.8125 10.8482 28.4375C10.4732 28.0625 10.2857 27.6071 10.2857 27.0714V18.7143H1.92857C1.39286 18.7143 0.9375 18.5268 0.5625 18.1518C0.1875 17.7768 0 17.3214 0 16.7857V12.9286C0 12.3929 0.1875 11.9375 0.5625 11.5625C0.9375 11.1875 1.39286 11 1.92857 11H10.2857V2.64286C10.2857 2.10714 10.4732 1.65178 10.8482 1.27678C11.2232 0.901784 11.6786 0.714284 12.2143 0.714284H16.0714C16.6071 0.714284 17.0625 0.901784 17.4375 1.27678C17.8125 1.65178 18 2.10714 18 2.64286V11H26.3571C26.8929 11 27.3482 11.1875 27.7232 11.5625C28.0982 11.9375 28.2857 12.3929 28.2857 12.9286Z\"><\/svg><\/span><span class=\"minus\"><svg viewBox=\"0 0 29 8\" xmlns=\"http:\/\/www.w3.org\/2000\/svg\"><path d=\"M28.2857 1.92857V5.78571C28.2857 6.32143 28.0982 6.77679 27.7232 7.15179C27.3482 7.52679 26.8929 7.71429 26.3571 7.71429H1.92857C1.39286 7.71429 0.9375 7.52679 0.5625 7.15179C0.1875 6.77679 0 6.32143 0 5.78571V1.92857C0 1.39286 0.1875 0.937499 0.5625 0.562499C0.9375 0.1875 1.39286 0 1.92857 0H26.3571C26.8929 0 27.3482 0.1875 27.7232 0.562499C28.0982 0.937499 28.2857 1.39286 28.2857 1.92857Z\"><\/svg><\/span><\/button><\/h3><\/div><div id=\"ca148_2\" class=\"collapse\" aria-labelledby=\"ha148_2\" data-parent=\"#a148\"><div class=\"card-body\"><p>Vous trouverez ici quelques id\u00e9es que vous pouvez mettre en \u0153uvre dans votre \u00e9tablissement pour promouvoir l&rsquo;apprentissage du fran\u00e7ais. Vous y trouverez des th\u00e8mes\/suggestions que vous pouvez \u00e9galement traiter de mani\u00e8re interdisciplinaire.<\/p>\n<p><a href=\"https:\/\/institutfrancais.sk\/wp-content\/uploads\/2023\/09\/IFS-PROMOUVOIR-LE-FRANCAIS-EN-SLOVAQUIE.pdf\">IFS &#8211;&nbsp;PROMOUVOIR LE FRANCAIS EN SLOVAQUIE<\/a><\/p>\n<p><a href=\"https:\/\/institutfrancais.sk\/wp-content\/uploads\/2023\/09\/INFOS-ETUDES-SUPERIEURES-EN-FRANCE-Institut-francais-de-Slovaquie.pptx\">INFOS ETUDES SUPERIEURES EN FRANCE Institut fran\u00e7ais de Slovaquie<\/a><\/p>\n<\/div><\/div><\/div><div class=\"card\"><div class=\"card-header\" id=\"ha148_3\"><h3 class=\"card-opener\"><button class=\"collapsed\" type=\"button\" data-toggle=\"collapse\" data-target=\"#ca148_3\" aria-expanded=\"true\" aria-controls=\"ca148_3\">Troisi\u00e8me outil : IF profs<span class=\"plus\"><svg viewBox=\"0 0 29 29\" xmlns=\"http:\/\/www.w3.org\/2000\/svg\"><path d=\"M28.2857 12.9286V16.7857C28.2857 17.3214 28.0982 17.7768 27.7232 18.1518C27.3482 18.5268 26.8929 18.7143 26.3571 18.7143H18V27.0714C18 27.6071 17.8125 28.0625 17.4375 28.4375C17.0625 28.8125 16.6071 29 16.0714 29H12.2143C11.6786 29 11.2232 28.8125 10.8482 28.4375C10.4732 28.0625 10.2857 27.6071 10.2857 27.0714V18.7143H1.92857C1.39286 18.7143 0.9375 18.5268 0.5625 18.1518C0.1875 17.7768 0 17.3214 0 16.7857V12.9286C0 12.3929 0.1875 11.9375 0.5625 11.5625C0.9375 11.1875 1.39286 11 1.92857 11H10.2857V2.64286C10.2857 2.10714 10.4732 1.65178 10.8482 1.27678C11.2232 0.901784 11.6786 0.714284 12.2143 0.714284H16.0714C16.6071 0.714284 17.0625 0.901784 17.4375 1.27678C17.8125 1.65178 18 2.10714 18 2.64286V11H26.3571C26.8929 11 27.3482 11.1875 27.7232 11.5625C28.0982 11.9375 28.2857 12.3929 28.2857 12.9286Z\"><\/svg><\/span><span class=\"minus\"><svg viewBox=\"0 0 29 8\" xmlns=\"http:\/\/www.w3.org\/2000\/svg\"><path d=\"M28.2857 1.92857V5.78571C28.2857 6.32143 28.0982 6.77679 27.7232 7.15179C27.3482 7.52679 26.8929 7.71429 26.3571 7.71429H1.92857C1.39286 7.71429 0.9375 7.52679 0.5625 7.15179C0.1875 6.77679 0 6.32143 0 5.78571V1.92857C0 1.39286 0.1875 0.937499 0.5625 0.562499C0.9375 0.1875 1.39286 0 1.92857 0H26.3571C26.8929 0 27.3482 0.1875 27.7232 0.562499C28.0982 0.937499 28.2857 1.39286 28.2857 1.92857Z\"><\/svg><\/span><\/button><\/h3><\/div><div id=\"ca148_3\" class=\"collapse\" aria-labelledby=\"ha148_3\" data-parent=\"#a148\"><div class=\"card-body\"><p>IF profs, c&rsquo;est le r\u00e9seau social des professeurs de fran\u00e7ais ! Rejoignez le mouvement !<\/p>\n<p><a href=\"https:\/\/ifprofs.org\/sk\/decouvrir-ifprofs\/Bienvenue-sur-IFprofs-Slovaquie\/443\">https:\/\/ifprofs.org\/sk\/decouvrir-ifprofs\/Bienvenue-sur-IFprofs-Slovaquie\/443<\/a><\/p>\n<p>&nbsp;<\/p>\n<\/div><\/div><\/div><\/div>\n\n<\/div><div class=\"gray-bg\"><div class=\"cta-box\"><div class=\"wrap narrow-wrap\"><div class=\"content dark-blue\"><div class=\"cta-box-content\"><div class=\"left-side\"><div class=\"left-content\"><h3>Rejoignez-nous sur IF Profs<\/h3>\n<p>le r\u00e9seau social d\u2019\u00e9changes entre professionnels<\/p>\n<p>&nbsp;<\/p>\n<p><a href=\"https:\/\/institutfrancais.sk\/fr\/if-profs\"><img loading=\"lazy\" decoding=\"async\" class=\"alignnone wp-image-2339\" src=\"https:\/\/institutfrancais.sk\/wp-content\/uploads\/2020\/01\/IF_PictoDiscipline_Numerique_Quadri_blanc.png\" alt=\"\" width=\"69\" height=\"65\" \/><\/a><\/p>\n<\/div><\/div><div class=\"right-side\"><div class=\"right-content\"><p><a href=\"https:\/\/institutfrancais.sk\/fr\/if-profs\"><img loading=\"lazy\" decoding=\"async\" class=\"wp-image-6781 alignright\" src=\"https:\/\/institutfrancais.sk\/wp-content\/uploads\/2020\/02\/ifprofs-300x170.png\" alt=\"\" width=\"445\" height=\"252\" srcset=\"https:\/\/institutfrancais.sk\/wp-content\/uploads\/2020\/02\/ifprofs-300x170.png 300w, https:\/\/institutfrancais.sk\/wp-content\/uploads\/2020\/02\/ifprofs-1024x579.png 1024w, https:\/\/institutfrancais.sk\/wp-content\/uploads\/2020\/02\/ifprofs-768x435.png 768w, https:\/\/institutfrancais.sk\/wp-content\/uploads\/2020\/02\/ifprofs-1190x673.png 1190w, https:\/\/institutfrancais.sk\/wp-content\/uploads\/2020\/02\/ifprofs.png 1267w\" sizes=\"(max-width: 445px) 100vw, 445px\" \/><\/a><\/p>\n<\/div><\/div><\/div><\/div><\/div><\/div><\/div><div class=\"wrap narrow-wrap\">\n\n\n<p><\/p>\n","protected":false},"excerpt":{"rendered":"<p>Votre \u00e9tablissement propose le DELF scolaire&nbsp;? Vous souhaitez obtenir des informations pratiques pour organiser des sessions et promouvoir le dipl\u00f4me aupr\u00e8s de vos \u00e9l\u00e8ves&nbsp;? Vous cherchez des ressources fiables pour entrainer vos \u00e9l\u00e8ves et leur donner les meilleures chances de r\u00e9ussi leur DELF scolaire&nbsp;? L\u2019Institut fran\u00e7ais de Slovaquie et les Alliances fran\u00e7aises de Slovaquie ont [&hellip;]<\/p>\n","protected":false},"author":14,"featured_media":6751,"comment_status":"open","ping_status":"open","sticky":false,"template":"","format":"standard","meta":{"_acf_changed":false,"footnotes":""},"categories":[83,47,85],"tags":[],"acf":[],"yoast_head":"<!-- This site is optimized with the Yoast SEO plugin v24.5 - https:\/\/yoast.com\/wordpress\/plugins\/seo\/ -->\n<title>Ressources p\u00e9dagogiques - Franc\u00fazsky in\u0161tit\u00fat na Slovensku<\/title>\n<meta name=\"robots\" content=\"index, follow, max-snippet:-1, max-image-preview:large, max-video-preview:-1\" \/>\n<link rel=\"canonical\" href=\"https:\/\/institutfrancais.sk\/fr\/ressources-pedagogiques\/\" \/>\n<meta property=\"og:locale\" content=\"fr_FR\" \/>\n<meta property=\"og:type\" content=\"article\" \/>\n<meta property=\"og:title\" content=\"Ressources p\u00e9dagogiques - Franc\u00fazsky in\u0161tit\u00fat na Slovensku\" \/>\n<meta property=\"og:description\" content=\"Votre \u00e9tablissement propose le DELF scolaire&nbsp;? Vous souhaitez obtenir des informations pratiques pour organiser des sessions et promouvoir le dipl\u00f4me aupr\u00e8s de vos \u00e9l\u00e8ves&nbsp;? Vous cherchez des ressources fiables pour entrainer vos \u00e9l\u00e8ves et leur donner les meilleures chances de r\u00e9ussi leur DELF scolaire&nbsp;? L\u2019Institut fran\u00e7ais de Slovaquie et les Alliances fran\u00e7aises de Slovaquie ont [&hellip;]\" \/>\n<meta property=\"og:url\" content=\"https:\/\/institutfrancais.sk\/fr\/ressources-pedagogiques\/\" \/>\n<meta property=\"og:site_name\" content=\"Franc\u00fazsky in\u0161tit\u00fat na Slovensku\" \/>\n<meta property=\"article:published_time\" content=\"2023-09-20T07:27:40+00:00\" \/>\n<meta property=\"article:modified_time\" content=\"2024-01-12T11:19:15+00:00\" \/>\n<meta property=\"og:image\" content=\"https:\/\/institutfrancais.sk\/wp-content\/uploads\/2020\/02\/apple-check-computer-female-7079-scaled.jpg\" \/>\n\t<meta property=\"og:image:width\" content=\"2560\" \/>\n\t<meta property=\"og:image:height\" content=\"1696\" \/>\n\t<meta property=\"og:image:type\" content=\"image\/jpeg\" \/>\n<meta name=\"author\" content=\"Silvia Litva Polak\" \/>\n<meta name=\"twitter:card\" content=\"summary_large_image\" \/>\n<meta name=\"twitter:label1\" content=\"\u00c9crit par\" \/>\n\t<meta name=\"twitter:data1\" content=\"Silvia Litva Polak\" \/>\n\t<meta name=\"twitter:label2\" content=\"Dur\u00e9e de lecture estim\u00e9e\" \/>\n\t<meta name=\"twitter:data2\" content=\"2 minutes\" \/>\n<script type=\"application\/ld+json\" class=\"yoast-schema-graph\">{\"@context\":\"https:\/\/schema.org\",\"@graph\":[{\"@type\":\"WebPage\",\"@id\":\"https:\/\/institutfrancais.sk\/fr\/ressources-pedagogiques\/\",\"url\":\"https:\/\/institutfrancais.sk\/fr\/ressources-pedagogiques\/\",\"name\":\"Ressources p\u00e9dagogiques - Franc\u00fazsky in\u0161tit\u00fat na Slovensku\",\"isPartOf\":{\"@id\":\"https:\/\/institutfrancais.sk\/fr\/#website\"},\"primaryImageOfPage\":{\"@id\":\"https:\/\/institutfrancais.sk\/fr\/ressources-pedagogiques\/#primaryimage\"},\"image\":{\"@id\":\"https:\/\/institutfrancais.sk\/fr\/ressources-pedagogiques\/#primaryimage\"},\"thumbnailUrl\":\"https:\/\/institutfrancais.sk\/wp-content\/uploads\/2020\/02\/apple-check-computer-female-7079-scaled.jpg\",\"datePublished\":\"2023-09-20T07:27:40+00:00\",\"dateModified\":\"2024-01-12T11:19:15+00:00\",\"author\":{\"@id\":\"https:\/\/institutfrancais.sk\/fr\/#\/schema\/person\/38abf1b8c029535fe5735e69e3aa8ad8\"},\"breadcrumb\":{\"@id\":\"https:\/\/institutfrancais.sk\/fr\/ressources-pedagogiques\/#breadcrumb\"},\"inLanguage\":\"fr-FR\",\"potentialAction\":[{\"@type\":\"ReadAction\",\"target\":[\"https:\/\/institutfrancais.sk\/fr\/ressources-pedagogiques\/\"]}]},{\"@type\":\"ImageObject\",\"inLanguage\":\"fr-FR\",\"@id\":\"https:\/\/institutfrancais.sk\/fr\/ressources-pedagogiques\/#primaryimage\",\"url\":\"https:\/\/institutfrancais.sk\/wp-content\/uploads\/2020\/02\/apple-check-computer-female-7079-scaled.jpg\",\"contentUrl\":\"https:\/\/institutfrancais.sk\/wp-content\/uploads\/2020\/02\/apple-check-computer-female-7079-scaled.jpg\",\"width\":2560,\"height\":1696},{\"@type\":\"BreadcrumbList\",\"@id\":\"https:\/\/institutfrancais.sk\/fr\/ressources-pedagogiques\/#breadcrumb\",\"itemListElement\":[{\"@type\":\"ListItem\",\"position\":1,\"name\":\"Home\",\"item\":\"https:\/\/institutfrancais.sk\/fr\/\"},{\"@type\":\"ListItem\",\"position\":2,\"name\":\"Ressources p\u00e9dagogiques\"}]},{\"@type\":\"WebSite\",\"@id\":\"https:\/\/institutfrancais.sk\/fr\/#website\",\"url\":\"https:\/\/institutfrancais.sk\/fr\/\",\"name\":\"Franc\u00fazsky in\u0161tit\u00fat na Slovensku\",\"description\":\"Franc\u00fazsky in\u0161tit\u00fat na Slovensku\",\"potentialAction\":[{\"@type\":\"SearchAction\",\"target\":{\"@type\":\"EntryPoint\",\"urlTemplate\":\"https:\/\/institutfrancais.sk\/fr\/?s={search_term_string}\"},\"query-input\":{\"@type\":\"PropertyValueSpecification\",\"valueRequired\":true,\"valueName\":\"search_term_string\"}}],\"inLanguage\":\"fr-FR\"},{\"@type\":\"Person\",\"@id\":\"https:\/\/institutfrancais.sk\/fr\/#\/schema\/person\/38abf1b8c029535fe5735e69e3aa8ad8\",\"name\":\"Silvia Litva Polak\",\"sameAs\":[\"http:\/\/www.institutfrancais.sk\"],\"url\":\"https:\/\/institutfrancais.sk\/fr\/author\/silvia\/\"}]}<\/script>\n<!-- \/ Yoast SEO plugin. -->","yoast_head_json":{"title":"Ressources p\u00e9dagogiques - Franc\u00fazsky in\u0161tit\u00fat na Slovensku","robots":{"index":"index","follow":"follow","max-snippet":"max-snippet:-1","max-image-preview":"max-image-preview:large","max-video-preview":"max-video-preview:-1"},"canonical":"https:\/\/institutfrancais.sk\/fr\/ressources-pedagogiques\/","og_locale":"fr_FR","og_type":"article","og_title":"Ressources p\u00e9dagogiques - Franc\u00fazsky in\u0161tit\u00fat na Slovensku","og_description":"Votre \u00e9tablissement propose le DELF scolaire&nbsp;? Vous souhaitez obtenir des informations pratiques pour organiser des sessions et promouvoir le dipl\u00f4me aupr\u00e8s de vos \u00e9l\u00e8ves&nbsp;? Vous cherchez des ressources fiables pour entrainer vos \u00e9l\u00e8ves et leur donner les meilleures chances de r\u00e9ussi leur DELF scolaire&nbsp;? L\u2019Institut fran\u00e7ais de Slovaquie et les Alliances fran\u00e7aises de Slovaquie ont [&hellip;]","og_url":"https:\/\/institutfrancais.sk\/fr\/ressources-pedagogiques\/","og_site_name":"Franc\u00fazsky in\u0161tit\u00fat na Slovensku","article_published_time":"2023-09-20T07:27:40+00:00","article_modified_time":"2024-01-12T11:19:15+00:00","og_image":[{"width":2560,"height":1696,"url":"https:\/\/institutfrancais.sk\/wp-content\/uploads\/2020\/02\/apple-check-computer-female-7079-scaled.jpg","type":"image\/jpeg"}],"author":"Silvia Litva Polak","twitter_card":"summary_large_image","twitter_misc":{"\u00c9crit par":"Silvia Litva Polak","Dur\u00e9e de lecture estim\u00e9e":"2 minutes"},"schema":{"@context":"https:\/\/schema.org","@graph":[{"@type":"WebPage","@id":"https:\/\/institutfrancais.sk\/fr\/ressources-pedagogiques\/","url":"https:\/\/institutfrancais.sk\/fr\/ressources-pedagogiques\/","name":"Ressources p\u00e9dagogiques - Franc\u00fazsky in\u0161tit\u00fat na Slovensku","isPartOf":{"@id":"https:\/\/institutfrancais.sk\/fr\/#website"},"primaryImageOfPage":{"@id":"https:\/\/institutfrancais.sk\/fr\/ressources-pedagogiques\/#primaryimage"},"image":{"@id":"https:\/\/institutfrancais.sk\/fr\/ressources-pedagogiques\/#primaryimage"},"thumbnailUrl":"https:\/\/institutfrancais.sk\/wp-content\/uploads\/2020\/02\/apple-check-computer-female-7079-scaled.jpg","datePublished":"2023-09-20T07:27:40+00:00","dateModified":"2024-01-12T11:19:15+00:00","author":{"@id":"https:\/\/institutfrancais.sk\/fr\/#\/schema\/person\/38abf1b8c029535fe5735e69e3aa8ad8"},"breadcrumb":{"@id":"https:\/\/institutfrancais.sk\/fr\/ressources-pedagogiques\/#breadcrumb"},"inLanguage":"fr-FR","potentialAction":[{"@type":"ReadAction","target":["https:\/\/institutfrancais.sk\/fr\/ressources-pedagogiques\/"]}]},{"@type":"ImageObject","inLanguage":"fr-FR","@id":"https:\/\/institutfrancais.sk\/fr\/ressources-pedagogiques\/#primaryimage","url":"https:\/\/institutfrancais.sk\/wp-content\/uploads\/2020\/02\/apple-check-computer-female-7079-scaled.jpg","contentUrl":"https:\/\/institutfrancais.sk\/wp-content\/uploads\/2020\/02\/apple-check-computer-female-7079-scaled.jpg","width":2560,"height":1696},{"@type":"BreadcrumbList","@id":"https:\/\/institutfrancais.sk\/fr\/ressources-pedagogiques\/#breadcrumb","itemListElement":[{"@type":"ListItem","position":1,"name":"Home","item":"https:\/\/institutfrancais.sk\/fr\/"},{"@type":"ListItem","position":2,"name":"Ressources p\u00e9dagogiques"}]},{"@type":"WebSite","@id":"https:\/\/institutfrancais.sk\/fr\/#website","url":"https:\/\/institutfrancais.sk\/fr\/","name":"Franc\u00fazsky in\u0161tit\u00fat na Slovensku","description":"Franc\u00fazsky in\u0161tit\u00fat na Slovensku","potentialAction":[{"@type":"SearchAction","target":{"@type":"EntryPoint","urlTemplate":"https:\/\/institutfrancais.sk\/fr\/?s={search_term_string}"},"query-input":{"@type":"PropertyValueSpecification","valueRequired":true,"valueName":"search_term_string"}}],"inLanguage":"fr-FR"},{"@type":"Person","@id":"https:\/\/institutfrancais.sk\/fr\/#\/schema\/person\/38abf1b8c029535fe5735e69e3aa8ad8","name":"Silvia Litva Polak","sameAs":["http:\/\/www.institutfrancais.sk"],"url":"https:\/\/institutfrancais.sk\/fr\/author\/silvia\/"}]}},"_links":{"self":[{"href":"https:\/\/institutfrancais.sk\/fr\/wp-json\/wp\/v2\/posts\/6750"}],"collection":[{"href":"https:\/\/institutfrancais.sk\/fr\/wp-json\/wp\/v2\/posts"}],"about":[{"href":"https:\/\/institutfrancais.sk\/fr\/wp-json\/wp\/v2\/types\/post"}],"author":[{"embeddable":true,"href":"https:\/\/institutfrancais.sk\/fr\/wp-json\/wp\/v2\/users\/14"}],"replies":[{"embeddable":true,"href":"https:\/\/institutfrancais.sk\/fr\/wp-json\/wp\/v2\/comments?post=6750"}],"version-history":[{"count":0,"href":"https:\/\/institutfrancais.sk\/fr\/wp-json\/wp\/v2\/posts\/6750\/revisions"}],"wp:featuredmedia":[{"embeddable":true,"href":"https:\/\/institutfrancais.sk\/fr\/wp-json\/wp\/v2\/media\/6751"}],"wp:attachment":[{"href":"https:\/\/institutfrancais.sk\/fr\/wp-json\/wp\/v2\/media?parent=6750"}],"wp:term":[{"taxonomy":"category","embeddable":true,"href":"https:\/\/institutfrancais.sk\/fr\/wp-json\/wp\/v2\/categories?post=6750"},{"taxonomy":"post_tag","embeddable":true,"href":"https:\/\/institutfrancais.sk\/fr\/wp-json\/wp\/v2\/tags?post=6750"}],"curies":[{"name":"wp","href":"https:\/\/api.w.org\/{rel}","templated":true}]}}