{"id":9529,"date":"2020-04-27T18:13:57","date_gmt":"2020-04-27T16:13:57","guid":{"rendered":"https:\/\/institutfrancais.sk\/?p=9529"},"modified":"2020-07-16T12:10:58","modified_gmt":"2020-07-16T10:10:58","slug":"la-francophonie-chez-toi-tv5monde","status":"publish","type":"post","link":"https:\/\/institutfrancais.sk\/fr\/la-francophonie-chez-toi-tv5monde\/","title":{"rendered":"La francophonie chez toi"},"content":{"rendered":"\n<p>Dans le contexte actuel de crise sanitaire,&nbsp;TV5MONDE, cha\u00eene de la francophonie, reste mobilis\u00e9 et lance un nouveau magazine,&nbsp;<a href=\"https:\/\/langue-francaise.tv5monde.com\/decouvrir\/voyager-en-francais\/la-francophonie-chez-toi\">\u201cLa&nbsp;Francophonie chez toi\u201d,<\/a>&nbsp;sur son site et ses r\u00e9seaux sociaux.<\/p>\n\n\n\n<p>Ivan Kabacoff, propose&nbsp;une&nbsp;d\u00e9clinaison de son magazine&nbsp;\u201cDestination Francophonie\u201d&nbsp;qui emm\u00e8ne&nbsp;les internautes du monde entier \u00e0 la rencontre&nbsp;de ceux qui se mobilisent pour&nbsp;faire vivre la langue fran\u00e7aise&nbsp;sur le num\u00e9rique \u00e0 l\u2019heure du confinement.<\/p>\n\n\n\n<p>L\u2019\u00e9mission met en avant les&nbsp;initiatives des op\u00e9rateurs et&nbsp;acteurs institutionnels&nbsp;de la francophonie ainsi que les projets individuels&nbsp;des plateformes comme celle lanc\u00e9e par l\u2019OIF \u00ab&nbsp;Solidarit\u00e9 Covid-19&nbsp;\u00bb.&nbsp;A&nbsp;travers diff\u00e9rents&nbsp;t\u00e9moignages, \u201d Francophonie chez toi\u201d reviendra sur les&nbsp;cons\u00e9quences de la crise pour des structures qui font vivre la&nbsp;francophonie \u00e0 travers le monde ainsi que les impacts&nbsp;sur la communaut\u00e9 francophone.<\/p>\n\n\n\n<p>Les premi\u00e8res \u00e9missions seront consacr\u00e9es&nbsp;aux solutions lanc\u00e9es par le r\u00e9seau culturel fran\u00e7ais et les \u00e9coles de langue&nbsp;pour continuer \u00e0 apprendre et enseigner le fran\u00e7ais &nbsp;en p\u00e9riode de confinement en pr\u00e9sentant&nbsp;des initiatives d\u00e9velopp\u00e9es au Maroc, \u00e0 Hong-Kong, au Etats-Unis, en Allemagne et en France.&nbsp;Les \u00e9missions suivantes seront consacr\u00e9es&nbsp;aux \u201cmots du confinement\u201d avec les linguistiques Aurore Vincenti et Bernard Cerquiglini&nbsp;puis aux initiaitves qui permettent de se former en fran\u00e7ais dans l\u2019espace francophone en situation confin\u00e9e. <\/p>\n\n\n<div class=\"space sm\"><\/div>\n\n<div class=\"text-center\"><a href=\"https:\/\/langue-francaise.tv5monde.com\/decouvrir\/voyager-en-francais\/la-francophonie-chez-toi\" class=\"btn btn-blue-invert\" target=\"blank\" rel=\"noreferrer noopener\">VOIR TOUS LES \u00c9PISODES<\/a><\/div>\n\n\n<p> <em>Photo : TV5Monde<\/em> <\/p>\n","protected":false},"excerpt":{"rendered":"<p>Dans le contexte actuel de crise sanitaire,&nbsp;TV5MONDE, cha\u00eene de la francophonie, reste mobilis\u00e9 et lance un nouveau magazine,&nbsp;\u201cLa&nbsp;Francophonie chez toi\u201d,&nbsp;sur son site et ses r\u00e9seaux sociaux. Ivan Kabacoff, propose&nbsp;une&nbsp;d\u00e9clinaison de son magazine&nbsp;\u201cDestination Francophonie\u201d&nbsp;qui emm\u00e8ne&nbsp;les internautes du monde entier \u00e0 la rencontre&nbsp;de ceux qui se mobilisent pour&nbsp;faire vivre la langue fran\u00e7aise&nbsp;sur le num\u00e9rique \u00e0 l\u2019heure du [&hellip;]<\/p>\n","protected":false},"author":14,"featured_media":9530,"comment_status":"open","ping_status":"open","sticky":false,"template":"","format":"standard","meta":{"_acf_changed":false,"footnotes":""},"categories":[47,85],"tags":[],"acf":[],"yoast_head":"<!-- This site is optimized with the Yoast SEO plugin v24.5 - https:\/\/yoast.com\/wordpress\/plugins\/seo\/ -->\n<title>La francophonie chez toi - Franc\u00fazsky in\u0161tit\u00fat na Slovensku<\/title>\n<meta name=\"description\" content=\"&quot;La francophonie chez toi&quot; pr\u00e9sente les plus belles initiatives pour faire vivre la langue fran\u00e7aise sur le num\u00e9rique \u00e0 l&#039;heure du confinement.\" \/>\n<meta name=\"robots\" content=\"index, follow, max-snippet:-1, max-image-preview:large, max-video-preview:-1\" \/>\n<link rel=\"canonical\" href=\"https:\/\/institutfrancais.sk\/fr\/la-francophonie-chez-toi-tv5monde\/\" \/>\n<meta property=\"og:locale\" content=\"fr_FR\" \/>\n<meta property=\"og:type\" content=\"article\" \/>\n<meta property=\"og:title\" content=\"La francophonie chez toi - Franc\u00fazsky in\u0161tit\u00fat na Slovensku\" \/>\n<meta property=\"og:description\" content=\"&quot;La francophonie chez toi&quot; pr\u00e9sente les plus belles initiatives pour faire vivre la langue fran\u00e7aise sur le num\u00e9rique \u00e0 l&#039;heure du confinement.\" \/>\n<meta property=\"og:url\" content=\"https:\/\/institutfrancais.sk\/fr\/la-francophonie-chez-toi-tv5monde\/\" \/>\n<meta property=\"og:site_name\" content=\"Franc\u00fazsky in\u0161tit\u00fat na Slovensku\" \/>\n<meta property=\"article:published_time\" content=\"2020-04-27T16:13:57+00:00\" \/>\n<meta property=\"article:modified_time\" content=\"2020-07-16T10:10:58+00:00\" \/>\n<meta property=\"og:image\" content=\"https:\/\/institutfrancais.sk\/wp-content\/uploads\/2020\/04\/unnamed.png\" \/>\n\t<meta property=\"og:image:width\" content=\"512\" \/>\n\t<meta property=\"og:image:height\" content=\"299\" \/>\n\t<meta property=\"og:image:type\" content=\"image\/png\" \/>\n<meta name=\"author\" content=\"Silvia Litva Polak\" \/>\n<meta name=\"twitter:card\" content=\"summary_large_image\" \/>\n<meta name=\"twitter:label1\" content=\"\u00c9crit par\" \/>\n\t<meta name=\"twitter:data1\" content=\"Silvia Litva Polak\" \/>\n\t<meta name=\"twitter:label2\" content=\"Dur\u00e9e de lecture estim\u00e9e\" \/>\n\t<meta name=\"twitter:data2\" content=\"1 minute\" \/>\n<script type=\"application\/ld+json\" class=\"yoast-schema-graph\">{\"@context\":\"https:\/\/schema.org\",\"@graph\":[{\"@type\":\"WebPage\",\"@id\":\"https:\/\/institutfrancais.sk\/fr\/la-francophonie-chez-toi-tv5monde\/\",\"url\":\"https:\/\/institutfrancais.sk\/fr\/la-francophonie-chez-toi-tv5monde\/\",\"name\":\"La francophonie chez toi - Franc\u00fazsky in\u0161tit\u00fat na Slovensku\",\"isPartOf\":{\"@id\":\"https:\/\/institutfrancais.sk\/fr\/#website\"},\"primaryImageOfPage\":{\"@id\":\"https:\/\/institutfrancais.sk\/fr\/la-francophonie-chez-toi-tv5monde\/#primaryimage\"},\"image\":{\"@id\":\"https:\/\/institutfrancais.sk\/fr\/la-francophonie-chez-toi-tv5monde\/#primaryimage\"},\"thumbnailUrl\":\"https:\/\/institutfrancais.sk\/wp-content\/uploads\/2020\/04\/unnamed.png\",\"datePublished\":\"2020-04-27T16:13:57+00:00\",\"dateModified\":\"2020-07-16T10:10:58+00:00\",\"author\":{\"@id\":\"https:\/\/institutfrancais.sk\/fr\/#\/schema\/person\/38abf1b8c029535fe5735e69e3aa8ad8\"},\"description\":\"\\\"La francophonie chez toi\\\" pr\u00e9sente les plus belles initiatives pour faire vivre la langue fran\u00e7aise sur le num\u00e9rique \u00e0 l'heure du confinement.\",\"breadcrumb\":{\"@id\":\"https:\/\/institutfrancais.sk\/fr\/la-francophonie-chez-toi-tv5monde\/#breadcrumb\"},\"inLanguage\":\"fr-FR\",\"potentialAction\":[{\"@type\":\"ReadAction\",\"target\":[\"https:\/\/institutfrancais.sk\/fr\/la-francophonie-chez-toi-tv5monde\/\"]}]},{\"@type\":\"ImageObject\",\"inLanguage\":\"fr-FR\",\"@id\":\"https:\/\/institutfrancais.sk\/fr\/la-francophonie-chez-toi-tv5monde\/#primaryimage\",\"url\":\"https:\/\/institutfrancais.sk\/wp-content\/uploads\/2020\/04\/unnamed.png\",\"contentUrl\":\"https:\/\/institutfrancais.sk\/wp-content\/uploads\/2020\/04\/unnamed.png\",\"width\":512,\"height\":299},{\"@type\":\"BreadcrumbList\",\"@id\":\"https:\/\/institutfrancais.sk\/fr\/la-francophonie-chez-toi-tv5monde\/#breadcrumb\",\"itemListElement\":[{\"@type\":\"ListItem\",\"position\":1,\"name\":\"Home\",\"item\":\"https:\/\/institutfrancais.sk\/fr\/\"},{\"@type\":\"ListItem\",\"position\":2,\"name\":\"La francophonie chez toi\"}]},{\"@type\":\"WebSite\",\"@id\":\"https:\/\/institutfrancais.sk\/fr\/#website\",\"url\":\"https:\/\/institutfrancais.sk\/fr\/\",\"name\":\"Franc\u00fazsky in\u0161tit\u00fat na Slovensku\",\"description\":\"Franc\u00fazsky in\u0161tit\u00fat na Slovensku\",\"potentialAction\":[{\"@type\":\"SearchAction\",\"target\":{\"@type\":\"EntryPoint\",\"urlTemplate\":\"https:\/\/institutfrancais.sk\/fr\/?s={search_term_string}\"},\"query-input\":{\"@type\":\"PropertyValueSpecification\",\"valueRequired\":true,\"valueName\":\"search_term_string\"}}],\"inLanguage\":\"fr-FR\"},{\"@type\":\"Person\",\"@id\":\"https:\/\/institutfrancais.sk\/fr\/#\/schema\/person\/38abf1b8c029535fe5735e69e3aa8ad8\",\"name\":\"Silvia Litva Polak\",\"sameAs\":[\"http:\/\/www.institutfrancais.sk\"],\"url\":\"https:\/\/institutfrancais.sk\/fr\/author\/silvia\/\"}]}<\/script>\n<!-- \/ Yoast SEO plugin. -->","yoast_head_json":{"title":"La francophonie chez toi - Franc\u00fazsky in\u0161tit\u00fat na Slovensku","description":"\"La francophonie chez toi\" pr\u00e9sente les plus belles initiatives pour faire vivre la langue fran\u00e7aise sur le num\u00e9rique \u00e0 l'heure du confinement.","robots":{"index":"index","follow":"follow","max-snippet":"max-snippet:-1","max-image-preview":"max-image-preview:large","max-video-preview":"max-video-preview:-1"},"canonical":"https:\/\/institutfrancais.sk\/fr\/la-francophonie-chez-toi-tv5monde\/","og_locale":"fr_FR","og_type":"article","og_title":"La francophonie chez toi - Franc\u00fazsky in\u0161tit\u00fat na Slovensku","og_description":"\"La francophonie chez toi\" pr\u00e9sente les plus belles initiatives pour faire vivre la langue fran\u00e7aise sur le num\u00e9rique \u00e0 l'heure du confinement.","og_url":"https:\/\/institutfrancais.sk\/fr\/la-francophonie-chez-toi-tv5monde\/","og_site_name":"Franc\u00fazsky in\u0161tit\u00fat na Slovensku","article_published_time":"2020-04-27T16:13:57+00:00","article_modified_time":"2020-07-16T10:10:58+00:00","og_image":[{"width":512,"height":299,"url":"https:\/\/institutfrancais.sk\/wp-content\/uploads\/2020\/04\/unnamed.png","type":"image\/png"}],"author":"Silvia Litva Polak","twitter_card":"summary_large_image","twitter_misc":{"\u00c9crit par":"Silvia Litva Polak","Dur\u00e9e de lecture estim\u00e9e":"1 minute"},"schema":{"@context":"https:\/\/schema.org","@graph":[{"@type":"WebPage","@id":"https:\/\/institutfrancais.sk\/fr\/la-francophonie-chez-toi-tv5monde\/","url":"https:\/\/institutfrancais.sk\/fr\/la-francophonie-chez-toi-tv5monde\/","name":"La francophonie chez toi - Franc\u00fazsky in\u0161tit\u00fat na Slovensku","isPartOf":{"@id":"https:\/\/institutfrancais.sk\/fr\/#website"},"primaryImageOfPage":{"@id":"https:\/\/institutfrancais.sk\/fr\/la-francophonie-chez-toi-tv5monde\/#primaryimage"},"image":{"@id":"https:\/\/institutfrancais.sk\/fr\/la-francophonie-chez-toi-tv5monde\/#primaryimage"},"thumbnailUrl":"https:\/\/institutfrancais.sk\/wp-content\/uploads\/2020\/04\/unnamed.png","datePublished":"2020-04-27T16:13:57+00:00","dateModified":"2020-07-16T10:10:58+00:00","author":{"@id":"https:\/\/institutfrancais.sk\/fr\/#\/schema\/person\/38abf1b8c029535fe5735e69e3aa8ad8"},"description":"\"La francophonie chez toi\" pr\u00e9sente les plus belles initiatives pour faire vivre la langue fran\u00e7aise sur le num\u00e9rique \u00e0 l'heure du confinement.","breadcrumb":{"@id":"https:\/\/institutfrancais.sk\/fr\/la-francophonie-chez-toi-tv5monde\/#breadcrumb"},"inLanguage":"fr-FR","potentialAction":[{"@type":"ReadAction","target":["https:\/\/institutfrancais.sk\/fr\/la-francophonie-chez-toi-tv5monde\/"]}]},{"@type":"ImageObject","inLanguage":"fr-FR","@id":"https:\/\/institutfrancais.sk\/fr\/la-francophonie-chez-toi-tv5monde\/#primaryimage","url":"https:\/\/institutfrancais.sk\/wp-content\/uploads\/2020\/04\/unnamed.png","contentUrl":"https:\/\/institutfrancais.sk\/wp-content\/uploads\/2020\/04\/unnamed.png","width":512,"height":299},{"@type":"BreadcrumbList","@id":"https:\/\/institutfrancais.sk\/fr\/la-francophonie-chez-toi-tv5monde\/#breadcrumb","itemListElement":[{"@type":"ListItem","position":1,"name":"Home","item":"https:\/\/institutfrancais.sk\/fr\/"},{"@type":"ListItem","position":2,"name":"La francophonie chez toi"}]},{"@type":"WebSite","@id":"https:\/\/institutfrancais.sk\/fr\/#website","url":"https:\/\/institutfrancais.sk\/fr\/","name":"Franc\u00fazsky in\u0161tit\u00fat na Slovensku","description":"Franc\u00fazsky in\u0161tit\u00fat na Slovensku","potentialAction":[{"@type":"SearchAction","target":{"@type":"EntryPoint","urlTemplate":"https:\/\/institutfrancais.sk\/fr\/?s={search_term_string}"},"query-input":{"@type":"PropertyValueSpecification","valueRequired":true,"valueName":"search_term_string"}}],"inLanguage":"fr-FR"},{"@type":"Person","@id":"https:\/\/institutfrancais.sk\/fr\/#\/schema\/person\/38abf1b8c029535fe5735e69e3aa8ad8","name":"Silvia Litva Polak","sameAs":["http:\/\/www.institutfrancais.sk"],"url":"https:\/\/institutfrancais.sk\/fr\/author\/silvia\/"}]}},"_links":{"self":[{"href":"https:\/\/institutfrancais.sk\/fr\/wp-json\/wp\/v2\/posts\/9529"}],"collection":[{"href":"https:\/\/institutfrancais.sk\/fr\/wp-json\/wp\/v2\/posts"}],"about":[{"href":"https:\/\/institutfrancais.sk\/fr\/wp-json\/wp\/v2\/types\/post"}],"author":[{"embeddable":true,"href":"https:\/\/institutfrancais.sk\/fr\/wp-json\/wp\/v2\/users\/14"}],"replies":[{"embeddable":true,"href":"https:\/\/institutfrancais.sk\/fr\/wp-json\/wp\/v2\/comments?post=9529"}],"version-history":[{"count":0,"href":"https:\/\/institutfrancais.sk\/fr\/wp-json\/wp\/v2\/posts\/9529\/revisions"}],"wp:featuredmedia":[{"embeddable":true,"href":"https:\/\/institutfrancais.sk\/fr\/wp-json\/wp\/v2\/media\/9530"}],"wp:attachment":[{"href":"https:\/\/institutfrancais.sk\/fr\/wp-json\/wp\/v2\/media?parent=9529"}],"wp:term":[{"taxonomy":"category","embeddable":true,"href":"https:\/\/institutfrancais.sk\/fr\/wp-json\/wp\/v2\/categories?post=9529"},{"taxonomy":"post_tag","embeddable":true,"href":"https:\/\/institutfrancais.sk\/fr\/wp-json\/wp\/v2\/tags?post=9529"}],"curies":[{"name":"wp","href":"https:\/\/api.w.org\/{rel}","templated":true}]}}